{"id":9797,"date":"2018-12-09T19:16:16","date_gmt":"2018-12-09T18:16:16","guid":{"rendered":"https:\/\/clubourenseatletismo.es\/blog\/?p=9797"},"modified":"2018-12-13T18:14:25","modified_gmt":"2018-12-13T17:14:25","slug":"i-liga-individual-de-lanzamentos-longos","status":"publish","type":"post","link":"https:\/\/clubourenseatletismo.es\/blog\/2018\/12\/09\/i-liga-individual-de-lanzamentos-longos\/","title":{"rendered":"I Liga Individual de Lanzamentos Longos"},"content":{"rendered":"<div><img loading=\"lazy\" decoding=\"async\" class=\"alignleft wp-image-9798\" src=\"https:\/\/clubourenseatletismo.es\/blog\/wp-content\/uploads\/2018\/12\/cartellanzamentos-724x1024.jpg\" alt=\"\" width=\"160\" height=\"226\" srcset=\"https:\/\/clubourenseatletismo.es\/blog\/wp-content\/uploads\/2018\/12\/cartellanzamentos-724x1024.jpg 724w, https:\/\/clubourenseatletismo.es\/blog\/wp-content\/uploads\/2018\/12\/cartellanzamentos-212x300.jpg 212w, https:\/\/clubourenseatletismo.es\/blog\/wp-content\/uploads\/2018\/12\/cartellanzamentos-768x1086.jpg 768w, https:\/\/clubourenseatletismo.es\/blog\/wp-content\/uploads\/2018\/12\/cartellanzamentos.jpg 1131w\" sizes=\"auto, (max-width: 160px) 100vw, 160px\" \/>El concello de Cangas en colaboraci\u00f3n con la Federaci\u00f3n Gallega de Atletismo y organizados por los clubs : Atletica A Silva-Millarario, Atletismo Santiago y Atletismo Celta van a desarrollar en ocho jornadas la 1\u00aa Liga Individual de Lanzamientos Largos.<\/div>\n<div>Podr\u00e1n participar todos l@s atletas Federad@s, desde Sub 14 a M\u00e1ster. Las inscripciones se har\u00e1n a trav\u00e9s de la plataforma de la RFEA y a la hora de puntuar se tomaran las 3 mejores jornadas de cada atleta. Las competiciones se van a desarrollar en las pistas municipales de Cangas (como m\u00ednimo,las 3 primeras) en jornada de ma\u00f1ana , siendo en las siguientes fechas:<\/div>\n<p style=\"text-align: center;\">1\u00aa JORNADA:16 diciembre 2018<\/p>\n<p style=\"text-align: center;\">2\u00aa JORNADA:19 enero 2019<\/p>\n<p style=\"text-align: center;\">3\u00aa JORNADA:9 febrero 2019 (pudiendo pasar al 16 , si se celebra el gallego de lanz largos el d\u00eda 9)<\/p>\n<p style=\"text-align: center;\">4\u00baJORNADA: Marzo, seg\u00fan calendario.<\/p>\n<p style=\"text-align: center;\">5\u00aa JORNADA: Abril, seg\u00fan calendario.<\/p>\n<p style=\"text-align: center;\">6\u00aa JORNADA: Mayo, seg\u00fan calendario.<\/p>\n<p style=\"text-align: center;\">7\u00aa JORNADA: Junio, seg\u00fan calendario.<\/p>\n<p style=\"text-align: center;\">8\u00aa JORNADA: Julio, seg\u00fan calendario.<\/p>\n<div>&nbsp;<\/div>\n<div style=\"text-align: center;\"><a class=\"fasc-button fasc-size-medium fasc-type-glossy fasc-rounded-medium fasc-ico-before dashicons-format-aside\" style=\"background-color: #218562; color: #ffffff;\" target=\"_blank\" rel=\"noopener\" href=\"https:\/\/atletismo.gal\/wp-content\/uploads\/2018\/12\/hcangas161218.pdf\">Horario<\/a>&nbsp; <a class=\"fasc-button fasc-size-medium fasc-type-glossy fasc-rounded-medium fasc-ico-before dashicons-groups\" style=\"background-color: #324994; color: #ffffff;\" target=\"_blank\" href=\"https:\/\/atletismo.gal\/wp-content\/uploads\/2018\/12\/inscangas161218.pdf\">Inscritos<\/a><\/div>\n<div>&nbsp;<\/div>\n","protected":false},"excerpt":{"rendered":"<p>El concello de Cangas en colaboraci\u00f3n con la Federaci\u00f3n Gallega de Atletismo y organizados por los clubs : Atletica A Silva-Millarario, Atletismo Santiago y Atletismo Celta van a desarrollar en ocho jornadas la 1\u00aa Liga Individual de Lanzamientos Largos. Podr\u00e1n participar todos l@s atletas Federad@s,&#8230;<\/p>\n","protected":false},"author":1,"featured_media":0,"comment_status":"closed","ping_status":"closed","sticky":false,"template":"","format":"standard","meta":{"footnotes":""},"categories":[7],"tags":[],"class_list":["post-9797","post","type-post","status-publish","format-standard","hentry","category-noticias"],"aioseo_notices":[],"_links":{"self":[{"href":"https:\/\/clubourenseatletismo.es\/blog\/wp-json\/wp\/v2\/posts\/9797","targetHints":{"allow":["GET"]}}],"collection":[{"href":"https:\/\/clubourenseatletismo.es\/blog\/wp-json\/wp\/v2\/posts"}],"about":[{"href":"https:\/\/clubourenseatletismo.es\/blog\/wp-json\/wp\/v2\/types\/post"}],"author":[{"embeddable":true,"href":"https:\/\/clubourenseatletismo.es\/blog\/wp-json\/wp\/v2\/users\/1"}],"replies":[{"embeddable":true,"href":"https:\/\/clubourenseatletismo.es\/blog\/wp-json\/wp\/v2\/comments?post=9797"}],"version-history":[{"count":5,"href":"https:\/\/clubourenseatletismo.es\/blog\/wp-json\/wp\/v2\/posts\/9797\/revisions"}],"predecessor-version":[{"id":9838,"href":"https:\/\/clubourenseatletismo.es\/blog\/wp-json\/wp\/v2\/posts\/9797\/revisions\/9838"}],"wp:attachment":[{"href":"https:\/\/clubourenseatletismo.es\/blog\/wp-json\/wp\/v2\/media?parent=9797"}],"wp:term":[{"taxonomy":"category","embeddable":true,"href":"https:\/\/clubourenseatletismo.es\/blog\/wp-json\/wp\/v2\/categories?post=9797"},{"taxonomy":"post_tag","embeddable":true,"href":"https:\/\/clubourenseatletismo.es\/blog\/wp-json\/wp\/v2\/tags?post=9797"}],"curies":[{"name":"wp","href":"https:\/\/api.w.org\/{rel}","templated":true}]}}