{"id":9368,"date":"2018-09-10T11:54:31","date_gmt":"2018-09-10T09:54:31","guid":{"rendered":"https:\/\/clubourenseatletismo.es\/blog\/?p=9368"},"modified":"2018-09-10T11:54:31","modified_gmt":"2018-09-10T09:54:31","slug":"probas-destacadas","status":"publish","type":"post","link":"https:\/\/clubourenseatletismo.es\/blog\/2018\/09\/10\/probas-destacadas\/","title":{"rendered":"Probas destacadas."},"content":{"rendered":"<div><img loading=\"lazy\" decoding=\"async\" class=\"alignleft wp-image-9369\" src=\"https:\/\/clubourenseatletismo.es\/blog\/wp-content\/uploads\/2018\/09\/barco.jpg\" alt=\"\" width=\"140\" height=\"198\">O Concello de O Barco de Valdeorras, coa colaboraci\u00f3n do club Adas-Proinor de O Barco, a Federaci\u00f3n Galega de Atletismo e a Delegaci\u00f3n da F.G.A en Valdeorras, organizan a XXXII\u00aa Milla Urbana Festas do Cristo, de categor\u00eda nacional nas probas Absolutas Femenina e Masculina, as demais categor\u00edas ser\u00e1 do calendario auton\u00f3mico, o vindeiro d\u00eda 16 de setembro a partir das 18:00 h. no circu\u00edto do Paseo do Malec\u00f3n de O Barco. As inscrici\u00f3ns deber\u00e1n estar no poder da organizaci\u00f3n antes do d\u00eda 13 de Setembro.<\/div>\n<div>&nbsp;<\/div>\n<div style=\"text-align: center;\"><a class=\"fasc-button fasc-size-medium fasc-type-glossy fasc-rounded-medium fasc-ico-before dashicons-groups\" style=\"background-color: #324994; color: #ffffff;\" target=\"_blank\" rel=\"noopener\" href=\"https:\/\/carreirasgalegas.com\/carreira\/xxxii-milla-urbana-festas-do-cristo\/8ec594df-1284-e049-9d0e-39e2ec7a73e8\">Inscripciones<\/a>&nbsp; <a class=\"fasc-button fasc-size-medium fasc-type-glossy fasc-rounded-medium fasc-ico-before dashicons-format-aside\" style=\"background-color: #218562; color: #ffffff;\" target=\"_blank\" rel=\"noopener\" href=\"https:\/\/carreirasgalegas.blob.core.windows.net\/docs\/e091bda9-0b8e-4cea-815a-39e8a761df8e-REGULAMENTO%20MILLA%202018.pdf\">Reglamento<\/a><\/div>\n<div>&nbsp;<\/div>\n<div>&nbsp;<\/div>\n<div>&nbsp;<\/div>\n<div><img loading=\"lazy\" decoding=\"async\" class=\"alignleft wp-image-9370\" src=\"https:\/\/clubourenseatletismo.es\/blog\/wp-content\/uploads\/2018\/09\/san.jpg\" alt=\"\" width=\"127\" height=\"180\">VII edici\u00f3n do Circu\u00edto de Carreiras Saudables Corre San2018, un programa de carreiras organizadas pola Federaci\u00f3n Galega de Atletismo e patrocinadas polo Concello de Santiago de Compostela a trav\u00e9s do seu departamento de deportes. Este circu\u00edto entra dentro do labor de concienciaci\u00f3n sobre os beneficios que a actividade f\u00edsica regular provoca na mellora da calidade de vida dos nosos cidad\u00e1ns.<\/div>\n<div>A participaci\u00f3n poder\u00e1 ser individual ou formando parte de equipos, tanto federados como populares. Os escolares poder\u00e1n a maiores formar grupos por centros escolares. A s\u00e9tima edici\u00f3n do circu\u00edto de carreiras CorreSAN constar\u00e1 de 4 probas que se disputar\u00e1n nos meses de setembro,outubro, novembro e decembro. En cada proba haber\u00e1 un percorrido para escolares das categor\u00edas Sub 10 e Sub 12, un percorrido para as categor\u00edas Sub 14 e Sub 16,e outro para adultos a partir da categor\u00eda Sub 18 .<\/div>\n<div>As probas comezar\u00e1n de xeito habitual polas probas de escolares e rematar\u00e1n coa disputa da proba de adultos. Os horarios e circu\u00edtos das carreiras ser\u00e1n comunicados na semana anterior \u00e1 disputa das mesmas nas p\u00e1xinas web www.carreirasgalegas.com e www.corresan.com. Todas as probas estar\u00e1n baixo o control t\u00e9cnico do Comit\u00e9 Galego de Xu\u00edces daFederaci\u00f3n Galega de Atletismo e empregar\u00e1n o sistema de chip-dorsal que deber\u00e1 conservarse durante o transcurso do circu\u00edto para os atletas que se inscriban nas 4 probas na modalidade de circu\u00edto.<\/div>\n<div>A inscrici\u00f3n xeral no circuito CorreSan (4 probas) abrir\u00e1 o martes 31 de xullo e pecharase o m\u00e9rcores 12 de setembro \u00e1s 14 horas. Abrirase un 2\u00ba prazo antes da carreira Corre San Ruta da Prata-Angrois.<\/div>\n<div>&nbsp;<\/div>\n<div style=\"text-align: center;\"><a class=\"fasc-button fasc-size-medium fasc-type-glossy fasc-rounded-medium fasc-ico-before dashicons-format-aside\" style=\"background-color: #218562; color: #ffffff;\" target=\"_blank\" rel=\"noopener\" href=\"https:\/\/carreirasgalegas.blob.core.windows.net\/docs\/77f04ec7-12e8-4812-25b0-39e8040f5894-Reglamento%20VII%20Circuito%20de%20Carreiras%20Saudables%20-%20CorreSan%202018%20DOC.pdf\">Reglamento<\/a> <a class=\"fasc-button fasc-size-medium fasc-type-glossy fasc-rounded-medium fasc-ico-before dashicons-groups\" style=\"background-color: #324994; color: #ffffff;\" target=\"_blank\" rel=\"noopener\" href=\"https:\/\/www.carreirasgalegas.com\/carreira\/vii-corresan-nocturna-cidade-vella\/55072526-72b1-b2a2-fc2c-39e7febd8fcb\">Inscripciones<\/a><\/div>\n<div>&nbsp;<\/div>\n","protected":false},"excerpt":{"rendered":"<p>O Concello de O Barco de Valdeorras, coa colaboraci\u00f3n do club Adas-Proinor de O Barco, a Federaci\u00f3n Galega de Atletismo e a Delegaci\u00f3n da F.G.A en Valdeorras, organizan a XXXII\u00aa Milla Urbana Festas do Cristo, de categor\u00eda nacional nas probas Absolutas Femenina e Masculina, as&#8230;<\/p>\n","protected":false},"author":1,"featured_media":0,"comment_status":"closed","ping_status":"closed","sticky":false,"template":"","format":"standard","meta":{"footnotes":""},"categories":[7],"tags":[],"class_list":["post-9368","post","type-post","status-publish","format-standard","hentry","category-noticias"],"aioseo_notices":[],"_links":{"self":[{"href":"https:\/\/clubourenseatletismo.es\/blog\/wp-json\/wp\/v2\/posts\/9368","targetHints":{"allow":["GET"]}}],"collection":[{"href":"https:\/\/clubourenseatletismo.es\/blog\/wp-json\/wp\/v2\/posts"}],"about":[{"href":"https:\/\/clubourenseatletismo.es\/blog\/wp-json\/wp\/v2\/types\/post"}],"author":[{"embeddable":true,"href":"https:\/\/clubourenseatletismo.es\/blog\/wp-json\/wp\/v2\/users\/1"}],"replies":[{"embeddable":true,"href":"https:\/\/clubourenseatletismo.es\/blog\/wp-json\/wp\/v2\/comments?post=9368"}],"version-history":[{"count":4,"href":"https:\/\/clubourenseatletismo.es\/blog\/wp-json\/wp\/v2\/posts\/9368\/revisions"}],"predecessor-version":[{"id":9374,"href":"https:\/\/clubourenseatletismo.es\/blog\/wp-json\/wp\/v2\/posts\/9368\/revisions\/9374"}],"wp:attachment":[{"href":"https:\/\/clubourenseatletismo.es\/blog\/wp-json\/wp\/v2\/media?parent=9368"}],"wp:term":[{"taxonomy":"category","embeddable":true,"href":"https:\/\/clubourenseatletismo.es\/blog\/wp-json\/wp\/v2\/categories?post=9368"},{"taxonomy":"post_tag","embeddable":true,"href":"https:\/\/clubourenseatletismo.es\/blog\/wp-json\/wp\/v2\/tags?post=9368"}],"curies":[{"name":"wp","href":"https:\/\/api.w.org\/{rel}","templated":true}]}}