{"id":9362,"date":"2018-09-07T11:40:05","date_gmt":"2018-09-07T09:40:05","guid":{"rendered":"https:\/\/clubourenseatletismo.es\/blog\/?p=9362"},"modified":"2018-09-07T11:40:05","modified_gmt":"2018-09-07T09:40:05","slug":"ix-campionato-de-galicia-dos-5-km","status":"publish","type":"post","link":"https:\/\/clubourenseatletismo.es\/blog\/2018\/09\/07\/ix-campionato-de-galicia-dos-5-km\/","title":{"rendered":"IX Campionato de Galicia dos 5 km."},"content":{"rendered":"<div class=\"rtejustify\"><img loading=\"lazy\" decoding=\"async\" class=\"size-full wp-image-9363 aligncenter\" src=\"https:\/\/clubourenseatletismo.es\/blog\/wp-content\/uploads\/2018\/09\/P1010816.jpg\" alt=\"\" width=\"333\" height=\"250\" srcset=\"https:\/\/clubourenseatletismo.es\/blog\/wp-content\/uploads\/2018\/09\/P1010816.jpg 333w, https:\/\/clubourenseatletismo.es\/blog\/wp-content\/uploads\/2018\/09\/P1010816-300x225.jpg 300w\" sizes=\"auto, (max-width: 333px) 100vw, 333px\" \/><\/div>\n<div>&nbsp;<\/div>\n<div class=\"rtejustify\">A actividade atl\u00e9tica na nosa comunidade logo de tomar folgos no mes de agosto, retoma o \u00faltimo treito desta tempada.<\/div>\n<div class=\"rtejustify\">Nesta l\u00ednea aconteceu o domingo d\u00eda 2 no Concello de Vimianzo, o IX Campionato de Galicia dos 5 km. que contou cun importante n\u00famero de atletas inscritos.<\/div>\n<div class=\"rtejustify\">As distintas saidas e chegadas das probas dar\u00edanse na r\u00faa Ant\u00f3n V\u00e1zquez Mouzo a partir das 10.00 horas estando previsto que as distintas premiaci\u00f3ns se efect\u00faen as 11.30 horas na praza do Concello.<\/div>\n<div>O noso \u00fanico representante nesta competici\u00f3n ser\u00eda o senior Tom\u00e1s Fraiz&nbsp; 65\u00ba cun rexistro de 18:48.<\/div>\n<div>&nbsp;<\/div>\n<div style=\"text-align: center;\"><a class=\"fasc-button fasc-size-medium fasc-type-glossy fasc-rounded-medium ico-fa fasc-ico-before fa-trophy\" style=\"background-color: #e66903; color: #ffffff;\" target=\"_blank\" rel=\"noopener\" href=\"https:\/\/atletismo.gal\/wp-content\/uploads\/2018\/03\/Clasificaci%C3%B3n-CARREIRA-POPULAR-CONCELLO-DE-VIMIANZO.-CTO-2018.pdf\">Resultados<\/a><\/div>\n","protected":false},"excerpt":{"rendered":"<p>&nbsp; A actividade atl\u00e9tica na nosa comunidade logo de tomar folgos no mes de agosto, retoma o \u00faltimo treito desta tempada. Nesta l\u00ednea aconteceu o domingo d\u00eda 2 no Concello de Vimianzo, o IX Campionato de Galicia dos 5 km. que contou cun importante n\u00famero&#8230;<\/p>\n","protected":false},"author":1,"featured_media":0,"comment_status":"closed","ping_status":"closed","sticky":false,"template":"","format":"standard","meta":{"footnotes":""},"categories":[7],"tags":[],"class_list":["post-9362","post","type-post","status-publish","format-standard","hentry","category-noticias"],"aioseo_notices":[],"_links":{"self":[{"href":"https:\/\/clubourenseatletismo.es\/blog\/wp-json\/wp\/v2\/posts\/9362","targetHints":{"allow":["GET"]}}],"collection":[{"href":"https:\/\/clubourenseatletismo.es\/blog\/wp-json\/wp\/v2\/posts"}],"about":[{"href":"https:\/\/clubourenseatletismo.es\/blog\/wp-json\/wp\/v2\/types\/post"}],"author":[{"embeddable":true,"href":"https:\/\/clubourenseatletismo.es\/blog\/wp-json\/wp\/v2\/users\/1"}],"replies":[{"embeddable":true,"href":"https:\/\/clubourenseatletismo.es\/blog\/wp-json\/wp\/v2\/comments?post=9362"}],"version-history":[{"count":4,"href":"https:\/\/clubourenseatletismo.es\/blog\/wp-json\/wp\/v2\/posts\/9362\/revisions"}],"predecessor-version":[{"id":9367,"href":"https:\/\/clubourenseatletismo.es\/blog\/wp-json\/wp\/v2\/posts\/9362\/revisions\/9367"}],"wp:attachment":[{"href":"https:\/\/clubourenseatletismo.es\/blog\/wp-json\/wp\/v2\/media?parent=9362"}],"wp:term":[{"taxonomy":"category","embeddable":true,"href":"https:\/\/clubourenseatletismo.es\/blog\/wp-json\/wp\/v2\/categories?post=9362"},{"taxonomy":"post_tag","embeddable":true,"href":"https:\/\/clubourenseatletismo.es\/blog\/wp-json\/wp\/v2\/tags?post=9362"}],"curies":[{"name":"wp","href":"https:\/\/api.w.org\/{rel}","templated":true}]}}