{"id":9352,"date":"2018-09-03T14:02:05","date_gmt":"2018-09-03T12:02:05","guid":{"rendered":"https:\/\/clubourenseatletismo.es\/blog\/?p=9352"},"modified":"2018-09-03T14:02:05","modified_gmt":"2018-09-03T12:02:05","slug":"iii-trail-celanova","status":"publish","type":"post","link":"https:\/\/clubourenseatletismo.es\/blog\/2018\/09\/03\/iii-trail-celanova\/","title":{"rendered":"III Trail Celanova."},"content":{"rendered":"<div><img loading=\"lazy\" decoding=\"async\" class=\"alignleft wp-image-9353\" src=\"https:\/\/clubourenseatletismo.es\/blog\/wp-content\/uploads\/2018\/09\/cartel-5b4ddb0fb050b7.06559745-693x1024.jpg\" alt=\"\" width=\"128\" height=\"189\" srcset=\"https:\/\/clubourenseatletismo.es\/blog\/wp-content\/uploads\/2018\/09\/cartel-5b4ddb0fb050b7.06559745.jpg 693w, https:\/\/clubourenseatletismo.es\/blog\/wp-content\/uploads\/2018\/09\/cartel-5b4ddb0fb050b7.06559745-203x300.jpg 203w\" sizes=\"auto, (max-width: 128px) 100vw, 128px\" \/>La \u201cIII TRAIL E ANDAINA DE CELANOVA\u201d, es un evento deportivo, que se llevar\u00e1 a cabo en el Ayuntamiento de Celanova el d\u00eda 09 de Septiembre, (Domingo).&nbsp; Este evento deportivo constitu\u00eddo por una carrera de Trail con dos modalidades: 1\u00aa Carrera larga de unos de 21 kms aproximadamente y la misma distancia por relevos de dos personas, corriendo la primera parte unos 9 kms aproximadamente el primer corredor y unos 12 kms el segundo y entregando el relevo en \u201cchip o testigo\u201d en el \u00e1rea recreativa del Puente Grande al segundo corredor. Paralelamente habr\u00e1 una ANDAINA con dos distancias una corta de unos 12 kms y otra larga de 21 kms siendo coincidente \u00e9sta&nbsp; con la Trail larga.<\/div>\n<div>&nbsp;<\/div>\n<div>Las inscripciones se realizaran de dos formas:-On Line a trav\u00e9s de Champiom Chip (www.championchipnorte.com).<\/div>\n<div>Deportes y armer\u00eda Nu\u00f1ez Enriquez \u2013CELANOVA Tfno 988432020<\/div>\n<div>Tienda de Deportes Pung\u00edn Sport \u2013CELANOVA- Tlfn 988431233<\/div>\n<div>Tienda RUN MANIAK en avenida de Buenos Aires 17 Ourense Tfn 988613503<\/div>\n<div>&nbsp;<\/div>\n<div>(FECHA L\u00cdMITE PARA INSCRIPCIONES EL JUEVES D\u00cdA 6 DE SEPTIEMBRE).<\/div>\n<div>&nbsp;<\/div>\n<div style=\"text-align: center;\"><a class=\"fasc-button fasc-size-medium fasc-type-glossy fasc-rounded-medium fasc-ico-before dashicons-groups\" style=\"background-color: #324994; color: #ffffff;\" target=\"_blank\" rel=\"noopener\" href=\"https:\/\/championchipnorte.com\/evento\/inscribirme\/id\/1552\/iii-trail-y-andaina-de-celanova\">Inscripciones<\/a>&nbsp; <a class=\"fasc-button fasc-size-medium fasc-type-glossy fasc-rounded-medium fasc-ico-before dashicons-format-aside\" style=\"background-color: #218562; color: #ffffff;\" target=\"_blank\" rel=\"noopener\" href=\"https:\/\/championchipnorte.com\/uploads\/eventos\/reglamento-5b4ddb19ccbe93.87990559.pdf\">Reglamento<\/a><\/div>\n<div>&nbsp;<\/div>\n<div>&nbsp;<\/div>\n<div>&nbsp;<\/div>\n<div>&nbsp;<\/div>\n","protected":false},"excerpt":{"rendered":"<p>La \u201cIII TRAIL E ANDAINA DE CELANOVA\u201d, es un evento deportivo, que se llevar\u00e1 a cabo en el Ayuntamiento de Celanova el d\u00eda 09 de Septiembre, (Domingo).&nbsp; Este evento deportivo constitu\u00eddo por una carrera de Trail con dos modalidades: 1\u00aa Carrera larga de unos de&#8230;<\/p>\n","protected":false},"author":1,"featured_media":0,"comment_status":"closed","ping_status":"closed","sticky":false,"template":"","format":"standard","meta":{"footnotes":""},"categories":[7],"tags":[],"class_list":["post-9352","post","type-post","status-publish","format-standard","hentry","category-noticias"],"aioseo_notices":[],"_links":{"self":[{"href":"https:\/\/clubourenseatletismo.es\/blog\/wp-json\/wp\/v2\/posts\/9352","targetHints":{"allow":["GET"]}}],"collection":[{"href":"https:\/\/clubourenseatletismo.es\/blog\/wp-json\/wp\/v2\/posts"}],"about":[{"href":"https:\/\/clubourenseatletismo.es\/blog\/wp-json\/wp\/v2\/types\/post"}],"author":[{"embeddable":true,"href":"https:\/\/clubourenseatletismo.es\/blog\/wp-json\/wp\/v2\/users\/1"}],"replies":[{"embeddable":true,"href":"https:\/\/clubourenseatletismo.es\/blog\/wp-json\/wp\/v2\/comments?post=9352"}],"version-history":[{"count":3,"href":"https:\/\/clubourenseatletismo.es\/blog\/wp-json\/wp\/v2\/posts\/9352\/revisions"}],"predecessor-version":[{"id":9356,"href":"https:\/\/clubourenseatletismo.es\/blog\/wp-json\/wp\/v2\/posts\/9352\/revisions\/9356"}],"wp:attachment":[{"href":"https:\/\/clubourenseatletismo.es\/blog\/wp-json\/wp\/v2\/media?parent=9352"}],"wp:term":[{"taxonomy":"category","embeddable":true,"href":"https:\/\/clubourenseatletismo.es\/blog\/wp-json\/wp\/v2\/categories?post=9352"},{"taxonomy":"post_tag","embeddable":true,"href":"https:\/\/clubourenseatletismo.es\/blog\/wp-json\/wp\/v2\/tags?post=9352"}],"curies":[{"name":"wp","href":"https:\/\/api.w.org\/{rel}","templated":true}]}}