{"id":9069,"date":"2018-06-17T22:03:16","date_gmt":"2018-06-17T20:03:16","guid":{"rendered":"https:\/\/clubourenseatletismo.es\/blog\/?p=9069"},"modified":"2018-06-18T11:00:28","modified_gmt":"2018-06-18T09:00:28","slug":"milla-solidaria","status":"publish","type":"post","link":"https:\/\/clubourenseatletismo.es\/blog\/2018\/06\/17\/milla-solidaria\/","title":{"rendered":"Milla Solidaria"},"content":{"rendered":"<div id=\"attachment_9077\" style=\"width: 527px\" class=\"wp-caption aligncenter\"><img loading=\"lazy\" decoding=\"async\" aria-describedby=\"caption-attachment-9077\" class=\" wp-image-9077\" src=\"https:\/\/clubourenseatletismo.es\/blog\/wp-content\/uploads\/2018\/06\/milla-1024x683.jpg\" alt=\"\" width=\"517\" height=\"345\" srcset=\"https:\/\/clubourenseatletismo.es\/blog\/wp-content\/uploads\/2018\/06\/milla-1024x683.jpg 1024w, https:\/\/clubourenseatletismo.es\/blog\/wp-content\/uploads\/2018\/06\/milla-300x200.jpg 300w, https:\/\/clubourenseatletismo.es\/blog\/wp-content\/uploads\/2018\/06\/milla-768x512.jpg 768w, https:\/\/clubourenseatletismo.es\/blog\/wp-content\/uploads\/2018\/06\/milla.jpg 1200w\" sizes=\"auto, (max-width: 517px) 100vw, 517px\" \/><p id=\"caption-attachment-9077\" class=\"wp-caption-text\">Foto Tito Picouto<\/p><\/div>\n<p class=\"lead\">Outra das citas da xornada era unha carreira popular pedestre que se disputaba en Ourense este domingo, 17 de xu\u00f1o, na r\u00faa do Paseo, sobre un circuito homologado e no que hab\u00eda que completar a distancia dunha milla (1.609,34 m.);con distancias adaptadas as idades dos participantes. Tr\u00e1tabase dunha iniciativa solidaria, todolos ingresos en concepto de inscrici\u00f3n eran destinados \u00e1 \u00abAsociaci\u00f3n Espa\u00f1ola Contra el C\u00e1ncer\u00bb.<\/p>\n<p class=\"lead\">A \u00abAsociaci\u00f3n Espa\u00f1ola contra el C\u00e1ncer\u00bb \u00e9 unha entidade non lucrativa, co obxectivo de loitar contra o cancro, liderando o esforzo da sociedade espa\u00f1ola para diminu\u00edr o impacto causado por esta enfermidade e mellorar a vida das persoas.<\/p>\n<p>No Cuarto de Milla, carreira para os m\u00e1is pequenos destacar a Miguel Carbajales ga\u00f1ador da proba, as\u00ed como a participaci\u00f3n de Marti\u00f1o Ruano 1\u00ba sub10 a su irm\u00e1 Aroa Ruano 1\u00aa sub-10 F. e Marta Quiroga 2\u00aa sub-12 F.<\/p>\n<p>Na Media Milla o ga\u00f1ador da proba era \u00c1lvaro D\u00edaz seguido de Kevin Torres 3\u00ba sub-16, os demais integrantes do club foron Mar D\u00edaz 1\u00aa na categor\u00eda femenina e Menc\u00eda Lu\u00eds 2\u00aa.<\/p>\n<p>Na Milla M\u00e1ster B Germ\u00e1n Quiroga era 6\u00ba clasificado cun tempo de 6:20.<\/p>\n<p>Milla M\u00e1ster C-B-A, S\u00e9nior, Sub23, Sub20 feminino destacar a Whitney Rodr\u00edguez que era 5\u00aa cun tempo de 7:07.<\/p>\n<p>Milla S\u00e9nior, Sub23, Sub20 masculino Alejandro Montero cun tempo de 5:17 era 4\u00ba na general e 2\u00ba da s\u00faa categor\u00eda.<\/p>\n<p style=\"text-align: center;\"><a class=\"fasc-button fasc-size-medium fasc-type-glossy fasc-rounded-medium ico-fa fasc-ico-before fa-trophy\" style=\"background-color: #e66903; color: #ffffff;\" target=\"_blank\" rel=\"noopener\" href=\"https:\/\/carreirasgalegas.blob.core.windows.net\/docs\/b90d2a2c-4b96-bc04-47d7-39e71ff572b0-res.pdf\">Resultados<\/a><\/p>\n","protected":false},"excerpt":{"rendered":"<p>Outra das citas da xornada era unha carreira popular pedestre que se disputaba en Ourense este domingo, 17 de xu\u00f1o, na r\u00faa do Paseo, sobre un circuito homologado e no que hab\u00eda que completar a distancia dunha milla (1.609,34 m.);con distancias adaptadas as idades dos&#8230;<\/p>\n","protected":false},"author":1,"featured_media":0,"comment_status":"closed","ping_status":"closed","sticky":false,"template":"","format":"standard","meta":{"footnotes":""},"categories":[9],"tags":[],"class_list":["post-9069","post","type-post","status-publish","format-standard","hentry","category-resultados"],"aioseo_notices":[],"_links":{"self":[{"href":"https:\/\/clubourenseatletismo.es\/blog\/wp-json\/wp\/v2\/posts\/9069","targetHints":{"allow":["GET"]}}],"collection":[{"href":"https:\/\/clubourenseatletismo.es\/blog\/wp-json\/wp\/v2\/posts"}],"about":[{"href":"https:\/\/clubourenseatletismo.es\/blog\/wp-json\/wp\/v2\/types\/post"}],"author":[{"embeddable":true,"href":"https:\/\/clubourenseatletismo.es\/blog\/wp-json\/wp\/v2\/users\/1"}],"replies":[{"embeddable":true,"href":"https:\/\/clubourenseatletismo.es\/blog\/wp-json\/wp\/v2\/comments?post=9069"}],"version-history":[{"count":7,"href":"https:\/\/clubourenseatletismo.es\/blog\/wp-json\/wp\/v2\/posts\/9069\/revisions"}],"predecessor-version":[{"id":9106,"href":"https:\/\/clubourenseatletismo.es\/blog\/wp-json\/wp\/v2\/posts\/9069\/revisions\/9106"}],"wp:attachment":[{"href":"https:\/\/clubourenseatletismo.es\/blog\/wp-json\/wp\/v2\/media?parent=9069"}],"wp:term":[{"taxonomy":"category","embeddable":true,"href":"https:\/\/clubourenseatletismo.es\/blog\/wp-json\/wp\/v2\/categories?post=9069"},{"taxonomy":"post_tag","embeddable":true,"href":"https:\/\/clubourenseatletismo.es\/blog\/wp-json\/wp\/v2\/tags?post=9069"}],"curies":[{"name":"wp","href":"https:\/\/api.w.org\/{rel}","templated":true}]}}