{"id":8602,"date":"2018-05-13T21:50:28","date_gmt":"2018-05-13T19:50:28","guid":{"rendered":"http:\/\/clubourenseatletismo.es\/blog\/?p=8602"},"modified":"2018-05-21T21:27:32","modified_gmt":"2018-05-21T19:27:32","slug":"cuatro-podiums-en-el-gallego-de-clubs","status":"publish","type":"post","link":"https:\/\/clubourenseatletismo.es\/blog\/2018\/05\/13\/cuatro-podiums-en-el-gallego-de-clubs\/","title":{"rendered":"Cuatro Podiums en el Gallego de Clubs."},"content":{"rendered":"<p><a class=\"fasc-button fasc-size-medium fasc-type-glossy fasc-rounded-medium fasc-ico-before dashicons-camera\" style=\"background-color: #33809e; color: #ffffff;\" target=\"_blank\" rel=\"noopener\" href=\"https:\/\/mega.nz\/#F!tnYDmR7Z!AkEAIyMRKJzZA1-rPw0shg\">Fotos 2<\/a><img loading=\"lazy\" decoding=\"async\" class=\"wp-image-8631\" src=\"http:\/\/clubourenseatletismo.es\/blog\/wp-content\/uploads\/2018\/05\/bm-1024x768.jpg\" alt=\"\" width=\"655\" height=\"491\" srcset=\"https:\/\/clubourenseatletismo.es\/blog\/wp-content\/uploads\/2018\/05\/bm-1024x768.jpg 1024w, https:\/\/clubourenseatletismo.es\/blog\/wp-content\/uploads\/2018\/05\/bm-300x225.jpg 300w, https:\/\/clubourenseatletismo.es\/blog\/wp-content\/uploads\/2018\/05\/bm-768x576.jpg 768w, https:\/\/clubourenseatletismo.es\/blog\/wp-content\/uploads\/2018\/05\/bm.jpg 1440w\" sizes=\"auto, (max-width: 655px) 100vw, 655px\" \/><\/p>\n<p>Sin duda una de las citas m\u00e1s importantes para los j\u00f3venes atletas de nuestro club, ser\u00eda el VII Campionato Galego Sub\/10-Sub*12- y Sub\/14 por Equipos. Campeonato marcado por la inclemencias metereologicas que obligar\u00edan a disputar alguna prueba en otro lugar anexo, caso del salto de p\u00e9rtiga.&nbsp;<\/p>\n<p>Con el buen hacer de nuestros atletas fuimos capaces de situarnos en el podium hasta en 4 ocasiones. En los benjamines masculinos fuimos segundos clasificados. En benjamines femeninos seriamos terceros al igual que los alevines masculinos y por \u00faltimo el equipo infantil femenino ser\u00eda primer equipo clasificado. Queremos unirnos a la dedicatoria del \u00e9xito alcanzado en esta cita por los integrantes de nuestro Club en favor de Clara y Nico.&nbsp;<\/p>\n<p><img loading=\"lazy\" decoding=\"async\" class=\"wp-image-8632 aligncenter\" src=\"http:\/\/clubourenseatletismo.es\/blog\/wp-content\/uploads\/2018\/05\/i.f.-1024x768.jpg\" alt=\"\" width=\"654\" height=\"491\" srcset=\"https:\/\/clubourenseatletismo.es\/blog\/wp-content\/uploads\/2018\/05\/i.f.-1024x768.jpg 1024w, https:\/\/clubourenseatletismo.es\/blog\/wp-content\/uploads\/2018\/05\/i.f.-300x225.jpg 300w, https:\/\/clubourenseatletismo.es\/blog\/wp-content\/uploads\/2018\/05\/i.f.-768x576.jpg 768w, https:\/\/clubourenseatletismo.es\/blog\/wp-content\/uploads\/2018\/05\/i.f..jpg 1440w\" sizes=\"auto, (max-width: 654px) 100vw, 654px\" \/><\/p>\n<p>Nuestro club que participaba en la competici\u00f3n en todas las categor\u00edas, convoc\u00f3 a un numeroso elenco de deportistas.<\/p>\n<p>Destacaron:<\/p>\n<p>En los benjamines&nbsp; Hugo Fern\u00e1ndez 2\u00ba en la longitud, Airas V\u00e1zquez en 1 km marcha y Pablo Freire 4\u00ba en el peso 1 kg. En ni\u00f1as ser\u00edan Candela L\u00f3pez 3\u00aa en el peso 1 kg, Zaira Fidalgo 4\u00aa en el salto de altura y longitud. Aloia Sabucedo 3\u00aa en los 1.000 mts, Sheila Varela 4\u00aa en 1 km marcha.<\/p>\n<p>En los alevines Daniel Movila en el salto de altura 1\u00ba, Alejandro Gonz\u00e1lez 4\u00ba en los 500 mts, Miguel Carbajales 2\u00ba en los 1.000 mts, Julia Margusino 1\u00aa en el lanzamiento de pelota 300 grs e Iria Solera 2\u00aa en el salto de altura.<\/p>\n<p>En los Infantiles Pablo Cudeiro ser\u00eda 1\u00ba en las vallas tanto en 80 m.v. como en los&nbsp; 220 m.v. , Javier Malingre 2\u00ba en el salto de pertiga y 4\u00ba en los 2.000 mts, Brais Manso 2\u00ba en los 3.000 mts marcha, Javier Trillo 2\u00ba en los 500 mts y 3\u00ba en los 80 mts. En cuanto a las chicas&nbsp; Manuela Blanco 4\u00aa en el salto de p\u00e9rtiga, Mar D\u00edaz 2\u00aa en los 1.000 Obst\u00e1culos, Menc\u00eda Lu\u00eds 3\u00aa en los 2.000 mts, Sabela M\u00edguez 1\u00aa en los 150 mts, Blanca Pereira 2\u00aa en el lanzamiento de Martillo 2 kg, Mara Ruiz 2\u00aa en los 220 m.v. , Kiara Salgado 3\u00aa en los 80 mts y Anxela Seoane 1\u00aa en los 500 mts.<\/p>\n<p>En la prueba de los relevos fuimos 4\u00ba en el equipo benjam\u00edn masculino. Estaba formado por Airas V\u00e1zquez, Jacobo Cuquejo, Mateo Dibuja y Xian Iglesias. Fuimos 2\u00ba en el alev\u00edn masculino formado por Alejandro Gonz\u00e1lez, Viktor Curr\u00e1s, Fernando Trapote y Adri\u00e1n Garrido. Adem\u00e1s conseguimos ser&nbsp; 3\u00ba en el infantil femenino compuesto por Silvia Ramos, Anxela Seoane, Ana Casqueiro y Manuela Blanco.<\/p>\n<p>Debemos destacar los r\u00e9cords del club batidos, de nuevo la marcha nos depara nuevas alegrias, de tal modo que Airas V\u00e1zquez en la prueba de 1km marcha logr\u00f3 06:23.43 , Sheila Varela en la misma prueba 06:27.33&nbsp; y Brais Manso en los 3 km marcha 17:26.00.<\/p>\n<p>Son nuevos registro los alcanzados por Javier Malingre en los 2.000 mts 07:22.37,&nbsp; en martillo de 2 kg Marcos Sim\u00f3n 12.82 mts y Blanca Pereira 25.23 mts. En lanzamiento de pelota de 300 grs Julia Margusino 29.68 mts.<\/p>\n<p>Es de agradecer la labor encomiable de los entrenadores y del conjunto de atletas que formaron los equipos sin los que estos resultados no ser\u00edan posibles. GRACIAS.<\/p>\n<p><img loading=\"lazy\" decoding=\"async\" class=\"alignleft wp-image-8635\" src=\"http:\/\/clubourenseatletismo.es\/blog\/wp-content\/uploads\/2018\/05\/am-1024x768.jpg\" alt=\"\" width=\"377\" height=\"283\" srcset=\"https:\/\/clubourenseatletismo.es\/blog\/wp-content\/uploads\/2018\/05\/am-1024x768.jpg 1024w, https:\/\/clubourenseatletismo.es\/blog\/wp-content\/uploads\/2018\/05\/am-300x225.jpg 300w, https:\/\/clubourenseatletismo.es\/blog\/wp-content\/uploads\/2018\/05\/am-768x576.jpg 768w, https:\/\/clubourenseatletismo.es\/blog\/wp-content\/uploads\/2018\/05\/am.jpg 1440w\" sizes=\"auto, (max-width: 377px) 100vw, 377px\" \/><\/p>\n<p><img loading=\"lazy\" decoding=\"async\" class=\"alignleft wp-image-8633\" src=\"http:\/\/clubourenseatletismo.es\/blog\/wp-content\/uploads\/2018\/05\/IMG-20180512-WA0005-1024x1024.jpg\" alt=\"\" width=\"278\" height=\"278\" srcset=\"https:\/\/clubourenseatletismo.es\/blog\/wp-content\/uploads\/2018\/05\/IMG-20180512-WA0005-1024x1024.jpg 1024w, https:\/\/clubourenseatletismo.es\/blog\/wp-content\/uploads\/2018\/05\/IMG-20180512-WA0005-150x150.jpg 150w, https:\/\/clubourenseatletismo.es\/blog\/wp-content\/uploads\/2018\/05\/IMG-20180512-WA0005-300x300.jpg 300w, https:\/\/clubourenseatletismo.es\/blog\/wp-content\/uploads\/2018\/05\/IMG-20180512-WA0005-768x768.jpg 768w, https:\/\/clubourenseatletismo.es\/blog\/wp-content\/uploads\/2018\/05\/IMG-20180512-WA0005.jpg 1600w\" sizes=\"auto, (max-width: 278px) 100vw, 278px\" \/><\/p>\n<p>&nbsp;<\/p>\n<p>&nbsp;<\/p>\n<p>&nbsp;<\/p>\n<p>&nbsp;<\/p>\n<p>&nbsp;<\/p>\n<p>&nbsp;<\/p>\n<p>&nbsp;<\/p>\n<p>&nbsp;<\/p>\n<p style=\"text-align: center;\">&nbsp;&nbsp; &nbsp;<\/p>\n<p style=\"text-align: center;\">&nbsp; <a class=\"fasc-button fasc-size-medium fasc-type-glossy fasc-rounded-medium fasc-ico-before dashicons-camera\" style=\"background-color: #33809e; color: #ffffff;\" target=\"_blank\" rel=\"noopener\" href=\"https:\/\/photos.app.goo.gl\/u5JTNuZpFUkDmyL43\">Fotos Alberto D\u00edaz<\/a>&nbsp; <a class=\"fasc-button fasc-size-medium fasc-type-glossy fasc-rounded-medium fasc-ico-before dashicons-camera\" style=\"background-color: #33809e; color: #ffffff;\" target=\"_blank\" rel=\"noopener\" href=\"https:\/\/photos.app.goo.gl\/pETqmu18dx3gbhcv7\">Fotos Alberto D\u00edaz 2\u00aa parte<\/a>&nbsp; &nbsp;<a class=\"fasc-button fasc-size-medium fasc-type-glossy fasc-rounded-medium fasc-ico-before dashicons-camera\" style=\"background-color: #33809e; color: #ffffff;\" target=\"_blank\" rel=\"noopener\" href=\"https:\/\/flic.kr\/s\/aHsmbHtmJA\">Fotos Javier V\u00e1zquez<\/a>&nbsp;<\/p>\n<p style=\"text-align: center;\"><a class=\"fasc-button fasc-size-medium fasc-type-glossy fasc-rounded-medium ico-fa fasc-ico-before fa-trophy\" style=\"background-color: #e66903; color: #ffffff;\" target=\"_blank\" rel=\"noopener\" href=\"http:\/\/ranking.atletismo.gal\/online\/2017-2018\/LUGO\/benxamin\/\">Resultados Benjam\u00edn<\/a> <a class=\"fasc-button fasc-size-medium fasc-type-glossy fasc-rounded-medium ico-fa fasc-ico-before fa-trophy\" style=\"background-color: #e66903; color: #ffffff;\" target=\"_blank\" rel=\"noopener\" href=\"http:\/\/ranking.atletismo.gal\/online\/2017-2018\/LUGO\/alevin\/\">Resultados Alev\u00edn<\/a> <a class=\"fasc-button fasc-size-medium fasc-type-glossy fasc-rounded-medium ico-fa fasc-ico-before fa-trophy\" style=\"background-color: #e66903; color: #ffffff;\" target=\"_blank\" rel=\"noopener\" href=\"http:\/\/ranking.atletismo.gal\/online\/2017-2018\/LUGO\/infantil\/\">Resultados Infantil<\/a><\/p>\n<p style=\"text-align: center;\"><a class=\"fasc-button fasc-size-medium fasc-type-glossy fasc-rounded-medium fasc-ico-before dashicons-camera\" style=\"background-color: #33809e; color: #ffffff;\" target=\"_blank\" rel=\"noopener\" href=\"moz-extension:\/\/71959b8b-391f-4479-8d7b-25371ad3f44a\/mega\/secure.html#F!k2xBUAjT!ctmDYehk8Us9qU_CzMKSdQ\">Fotos<\/a><\/p>\n","protected":false},"excerpt":{"rendered":"<p>Fotos 2 Sin duda una de las citas m\u00e1s importantes para los j\u00f3venes atletas de nuestro club, ser\u00eda el VII Campionato Galego Sub\/10-Sub*12- y Sub\/14 por Equipos. Campeonato marcado por la inclemencias metereologicas que obligar\u00edan a disputar alguna prueba en otro lugar anexo, caso del&#8230;<\/p>\n","protected":false},"author":1,"featured_media":0,"comment_status":"closed","ping_status":"closed","sticky":false,"template":"","format":"standard","meta":{"footnotes":""},"categories":[9],"tags":[],"class_list":["post-8602","post","type-post","status-publish","format-standard","hentry","category-resultados"],"aioseo_notices":[],"_links":{"self":[{"href":"https:\/\/clubourenseatletismo.es\/blog\/wp-json\/wp\/v2\/posts\/8602","targetHints":{"allow":["GET"]}}],"collection":[{"href":"https:\/\/clubourenseatletismo.es\/blog\/wp-json\/wp\/v2\/posts"}],"about":[{"href":"https:\/\/clubourenseatletismo.es\/blog\/wp-json\/wp\/v2\/types\/post"}],"author":[{"embeddable":true,"href":"https:\/\/clubourenseatletismo.es\/blog\/wp-json\/wp\/v2\/users\/1"}],"replies":[{"embeddable":true,"href":"https:\/\/clubourenseatletismo.es\/blog\/wp-json\/wp\/v2\/comments?post=8602"}],"version-history":[{"count":34,"href":"https:\/\/clubourenseatletismo.es\/blog\/wp-json\/wp\/v2\/posts\/8602\/revisions"}],"predecessor-version":[{"id":8805,"href":"https:\/\/clubourenseatletismo.es\/blog\/wp-json\/wp\/v2\/posts\/8602\/revisions\/8805"}],"wp:attachment":[{"href":"https:\/\/clubourenseatletismo.es\/blog\/wp-json\/wp\/v2\/media?parent=8602"}],"wp:term":[{"taxonomy":"category","embeddable":true,"href":"https:\/\/clubourenseatletismo.es\/blog\/wp-json\/wp\/v2\/categories?post=8602"},{"taxonomy":"post_tag","embeddable":true,"href":"https:\/\/clubourenseatletismo.es\/blog\/wp-json\/wp\/v2\/tags?post=8602"}],"curies":[{"name":"wp","href":"https:\/\/api.w.org\/{rel}","templated":true}]}}