{"id":8600,"date":"2018-05-14T12:25:45","date_gmt":"2018-05-14T10:25:45","guid":{"rendered":"http:\/\/clubourenseatletismo.es\/blog\/?p=8600"},"modified":"2018-05-14T12:25:45","modified_gmt":"2018-05-14T10:25:45","slug":"ourense-termal-athletics-meeting-resultados","status":"publish","type":"post","link":"https:\/\/clubourenseatletismo.es\/blog\/2018\/05\/14\/ourense-termal-athletics-meeting-resultados\/","title":{"rendered":"Ourense Termal Athletics Meeting. Resultados."},"content":{"rendered":"<p><img loading=\"lazy\" decoding=\"async\" class=\"wp-image-8618 aligncenter\" src=\"http:\/\/clubourenseatletismo.es\/blog\/wp-content\/uploads\/2018\/05\/DSC_0368_preview-1024x682.jpeg\" alt=\"\" width=\"648\" height=\"432\" srcset=\"https:\/\/clubourenseatletismo.es\/blog\/wp-content\/uploads\/2018\/05\/DSC_0368_preview-1024x682.jpeg 1024w, https:\/\/clubourenseatletismo.es\/blog\/wp-content\/uploads\/2018\/05\/DSC_0368_preview-300x200.jpeg 300w, https:\/\/clubourenseatletismo.es\/blog\/wp-content\/uploads\/2018\/05\/DSC_0368_preview-768x512.jpeg 768w, https:\/\/clubourenseatletismo.es\/blog\/wp-content\/uploads\/2018\/05\/DSC_0368_preview.jpeg 1600w\" sizes=\"auto, (max-width: 648px) 100vw, 648px\" \/><img loading=\"lazy\" decoding=\"async\" class=\"alignleft wp-image-8617\" src=\"http:\/\/clubourenseatletismo.es\/blog\/wp-content\/uploads\/2018\/05\/DSC_0223_preview-683x1024.jpeg\" alt=\"\" width=\"262\" height=\"392\" srcset=\"https:\/\/clubourenseatletismo.es\/blog\/wp-content\/uploads\/2018\/05\/DSC_0223_preview-683x1024.jpeg 683w, https:\/\/clubourenseatletismo.es\/blog\/wp-content\/uploads\/2018\/05\/DSC_0223_preview-200x300.jpeg 200w, https:\/\/clubourenseatletismo.es\/blog\/wp-content\/uploads\/2018\/05\/DSC_0223_preview-768x1152.jpeg 768w\" sizes=\"auto, (max-width: 262px) 100vw, 262px\" \/><\/p>\n<p>Una de las pruebas que seguramente acapar\u00f3 el protagonismo este fin de semana fue la que se disput\u00f3 en las pistas de la Universidad. Se acaba el plazo para conseguir la marca m\u00ednima que da acceso a los Juegos del Mediterr\u00e1neo. El salto de longitud fue la prueba que di\u00f3 el pistoletazo de salida a esta competici\u00f3n, la hora prevista, las 18:00 horas. A partir de ese momento, un goteo incesante de pruebas que culminar\u00eda a las 21:00 h. con la disputa de los 1.500 metros tanto para hombres como para mujeres.&nbsp;<\/p>\n<p>En cuanto a los resultados obtenidos tuvimos una amplia representaci\u00f3n en la m\u00faltitud de pruebas que conformaban el evento. Si bien algunos atletas consegu\u00edan mejorar sus marcas personales, el fr\u00edo y el viento contrario hicieron que no fuera el mejor d\u00eda para lograr buenas marcas. A pesar de ello,&nbsp; Alejandro Fern\u00e1ndez Rivera dej\u00f3 el crono en 14.24.21, marca que le otorgar\u00eda la victoria en la prueba reina los 5 km. Otros de los atletas de nuestro club destacados ser\u00edan Marti\u00f1o Ruano 2\u00ba en los 500 mts categor\u00eda sub-10. En la prueba de los 1.000 mts&nbsp; sobresaldr\u00edan Ant\u00eda Castro 2\u00aa con una marca de 3:13.85 y Mart\u00edn Rivera 3\u00ba con un registro de 2:50.96. En la prueba de los 1.500 mts lo har\u00eda Ant\u00eda Abad 3\u00aa en los 1.500 mts con un tiempo de 04:56.56 y por \u00faltimo destacar el papel de Jaime Reverter 4\u00ba en los 400 mts.<\/p>\n<p>&nbsp;<\/p>\n<p style=\"text-align: center;\"><a class=\"fasc-button fasc-size-medium fasc-type-flat\" style=\"background-color: #33809e; color: #ffffff;\" href=\"https:\/\/www.dropbox.com\/sh\/kdyxz2msfj6imu2\/AADPqVbqIYwAa0MG6h4s7kr2a?dl=0\">Fotos Oscar del Campo<\/a>&nbsp; <a class=\"fasc-button fasc-size-medium fasc-type-glossy fasc-rounded-medium ico-fa fasc-ico-before fa-trophy\" style=\"background-color: #e66903; color: #ffffff;\" target=\"_blank\" rel=\"noopener\" href=\"https:\/\/atletismo.gal\/wp-content\/uploads\/2017\/10\/ro120518.pdf\">Resultados<\/a><\/p>\n<p>&nbsp;<\/p>\n","protected":false},"excerpt":{"rendered":"<p>Una de las pruebas que seguramente acapar\u00f3 el protagonismo este fin de semana fue la que se disput\u00f3 en las pistas de la Universidad. Se acaba el plazo para conseguir la marca m\u00ednima que da acceso a los Juegos del Mediterr\u00e1neo. El salto de longitud&#8230;<\/p>\n","protected":false},"author":1,"featured_media":0,"comment_status":"closed","ping_status":"closed","sticky":false,"template":"","format":"standard","meta":{"footnotes":""},"categories":[9],"tags":[],"class_list":["post-8600","post","type-post","status-publish","format-standard","hentry","category-resultados"],"aioseo_notices":[],"_links":{"self":[{"href":"https:\/\/clubourenseatletismo.es\/blog\/wp-json\/wp\/v2\/posts\/8600","targetHints":{"allow":["GET"]}}],"collection":[{"href":"https:\/\/clubourenseatletismo.es\/blog\/wp-json\/wp\/v2\/posts"}],"about":[{"href":"https:\/\/clubourenseatletismo.es\/blog\/wp-json\/wp\/v2\/types\/post"}],"author":[{"embeddable":true,"href":"https:\/\/clubourenseatletismo.es\/blog\/wp-json\/wp\/v2\/users\/1"}],"replies":[{"embeddable":true,"href":"https:\/\/clubourenseatletismo.es\/blog\/wp-json\/wp\/v2\/comments?post=8600"}],"version-history":[{"count":6,"href":"https:\/\/clubourenseatletismo.es\/blog\/wp-json\/wp\/v2\/posts\/8600\/revisions"}],"predecessor-version":[{"id":8656,"href":"https:\/\/clubourenseatletismo.es\/blog\/wp-json\/wp\/v2\/posts\/8600\/revisions\/8656"}],"wp:attachment":[{"href":"https:\/\/clubourenseatletismo.es\/blog\/wp-json\/wp\/v2\/media?parent=8600"}],"wp:term":[{"taxonomy":"category","embeddable":true,"href":"https:\/\/clubourenseatletismo.es\/blog\/wp-json\/wp\/v2\/categories?post=8600"},{"taxonomy":"post_tag","embeddable":true,"href":"https:\/\/clubourenseatletismo.es\/blog\/wp-json\/wp\/v2\/tags?post=8600"}],"curies":[{"name":"wp","href":"https:\/\/api.w.org\/{rel}","templated":true}]}}