{"id":8408,"date":"2018-04-22T20:33:40","date_gmt":"2018-04-22T18:33:40","guid":{"rendered":"http:\/\/clubourenseatletismo.es\/blog\/?p=8408"},"modified":"2018-04-22T20:33:40","modified_gmt":"2018-04-22T18:33:40","slug":"proximas-citas-atleticas-2","status":"publish","type":"post","link":"https:\/\/clubourenseatletismo.es\/blog\/2018\/04\/22\/proximas-citas-atleticas-2\/","title":{"rendered":"Pr\u00f3ximas Citas Atl\u00e9ticas."},"content":{"rendered":"<p>Presentase unha breve pausa para coller algo de folgos, de tal xeito que iste pr\u00f3ximo fin de semana, teremos os ollos postos en duas probas atl\u00e9ticas.<\/p>\n<p><img loading=\"lazy\" decoding=\"async\" class=\"alignleft wp-image-8417\" src=\"http:\/\/clubourenseatletismo.es\/blog\/wp-content\/uploads\/2018\/04\/santiago.jpg\" alt=\"\" width=\"148\" height=\"211\">O s\u00e1bado O Club Atletismo Fontes do Sar e o Departamento Municipal de Deportes do Concello de Santiago coorganizan, coa colaboraci\u00f3n especial do Multiusos Fontes do Sar &#8211; Complexo Deportivo Santa Isabel, e o control t\u00e9cnico do comit\u00e9 galego de xu\u00edces da Federaci\u00f3n Galega de Atletismo: A 4\u00aa carreira nocturna SANTYAGO 10K descorre sobre unha distancia homologada de 10km en ruta, e levarase a cabo \u00e1s 22:00 horas. A inscrici\u00f3n realizarase a trav\u00e9s da pasarela de pago insertada na p\u00e1xina web oficial do evento:http:\/\/www.santyago10k.es, operativa ata as 23:59 horas do domingo 22 de Abril.<\/p>\n<p>&nbsp;<\/p>\n<p style=\"text-align: center;\"><a class=\"fasc-button fasc-size-medium fasc-type-glossy fasc-rounded-medium fasc-ico-before dashicons-format-aside\" style=\"background-color: #218562; color: #ffffff;\" target=\"_blank\" rel=\"noopener\" href=\"https:\/\/carreirasgalegas.blob.core.windows.net\/docs\/3a338a1b-2c7d-6135-2d0d-39e5639ef0c6-Regulamento%20IV%20Sant%20Ya%20Go%2010k%20280418.pdf\">Horario<\/a>&nbsp;&nbsp;&nbsp;&nbsp; <a class=\"fasc-button fasc-size-medium fasc-type-glossy fasc-rounded-medium fasc-ico-before dashicons-groups\" style=\"background-color: #324994; color: #ffffff;\" target=\"_blank\" href=\"http:\/\/2018.santyago10k.es\/index.php\">Inscripciones<\/a><\/p>\n<p>&nbsp;<\/p>\n<p><img loading=\"lazy\" decoding=\"async\" class=\"alignleft wp-image-8418\" src=\"http:\/\/clubourenseatletismo.es\/blog\/wp-content\/uploads\/2018\/04\/monforte.jpg\" alt=\"\" width=\"175\" height=\"247\">A segunda das probas ser\u00e1 a d\u00e9cima edici\u00f3n da Carreira Popular de Monforte. A Conceller\u00eda de Deportes do Concello de Monforte de Lemos \u00e9 que a organiza e ter\u00e1 lugar o 29 de abril.<\/p>\n<div>\n<p>A inscrici\u00f3n \u00e9 gratuita en t\u00f3dalas categor\u00edas. As incrici\u00f3ns para participar tanto na carreira absoluta como nas carreiras de categor\u00edas menores, faranse a trav\u00e9s da plataforma on-line www.championchipnorte.com.<\/p>\n<div>\n<p>O peche das inscrici\u00f3ns ser\u00e1 o xoves 26 de abril.<\/p>\n<div>A sa\u00edda e a meta de t\u00f3dalas carreiras ser\u00e1 na Compa\u00f1\u00eda.<\/div>\n<ul>\n<li>Carreira Absoluta:consiste en percorrer unha distancia de 7 Km. dando d\u00faas voltas a un circuito de 3.500mts.<\/li>\n<li style=\"text-align: center;\">Categor\u00edas Menores:<\/li>\n<li style=\"text-align: center;\">Categor\u00eda mini: percorrido de 80 mts.<\/li>\n<li style=\"text-align: center;\">Categor\u00edas A e B: percorrido de 700mts.<\/li>\n<li style=\"text-align: center;\">Categor\u00eda C: percorrido de 1.300mts.<\/li>\n<li style=\"text-align: center;\">Categor\u00eda D e E: 2.000mts.<\/li>\n<\/ul>\n<\/div>\n<\/div>\n<div>&nbsp;<\/div>\n<div>&nbsp;<\/div>\n<div style=\"text-align: center;\"><a class=\"fasc-button fasc-size-medium fasc-type-glossy fasc-rounded-medium fasc-ico-before dashicons-format-aside\" style=\"background-color: #218562; color: #ffffff;\" target=\"_blank\" href=\"https:\/\/championchipnorte.com\/uploads\/eventos\/reglamento-5a79c90fb51487.74647433.pdf\">Reglamento<\/a>&nbsp; <a class=\"fasc-button fasc-size-medium fasc-type-glossy fasc-rounded-medium fasc-ico-before dashicons-groups\" style=\"background-color: #324994; color: #ffffff;\" target=\"_blank\" href=\"https:\/\/championchipnorte.com\/evento\/inscribirme\/id\/1392\/x-carreira-popular-concello-de-monforte--2018\">Inscripciones<\/a><\/div>\n","protected":false},"excerpt":{"rendered":"<p>Presentase unha breve pausa para coller algo de folgos, de tal xeito que iste pr\u00f3ximo fin de semana, teremos os ollos postos en duas probas atl\u00e9ticas. O s\u00e1bado O Club Atletismo Fontes do Sar e o Departamento Municipal de Deportes do Concello de Santiago coorganizan,&#8230;<\/p>\n","protected":false},"author":1,"featured_media":0,"comment_status":"closed","ping_status":"closed","sticky":false,"template":"","format":"standard","meta":{"footnotes":""},"categories":[7],"tags":[],"class_list":["post-8408","post","type-post","status-publish","format-standard","hentry","category-noticias"],"aioseo_notices":[],"_links":{"self":[{"href":"https:\/\/clubourenseatletismo.es\/blog\/wp-json\/wp\/v2\/posts\/8408","targetHints":{"allow":["GET"]}}],"collection":[{"href":"https:\/\/clubourenseatletismo.es\/blog\/wp-json\/wp\/v2\/posts"}],"about":[{"href":"https:\/\/clubourenseatletismo.es\/blog\/wp-json\/wp\/v2\/types\/post"}],"author":[{"embeddable":true,"href":"https:\/\/clubourenseatletismo.es\/blog\/wp-json\/wp\/v2\/users\/1"}],"replies":[{"embeddable":true,"href":"https:\/\/clubourenseatletismo.es\/blog\/wp-json\/wp\/v2\/comments?post=8408"}],"version-history":[{"count":5,"href":"https:\/\/clubourenseatletismo.es\/blog\/wp-json\/wp\/v2\/posts\/8408\/revisions"}],"predecessor-version":[{"id":8422,"href":"https:\/\/clubourenseatletismo.es\/blog\/wp-json\/wp\/v2\/posts\/8408\/revisions\/8422"}],"wp:attachment":[{"href":"https:\/\/clubourenseatletismo.es\/blog\/wp-json\/wp\/v2\/media?parent=8408"}],"wp:term":[{"taxonomy":"category","embeddable":true,"href":"https:\/\/clubourenseatletismo.es\/blog\/wp-json\/wp\/v2\/categories?post=8408"},{"taxonomy":"post_tag","embeddable":true,"href":"https:\/\/clubourenseatletismo.es\/blog\/wp-json\/wp\/v2\/tags?post=8408"}],"curies":[{"name":"wp","href":"https:\/\/api.w.org\/{rel}","templated":true}]}}