{"id":836,"date":"2013-03-21T08:47:12","date_gmt":"2013-03-21T07:47:12","guid":{"rendered":"http:\/\/clubourenseatletismo.es\/blog\/?p=836"},"modified":"2013-03-21T08:54:10","modified_gmt":"2013-03-21T07:54:10","slug":"emilia-mesa-campeona-de-europa","status":"publish","type":"post","link":"https:\/\/clubourenseatletismo.es\/blog\/2013\/03\/21\/emilia-mesa-campeona-de-europa\/","title":{"rendered":"Emilia Mesa, \u00a1\u00a1 CAMPEONA DE EUROPA !!"},"content":{"rendered":"<p style=\"text-align: justify;\">La segunda jornada del <span style=\"text-decoration: underline; color: #000000;\"><strong>Campeonato de Europa de Veteranos de Pista Cubierta<\/strong><\/span> nos ha tra\u00eddo una nueva y grat\u00edsima noticia: nuestra representante, <span style=\"color: #0000ff;\"><strong>Emilia Mesa<\/strong><\/span>, se ha proclamado <em><strong><span style=\"color: #800000;\">CAMPEONA DE EUROPA<\/span><\/strong><\/em> en la prueba de lanzamiento de jabalina (400 gr) en su categor\u00eda, W60, con una mejor marca de 33,08 metros que son, adem\u00e1s, <em><strong><span style=\"color: #800000;\">R\u00c9CORD DEL CAMPEONATO<\/span><\/strong><\/em> y, por supuesto, <span style=\"color: #800000;\"><em><strong>R\u00e9cord de Espa\u00f1a<\/strong><\/em><\/span>.<\/p>\n<div id=\"attachment_840\" style=\"width: 510px\" class=\"wp-caption aligncenter\"><img loading=\"lazy\" decoding=\"async\" aria-describedby=\"caption-attachment-840\" class=\"size-full wp-image-840\" alt=\"\" src=\"http:\/\/clubourenseatletismo.es\/blog\/wp-content\/uploads\/2013\/03\/Miliki.jpg\" width=\"500\" height=\"398\" srcset=\"https:\/\/clubourenseatletismo.es\/blog\/wp-content\/uploads\/2013\/03\/Miliki.jpg 500w, https:\/\/clubourenseatletismo.es\/blog\/wp-content\/uploads\/2013\/03\/Miliki-300x238.jpg 300w\" sizes=\"auto, (max-width: 500px) 100vw, 500px\" \/><p id=\"caption-attachment-840\" class=\"wp-caption-text\">Emilia Mesa junto a Jos\u00e9 Mar\u00eda del R\u00edo, juez internacional ourensano.<\/p><\/div>\n<p style=\"text-align: center;\">\n<p style=\"text-align: justify;\">Este sensacional resultado se une a la medalla de bronce lograda en la jornada inaugural en la prueba del lanzamiento de peso, con lo que por el momento Emilia lleva dos medallas de dos participaciones, a falta de lo que ocurra en la prueba de longitud de hoy.<\/p>\n<p style=\"text-align: justify;\">Una vez m\u00e1s, \u00a1\u00a1 <span style=\"text-decoration: underline; color: #000000;\"><strong>ENHORABUENA, MILIKI<\/strong><\/span>!!<\/p>\n<p style=\"text-align: justify;\">[<a href=\"http:\/\/www.rfea.es\/competi\/result2013\/pistacubierta\/San_Sebastian\/C73.4235.html\" target=\"_blank\"><span style=\"color: #800000;\">Resultado Jabalina<\/span><\/a>]<\/p>\n","protected":false},"excerpt":{"rendered":"<p>La segunda jornada del Campeonato de Europa de Veteranos de Pista Cubierta nos ha tra\u00eddo una nueva y grat\u00edsima noticia: nuestra representante, Emilia Mesa, se ha proclamado CAMPEONA DE EUROPA en la prueba de lanzamiento de jabalina (400 gr) en su categor\u00eda, W60, con una&#8230;<\/p>\n","protected":false},"author":1,"featured_media":0,"comment_status":"closed","ping_status":"closed","sticky":false,"template":"","format":"standard","meta":{"footnotes":""},"categories":[5,14,9],"tags":[],"class_list":["post-836","post","type-post","status-publish","format-standard","hentry","category-club","category-cpto_internacional","category-resultados"],"aioseo_notices":[],"aioseo_head":"\n\t\t<!-- All in One SEO 5.0.1.1 - aioseo.com -->\n\t<meta name=\"description\" content=\"La segunda jornada del Campeonato de Europa de Veteranos de Pista Cubierta nos ha tra\u00eddo una nueva y grat\u00edsima noticia: nuestra representante, Emilia Mesa, se ha proclamado CAMPEONA DE EUROPA en la prueba de lanzamiento de jabalina (400 gr) en su categor\u00eda, W60, con una mejor marca de 33,08 metros que son, adem\u00e1s, R\u00c9CORD DEL\" \/>\n\t<meta name=\"robots\" content=\"max-image-preview:large\" \/>\n\t<meta name=\"author\" content=\"clubourense\"\/>\n\t<link rel=\"canonical\" href=\"https:\/\/clubourenseatletismo.es\/blog\/2013\/03\/21\/emilia-mesa-campeona-de-europa\/\" \/>\n\t<meta name=\"generator\" content=\"All in One SEO (AIOSEO) 5.0.1.1\" \/>\n\t\t<meta property=\"og:locale\" content=\"es_ES\" \/>\n\t\t<meta property=\"og:site_name\" content=\"Club Ourense Atletismo | Escuela Ourense Atletismo\" \/>\n\t\t<meta property=\"og:type\" content=\"article\" \/>\n\t\t<meta property=\"og:title\" content=\"Emilia Mesa, \u00a1\u00a1 CAMPEONA DE EUROPA !! | Club Ourense Atletismo\" \/>\n\t\t<meta property=\"og:description\" content=\"La segunda jornada del Campeonato de Europa de Veteranos de Pista Cubierta nos ha tra\u00eddo una nueva y grat\u00edsima noticia: nuestra representante, Emilia Mesa, se ha proclamado CAMPEONA DE EUROPA en la prueba de lanzamiento de jabalina (400 gr) en su categor\u00eda, W60, con una mejor marca de 33,08 metros que son, adem\u00e1s, R\u00c9CORD DEL\" \/>\n\t\t<meta property=\"og:url\" content=\"https:\/\/clubourenseatletismo.es\/blog\/2013\/03\/21\/emilia-mesa-campeona-de-europa\/\" \/>\n\t\t<meta property=\"article:published_time\" content=\"2013-03-21T07:47:12+00:00\" \/>\n\t\t<meta property=\"article:modified_time\" content=\"2013-03-21T07:54:10+00:00\" \/>\n\t\t<meta property=\"article:publisher\" content=\"https:\/\/www.facebook.com\/profile.php?id=100063516489280\" \/>\n\t\t<meta name=\"twitter:card\" content=\"summary\" \/>\n\t\t<meta name=\"twitter:title\" content=\"Emilia Mesa, \u00a1\u00a1 CAMPEONA DE EUROPA !! | Club Ourense Atletismo\" \/>\n\t\t<meta name=\"twitter:description\" content=\"La segunda jornada del Campeonato de Europa de Veteranos de Pista Cubierta nos ha tra\u00eddo una nueva y grat\u00edsima noticia: nuestra representante, Emilia Mesa, se ha proclamado CAMPEONA DE EUROPA en la prueba de lanzamiento de jabalina (400 gr) en su categor\u00eda, W60, con una mejor marca de 33,08 metros que son, adem\u00e1s, R\u00c9CORD DEL\" \/>\n\t\t<script type=\"application\/ld+json\" class=\"aioseo-schema\">\n\t\t\t{\"@context\":\"https:\\\/\\\/schema.org\",\"@graph\":[{\"@type\":\"Article\",\"@id\":\"https:\\\/\\\/clubourenseatletismo.es\\\/blog\\\/2013\\\/03\\\/21\\\/emilia-mesa-campeona-de-europa\\\/#article\",\"name\":\"Emilia Mesa, \\u00a1\\u00a1 CAMPEONA DE EUROPA !! | Club Ourense Atletismo\",\"headline\":\"Emilia Mesa, \\u00a1\\u00a1 CAMPEONA DE EUROPA !!\",\"author\":{\"@id\":\"https:\\\/\\\/clubourenseatletismo.es\\\/blog\\\/author\\\/clubourense\\\/#author\"},\"publisher\":{\"@id\":\"https:\\\/\\\/clubourenseatletismo.es\\\/blog\\\/#organization\"},\"image\":{\"@type\":\"ImageObject\",\"url\":\"https:\\\/\\\/clubourenseatletismo.es\\\/blog\\\/wp-content\\\/uploads\\\/2013\\\/03\\\/miliki.jpg\",\"@id\":\"https:\\\/\\\/clubourenseatletismo.es\\\/blog\\\/2013\\\/03\\\/21\\\/emilia-mesa-campeona-de-europa\\\/#articleImage\",\"width\":300,\"height\":406},\"datePublished\":\"2013-03-21T08:47:12+01:00\",\"dateModified\":\"2013-03-21T08:54:10+01:00\",\"inLanguage\":\"es-ES\",\"mainEntityOfPage\":{\"@id\":\"https:\\\/\\\/clubourenseatletismo.es\\\/blog\\\/2013\\\/03\\\/21\\\/emilia-mesa-campeona-de-europa\\\/#webpage\"},\"isPartOf\":{\"@id\":\"https:\\\/\\\/clubourenseatletismo.es\\\/blog\\\/2013\\\/03\\\/21\\\/emilia-mesa-campeona-de-europa\\\/#webpage\"},\"articleSection\":\"Club, Cpto. Internacional, Resultados\"},{\"@type\":\"BreadcrumbList\",\"@id\":\"https:\\\/\\\/clubourenseatletismo.es\\\/blog\\\/2013\\\/03\\\/21\\\/emilia-mesa-campeona-de-europa\\\/#breadcrumblist\",\"itemListElement\":[{\"@type\":\"ListItem\",\"@id\":\"https:\\\/\\\/clubourenseatletismo.es\\\/blog#listItem\",\"position\":1,\"name\":\"Inicio\",\"item\":\"https:\\\/\\\/clubourenseatletismo.es\\\/blog\",\"nextItem\":{\"@type\":\"ListItem\",\"@id\":\"https:\\\/\\\/clubourenseatletismo.es\\\/blog\\\/category\\\/club\\\/#listItem\",\"name\":\"Club\"}},{\"@type\":\"ListItem\",\"@id\":\"https:\\\/\\\/clubourenseatletismo.es\\\/blog\\\/category\\\/club\\\/#listItem\",\"position\":2,\"name\":\"Club\",\"item\":\"https:\\\/\\\/clubourenseatletismo.es\\\/blog\\\/category\\\/club\\\/\",\"nextItem\":{\"@type\":\"ListItem\",\"@id\":\"https:\\\/\\\/clubourenseatletismo.es\\\/blog\\\/2013\\\/03\\\/21\\\/emilia-mesa-campeona-de-europa\\\/#listItem\",\"name\":\"Emilia Mesa, \\u00a1\\u00a1 CAMPEONA DE EUROPA !!\"},\"previousItem\":{\"@type\":\"ListItem\",\"@id\":\"https:\\\/\\\/clubourenseatletismo.es\\\/blog#listItem\",\"name\":\"Inicio\"}},{\"@type\":\"ListItem\",\"@id\":\"https:\\\/\\\/clubourenseatletismo.es\\\/blog\\\/2013\\\/03\\\/21\\\/emilia-mesa-campeona-de-europa\\\/#listItem\",\"position\":3,\"name\":\"Emilia Mesa, \\u00a1\\u00a1 CAMPEONA DE EUROPA !!\",\"previousItem\":{\"@type\":\"ListItem\",\"@id\":\"https:\\\/\\\/clubourenseatletismo.es\\\/blog\\\/category\\\/club\\\/#listItem\",\"name\":\"Club\"}}]},{\"@type\":\"Organization\",\"@id\":\"https:\\\/\\\/clubourenseatletismo.es\\\/blog\\\/#organization\",\"name\":\"Club Ourense Atletismo\",\"description\":\"Escuela Ourense Atletismo\",\"url\":\"https:\\\/\\\/clubourenseatletismo.es\\\/blog\\\/\",\"telephone\":\"+34637157458\",\"logo\":{\"@type\":\"ImageObject\",\"url\":\"https:\\\/\\\/clubourenseatletismo.es\\\/blog\\\/wp-content\\\/uploads\\\/2019\\\/09\\\/cropped-LOGO-1.jpeg\",\"@id\":\"https:\\\/\\\/clubourenseatletismo.es\\\/blog\\\/2013\\\/03\\\/21\\\/emilia-mesa-campeona-de-europa\\\/#organizationLogo\",\"width\":512,\"height\":512},\"image\":{\"@id\":\"https:\\\/\\\/clubourenseatletismo.es\\\/blog\\\/2013\\\/03\\\/21\\\/emilia-mesa-campeona-de-europa\\\/#organizationLogo\"},\"sameAs\":[\"https:\\\/\\\/www.facebook.com\\\/profile.php?id=100063516489280\",\"https:\\\/\\\/www.instagram.com\\\/clubourenseatletismo\\\/\"]},{\"@type\":\"Person\",\"@id\":\"https:\\\/\\\/clubourenseatletismo.es\\\/blog\\\/author\\\/clubourense\\\/#author\",\"url\":\"https:\\\/\\\/clubourenseatletismo.es\\\/blog\\\/author\\\/clubourense\\\/\",\"name\":\"clubourense\",\"image\":{\"@type\":\"ImageObject\",\"@id\":\"https:\\\/\\\/clubourenseatletismo.es\\\/blog\\\/2013\\\/03\\\/21\\\/emilia-mesa-campeona-de-europa\\\/#authorImage\",\"url\":\"https:\\\/\\\/secure.gravatar.com\\\/avatar\\\/054ff0256550e5d1d577fa683a74658acb2f33f773051c5f2e6e8de910594748?s=96&d=mm&r=g\",\"width\":96,\"height\":96,\"caption\":\"clubourense\"}},{\"@type\":\"WebPage\",\"@id\":\"https:\\\/\\\/clubourenseatletismo.es\\\/blog\\\/2013\\\/03\\\/21\\\/emilia-mesa-campeona-de-europa\\\/#webpage\",\"url\":\"https:\\\/\\\/clubourenseatletismo.es\\\/blog\\\/2013\\\/03\\\/21\\\/emilia-mesa-campeona-de-europa\\\/\",\"name\":\"Emilia Mesa, \\u00a1\\u00a1 CAMPEONA DE EUROPA !! | Club Ourense Atletismo\",\"description\":\"La segunda jornada del Campeonato de Europa de Veteranos de Pista Cubierta nos ha tra\\u00eddo una nueva y grat\\u00edsima noticia: nuestra representante, Emilia Mesa, se ha proclamado CAMPEONA DE EUROPA en la prueba de lanzamiento de jabalina (400 gr) en su categor\\u00eda, W60, con una mejor marca de 33,08 metros que son, adem\\u00e1s, R\\u00c9CORD DEL\",\"inLanguage\":\"es-ES\",\"isPartOf\":{\"@id\":\"https:\\\/\\\/clubourenseatletismo.es\\\/blog\\\/#website\"},\"breadcrumb\":{\"@id\":\"https:\\\/\\\/clubourenseatletismo.es\\\/blog\\\/2013\\\/03\\\/21\\\/emilia-mesa-campeona-de-europa\\\/#breadcrumblist\"},\"author\":{\"@id\":\"https:\\\/\\\/clubourenseatletismo.es\\\/blog\\\/author\\\/clubourense\\\/#author\"},\"creator\":{\"@id\":\"https:\\\/\\\/clubourenseatletismo.es\\\/blog\\\/author\\\/clubourense\\\/#author\"},\"datePublished\":\"2013-03-21T08:47:12+01:00\",\"dateModified\":\"2013-03-21T08:54:10+01:00\"},{\"@type\":\"WebSite\",\"@id\":\"https:\\\/\\\/clubourenseatletismo.es\\\/blog\\\/#website\",\"url\":\"https:\\\/\\\/clubourenseatletismo.es\\\/blog\\\/\",\"name\":\"Club Ourense Atletismo\",\"description\":\"Escuela Ourense Atletismo\",\"inLanguage\":\"es-ES\",\"publisher\":{\"@id\":\"https:\\\/\\\/clubourenseatletismo.es\\\/blog\\\/#organization\"}}]}\n\t\t<\/script>\n\t\t<!-- All in One SEO -->\n\n","aioseo_head_json":{"title":"Emilia Mesa, \u00a1\u00a1 CAMPEONA DE EUROPA !! | Club Ourense Atletismo","description":"La segunda jornada del Campeonato de Europa de Veteranos de Pista Cubierta nos ha tra\u00eddo una nueva y grat\u00edsima noticia: nuestra representante, Emilia Mesa, se ha proclamado CAMPEONA DE EUROPA en la prueba de lanzamiento de jabalina (400 gr) en su categor\u00eda, W60, con una mejor marca de 33,08 metros que son, adem\u00e1s, R\u00c9CORD DEL","canonical_url":"https:\/\/clubourenseatletismo.es\/blog\/2013\/03\/21\/emilia-mesa-campeona-de-europa\/","robots":"max-image-preview:large","keywords":"","webmasterTools":{"miscellaneous":""},"schema":{"@context":"https:\/\/schema.org","@graph":[{"@type":"Article","@id":"https:\/\/clubourenseatletismo.es\/blog\/2013\/03\/21\/emilia-mesa-campeona-de-europa\/#article","name":"Emilia Mesa, \u00a1\u00a1 CAMPEONA DE EUROPA !! | Club Ourense Atletismo","headline":"Emilia Mesa, \u00a1\u00a1 CAMPEONA DE EUROPA !!","author":{"@id":"https:\/\/clubourenseatletismo.es\/blog\/author\/clubourense\/#author"},"publisher":{"@id":"https:\/\/clubourenseatletismo.es\/blog\/#organization"},"image":{"@type":"ImageObject","url":"https:\/\/clubourenseatletismo.es\/blog\/wp-content\/uploads\/2013\/03\/miliki.jpg","@id":"https:\/\/clubourenseatletismo.es\/blog\/2013\/03\/21\/emilia-mesa-campeona-de-europa\/#articleImage","width":300,"height":406},"datePublished":"2013-03-21T08:47:12+01:00","dateModified":"2013-03-21T08:54:10+01:00","inLanguage":"es-ES","mainEntityOfPage":{"@id":"https:\/\/clubourenseatletismo.es\/blog\/2013\/03\/21\/emilia-mesa-campeona-de-europa\/#webpage"},"isPartOf":{"@id":"https:\/\/clubourenseatletismo.es\/blog\/2013\/03\/21\/emilia-mesa-campeona-de-europa\/#webpage"},"articleSection":"Club, Cpto. Internacional, Resultados"},{"@type":"BreadcrumbList","@id":"https:\/\/clubourenseatletismo.es\/blog\/2013\/03\/21\/emilia-mesa-campeona-de-europa\/#breadcrumblist","itemListElement":[{"@type":"ListItem","@id":"https:\/\/clubourenseatletismo.es\/blog#listItem","position":1,"name":"Inicio","item":"https:\/\/clubourenseatletismo.es\/blog","nextItem":{"@type":"ListItem","@id":"https:\/\/clubourenseatletismo.es\/blog\/category\/club\/#listItem","name":"Club"}},{"@type":"ListItem","@id":"https:\/\/clubourenseatletismo.es\/blog\/category\/club\/#listItem","position":2,"name":"Club","item":"https:\/\/clubourenseatletismo.es\/blog\/category\/club\/","nextItem":{"@type":"ListItem","@id":"https:\/\/clubourenseatletismo.es\/blog\/2013\/03\/21\/emilia-mesa-campeona-de-europa\/#listItem","name":"Emilia Mesa, \u00a1\u00a1 CAMPEONA DE EUROPA !!"},"previousItem":{"@type":"ListItem","@id":"https:\/\/clubourenseatletismo.es\/blog#listItem","name":"Inicio"}},{"@type":"ListItem","@id":"https:\/\/clubourenseatletismo.es\/blog\/2013\/03\/21\/emilia-mesa-campeona-de-europa\/#listItem","position":3,"name":"Emilia Mesa, \u00a1\u00a1 CAMPEONA DE EUROPA !!","previousItem":{"@type":"ListItem","@id":"https:\/\/clubourenseatletismo.es\/blog\/category\/club\/#listItem","name":"Club"}}]},{"@type":"Organization","@id":"https:\/\/clubourenseatletismo.es\/blog\/#organization","name":"Club Ourense Atletismo","description":"Escuela Ourense Atletismo","url":"https:\/\/clubourenseatletismo.es\/blog\/","telephone":"+34637157458","logo":{"@type":"ImageObject","url":"https:\/\/clubourenseatletismo.es\/blog\/wp-content\/uploads\/2019\/09\/cropped-LOGO-1.jpeg","@id":"https:\/\/clubourenseatletismo.es\/blog\/2013\/03\/21\/emilia-mesa-campeona-de-europa\/#organizationLogo","width":512,"height":512},"image":{"@id":"https:\/\/clubourenseatletismo.es\/blog\/2013\/03\/21\/emilia-mesa-campeona-de-europa\/#organizationLogo"},"sameAs":["https:\/\/www.facebook.com\/profile.php?id=100063516489280","https:\/\/www.instagram.com\/clubourenseatletismo\/"]},{"@type":"Person","@id":"https:\/\/clubourenseatletismo.es\/blog\/author\/clubourense\/#author","url":"https:\/\/clubourenseatletismo.es\/blog\/author\/clubourense\/","name":"clubourense","image":{"@type":"ImageObject","@id":"https:\/\/clubourenseatletismo.es\/blog\/2013\/03\/21\/emilia-mesa-campeona-de-europa\/#authorImage","url":"https:\/\/secure.gravatar.com\/avatar\/054ff0256550e5d1d577fa683a74658acb2f33f773051c5f2e6e8de910594748?s=96&d=mm&r=g","width":96,"height":96,"caption":"clubourense"}},{"@type":"WebPage","@id":"https:\/\/clubourenseatletismo.es\/blog\/2013\/03\/21\/emilia-mesa-campeona-de-europa\/#webpage","url":"https:\/\/clubourenseatletismo.es\/blog\/2013\/03\/21\/emilia-mesa-campeona-de-europa\/","name":"Emilia Mesa, \u00a1\u00a1 CAMPEONA DE EUROPA !! | Club Ourense Atletismo","description":"La segunda jornada del Campeonato de Europa de Veteranos de Pista Cubierta nos ha tra\u00eddo una nueva y grat\u00edsima noticia: nuestra representante, Emilia Mesa, se ha proclamado CAMPEONA DE EUROPA en la prueba de lanzamiento de jabalina (400 gr) en su categor\u00eda, W60, con una mejor marca de 33,08 metros que son, adem\u00e1s, R\u00c9CORD DEL","inLanguage":"es-ES","isPartOf":{"@id":"https:\/\/clubourenseatletismo.es\/blog\/#website"},"breadcrumb":{"@id":"https:\/\/clubourenseatletismo.es\/blog\/2013\/03\/21\/emilia-mesa-campeona-de-europa\/#breadcrumblist"},"author":{"@id":"https:\/\/clubourenseatletismo.es\/blog\/author\/clubourense\/#author"},"creator":{"@id":"https:\/\/clubourenseatletismo.es\/blog\/author\/clubourense\/#author"},"datePublished":"2013-03-21T08:47:12+01:00","dateModified":"2013-03-21T08:54:10+01:00"},{"@type":"WebSite","@id":"https:\/\/clubourenseatletismo.es\/blog\/#website","url":"https:\/\/clubourenseatletismo.es\/blog\/","name":"Club Ourense Atletismo","description":"Escuela Ourense Atletismo","inLanguage":"es-ES","publisher":{"@id":"https:\/\/clubourenseatletismo.es\/blog\/#organization"}}]},"og:locale":"es_ES","og:site_name":"Club Ourense Atletismo | Escuela Ourense Atletismo","og:type":"article","og:title":"Emilia Mesa, \u00a1\u00a1 CAMPEONA DE EUROPA !! | Club Ourense Atletismo","og:description":"La segunda jornada del Campeonato de Europa de Veteranos de Pista Cubierta nos ha tra\u00eddo una nueva y grat\u00edsima noticia: nuestra representante, Emilia Mesa, se ha proclamado CAMPEONA DE EUROPA en la prueba de lanzamiento de jabalina (400 gr) en su categor\u00eda, W60, con una mejor marca de 33,08 metros que son, adem\u00e1s, R\u00c9CORD DEL","og:url":"https:\/\/clubourenseatletismo.es\/blog\/2013\/03\/21\/emilia-mesa-campeona-de-europa\/","article:published_time":"2013-03-21T07:47:12+00:00","article:modified_time":"2013-03-21T07:54:10+00:00","article:publisher":"https:\/\/www.facebook.com\/profile.php?id=100063516489280","twitter:card":"summary","twitter:title":"Emilia Mesa, \u00a1\u00a1 CAMPEONA DE EUROPA !! | Club Ourense Atletismo","twitter:description":"La segunda jornada del Campeonato de Europa de Veteranos de Pista Cubierta nos ha tra\u00eddo una nueva y grat\u00edsima noticia: nuestra representante, Emilia Mesa, se ha proclamado CAMPEONA DE EUROPA en la prueba de lanzamiento de jabalina (400 gr) en su categor\u00eda, W60, con una mejor marca de 33,08 metros que son, adem\u00e1s, R\u00c9CORD DEL"},"aioseo_meta_data":{"post_id":"836","title":null,"description":null,"keywords":null,"keyphrases":null,"primary_term":null,"canonical_url":null,"og_title":null,"og_description":null,"og_object_type":"default","og_image_type":"default","og_image_url":null,"og_image_width":null,"og_image_height":null,"og_image_custom_url":null,"og_image_custom_fields":null,"og_video":null,"og_custom_url":null,"og_article_section":null,"og_article_tags":null,"twitter_use_og":false,"twitter_card":"default","twitter_image_type":"default","twitter_image_url":null,"twitter_image_custom_url":null,"twitter_image_custom_fields":null,"twitter_title":null,"twitter_description":null,"schema":{"blockGraphs":[],"customGraphs":[],"default":{"data":{"Article":[],"Course":[],"Dataset":[],"FAQPage":[],"Movie":[],"Person":[],"Product":[],"ProductReview":[],"Car":[],"Recipe":[],"Service":[],"SoftwareApplication":[],"WebPage":[]},"graphName":"","isEnabled":true},"graphs":[]},"schema_type":null,"schema_type_options":null,"pillar_content":false,"robots_default":true,"robots_noindex":false,"robots_noarchive":false,"robots_nosnippet":false,"robots_nofollow":false,"robots_noimageindex":false,"robots_noodp":false,"robots_notranslate":false,"robots_max_snippet":null,"robots_max_videopreview":null,"robots_max_imagepreview":"large","priority":null,"frequency":null,"location":null,"local_seo":null,"breadcrumb_settings":null,"limit_modified_date":false,"ai":null,"created":"2020-12-24 11:16:13","updated":"2022-09-17 20:13:12","seo_analyzer_scan_date":null,"focus_keyword":null,"additional_keywords":null,"truseo_locale":null},"aioseo_breadcrumb":"<div class=\"aioseo-breadcrumbs\"><span class=\"aioseo-breadcrumb\">\n\t\t\t<a href=\"https:\/\/clubourenseatletismo.es\/blog\" title=\"Inicio\">Inicio<\/a>\n\t\t<\/span><span class=\"aioseo-breadcrumb-separator\">&raquo;<\/span><span class=\"aioseo-breadcrumb\">\n\t\t\t<a href=\"https:\/\/clubourenseatletismo.es\/blog\/category\/club\/\" title=\"Club\">Club<\/a>\n\t\t<\/span><span class=\"aioseo-breadcrumb-separator\">&raquo;<\/span><span class=\"aioseo-breadcrumb\">\n\t\t\tEmilia Mesa, \u00a1\u00a1 CAMPEONA DE EUROPA !!\n\t\t<\/span><\/div>","aioseo_breadcrumb_json":[{"label":"Inicio","link":"https:\/\/clubourenseatletismo.es\/blog"},{"label":"Club","link":"https:\/\/clubourenseatletismo.es\/blog\/category\/club\/"},{"label":"Emilia Mesa, \u00a1\u00a1 CAMPEONA DE EUROPA !!","link":"https:\/\/clubourenseatletismo.es\/blog\/2013\/03\/21\/emilia-mesa-campeona-de-europa\/"}],"_links":{"self":[{"href":"https:\/\/clubourenseatletismo.es\/blog\/wp-json\/wp\/v2\/posts\/836","targetHints":{"allow":["GET"]}}],"collection":[{"href":"https:\/\/clubourenseatletismo.es\/blog\/wp-json\/wp\/v2\/posts"}],"about":[{"href":"https:\/\/clubourenseatletismo.es\/blog\/wp-json\/wp\/v2\/types\/post"}],"author":[{"embeddable":true,"href":"https:\/\/clubourenseatletismo.es\/blog\/wp-json\/wp\/v2\/users\/1"}],"replies":[{"embeddable":true,"href":"https:\/\/clubourenseatletismo.es\/blog\/wp-json\/wp\/v2\/comments?post=836"}],"version-history":[{"count":0,"href":"https:\/\/clubourenseatletismo.es\/blog\/wp-json\/wp\/v2\/posts\/836\/revisions"}],"wp:attachment":[{"href":"https:\/\/clubourenseatletismo.es\/blog\/wp-json\/wp\/v2\/media?parent=836"}],"wp:term":[{"taxonomy":"category","embeddable":true,"href":"https:\/\/clubourenseatletismo.es\/blog\/wp-json\/wp\/v2\/categories?post=836"},{"taxonomy":"post_tag","embeddable":true,"href":"https:\/\/clubourenseatletismo.es\/blog\/wp-json\/wp\/v2\/tags?post=836"}],"curies":[{"name":"wp","href":"https:\/\/api.w.org\/{rel}","templated":true}]}}