{"id":7795,"date":"2018-01-29T20:59:23","date_gmt":"2018-01-29T19:59:23","guid":{"rendered":"http:\/\/clubourenseatletismo.es\/blog\/?p=7795"},"modified":"2018-02-01T17:06:04","modified_gmt":"2018-02-01T16:06:04","slug":"citas-atleticas-da-proxima-semana","status":"publish","type":"post","link":"https:\/\/clubourenseatletismo.es\/blog\/2018\/01\/29\/citas-atleticas-da-proxima-semana\/","title":{"rendered":"Citas Atl\u00e9ticas da Pr\u00f3xima Semana."},"content":{"rendered":"<div>&nbsp;<\/div>\n<div><img loading=\"lazy\" decoding=\"async\" class=\"alignleft wp-image-7325\" src=\"http:\/\/clubourenseatletismo.es\/blog\/wp-content\/uploads\/2017\/11\/Xogade-Campo-a-Trav\u00e9s-724x1024.jpg\" alt=\"\" width=\"144\" height=\"204\" srcset=\"https:\/\/clubourenseatletismo.es\/blog\/wp-content\/uploads\/2017\/11\/Xogade-Campo-a-Trav\u00e9s-724x1024.jpg 724w, https:\/\/clubourenseatletismo.es\/blog\/wp-content\/uploads\/2017\/11\/Xogade-Campo-a-Trav\u00e9s-212x300.jpg 212w, https:\/\/clubourenseatletismo.es\/blog\/wp-content\/uploads\/2017\/11\/Xogade-Campo-a-Trav\u00e9s-768x1086.jpg 768w\" sizes=\"auto, (max-width: 144px) 100vw, 144px\" \/>A cita m\u00e1is importante para as categor\u00edas menores, farase o vindeiro d\u00eda 3 de febreiro. Disputarase a fase Provincial Campo a Traves do programa da Xunta -\u00abXogade\u00bb. Clasificaranse para desputar a Fase Galega,OS DOUS MELLORES EQUIPOS das categor\u00edas Alev\u00edn, Infantil e Cadete, non podendo haber dous equipos da mesma entidade. Adem\u00e1is, clasificaranse os OITO PRIMEIROS\/AS ATLETAS de cada categor\u00eda, sempre e cando non sexan dalg\u00fan dos equipos xa clasificados. En ning\u00fan caso se correr\u00e1 o posto de invitado os atletas que chegaran a partir do 8\u00ba clasificado. Na clasificaci\u00f3n por EQUIPOS, farase sumando os puntos obtidos polos catro (3 en Cadete) corredores mellor clasificados, resultando vencedor o equipo que obte\u00f1a o menor n\u00famero de puntos.<\/div>\n<p style=\"text-align: center;\"><a class=\"fasc-button fasc-size-medium fasc-type-glossy fasc-rounded-medium fasc-ico-before dashicons-format-aside\" style=\"background-color: #218562; color: #ffffff;\" target=\"_blank\" rel=\"noopener\" href=\"https:\/\/atletismo.gal\/wp-content\/uploads\/2017\/11\/HORARIO-PROVINCIAL-Campo-Traves-Escolar-03-02-2018.pdf\">Horario<\/a>&nbsp; <a class=\"fasc-button fasc-size-medium fasc-type-glossy fasc-rounded-medium fasc-ico-before dashicons-groups\" style=\"background-color: #324994; color: #ffffff;\" target=\"_blank\" rel=\"noopener\" href=\"https:\/\/atletismo.gal\/wp-content\/uploads\/2017\/11\/inso030218.pdf\">Inscritos<\/a><\/p>\n<p><span style=\"background-color: #3366ff;\">*Nota: Habr\u00e1 un servico de autob\u00fas puesto por la Conseller\u00eda con salida<\/span><\/p>\n<p><span style=\"background-color: #3366ff;\">10:00 PAVILLON OS REMEDIOS<\/span><\/p>\n<p><span style=\"background-color: #3366ff;\">Destino : Complejo Deportivo de Monterrey.<\/span><\/p>\n<p><span style=\"background-color: #3366ff;\">13:30 MONTERREI<\/span><\/p>\n<p><span style=\"background-color: #3366ff;\">Destino : Ourense Os Remedios<\/span><\/p>\n<p><span style=\"background-color: #3366ff;\">Los atletas deben ir con la equipaci\u00f3n oficial del Club para poder competir en las diversas pruebas en las que estan apuntados.<\/span><\/p>\n<p>&nbsp;<\/p>\n<div>\n<p><img loading=\"lazy\" decoding=\"async\" class=\"alignleft wp-image-6402\" src=\"http:\/\/clubourenseatletismo.es\/blog\/wp-content\/uploads\/2017\/05\/fga.jpg\" alt=\"\" width=\"131\" height=\"131\" srcset=\"https:\/\/clubourenseatletismo.es\/blog\/wp-content\/uploads\/2017\/05\/fga.jpg 512w, https:\/\/clubourenseatletismo.es\/blog\/wp-content\/uploads\/2017\/05\/fga-150x150.jpg 150w, https:\/\/clubourenseatletismo.es\/blog\/wp-content\/uploads\/2017\/05\/fga-300x300.jpg 300w\" sizes=\"auto, (max-width: 131px) 100vw, 131px\" \/><\/p>\n<p>A Delegaci\u00f3n da F.G.A en Lugo organiza o II Campionato de Galicia de Lanzamentos de Inverno para as categor\u00edas sub16 e sub18, que ter\u00e1 lugar no Estadio P\u00e9rez Rivera o vindeiro s\u00e1bado d\u00eda 3. As inscrici\u00f3ns realizaranse a trav\u00e9s do sistema online na web da RFEA ata as 20:00 horas do martes 30 de xaneiro.<\/p>\n<p style=\"text-align: center;\"><a class=\"fasc-button fasc-size-medium fasc-type-glossy fasc-rounded-medium fasc-ico-before dashicons-format-aside\" style=\"background-color: #218562; color: #ffffff;\" target=\"_blank\" rel=\"noopener\" href=\"https:\/\/atletismo.gal\/wp-content\/uploads\/2018\/01\/Circular-3-2018.pdf\">Reglamento<\/a><a class=\"fasc-button fasc-size-medium fasc-type-glossy fasc-rounded-medium fasc-ico-before dashicons-groups\" style=\"background-color: #324994; color: #ffffff;\" target=\"_blank\" rel=\"noopener\" href=\"https:\/\/atletismo.gal\/wp-content\/uploads\/2017\/10\/inssub16.pdf\">Inscritos<\/a><\/p>\n<p>&nbsp;<\/p>\n<p>A Delegaci\u00f3n Lucense de atletismo co patrocinio da Deputaci\u00f3n de Lugo,organiza a 3\u00aa Xornada da Copa Deputaci\u00f3n de Lugo en pista cuberta,o s\u00e1bado 3 de febreiro, en xornada de ma\u00f1\u00e1 e tarde, no Estadio Gregorio P\u00e9rez Rivera. As probas son para as categor\u00edas de cadete a veter\u00e1ns. As inscripci\u00f3ns faranse a trav\u00e9s do sistema online da web da RFEA ata as 22:00 horas do martes.<\/p>\n<\/div>\n<p style=\"text-align: center;\"><a class=\"fasc-button fasc-size-medium fasc-type-glossy fasc-rounded-medium fasc-ico-before dashicons-format-aside\" style=\"background-color: #218562; color: #ffffff;\" target=\"_blank\" rel=\"noopener\" href=\"https:\/\/atletismo.gal\/wp-content\/uploads\/2017\/12\/Copa-Deputaci%C3%B3n-Lugo-2018-3%C2%AA-Xornada-2.pdf\">Reglamento<\/a>&nbsp; <a class=\"fasc-button fasc-size-medium fasc-type-glossy fasc-rounded-medium fasc-ico-before dashicons-groups\" style=\"background-color: #324994; color: #ffffff;\" target=\"_blank\" rel=\"noopener\">Inscritos<\/a><\/p>\n<div>\n<p>&nbsp;<\/p>\n<p>A Federaci\u00f3n Galega de Atletismo a trav\u00e9s da su delegaci\u00f3n en Pontevedra organiza o III Campionato de Galicia de Pentatl\u00f3n de Lanzamentos M\u00e1ster, que ter\u00e1 lugar en Pontevedra o vindeiro domingo d\u00eda 4.<\/p>\n<div>O pentatl\u00f3n de lanzamentos consta das seguintes probas e orden: Martelo, Peso, Disco, Xavelina, e Martelo Pesado. Ser\u00e1 obrigatorio ter unha marca acreditada nun m\u00ednimo de tres das cinco probas. As inscrici\u00f3ns realizaranse a trav\u00e9s do sistema online na web da RFEA ata as 20:00 horas do martes 30. Ser\u00e1n probas en xornada de ma\u00f1\u00e1.<\/div>\n<\/div>\n<p style=\"text-align: center;\"><a class=\"fasc-button fasc-size-medium fasc-type-glossy fasc-rounded-medium fasc-ico-before dashicons-format-aside\" style=\"background-color: #218562; color: #ffffff;\" target=\"_blank\" rel=\"noopener\" href=\"https:\/\/atletismo.gal\/wp-content\/uploads\/2018\/01\/Circular-6-2018.pdf\">Reglamento<\/a>&nbsp; <a class=\"fasc-button fasc-size-medium fasc-type-glossy fasc-rounded-medium fasc-ico-before dashicons-groups\" style=\"background-color: #324994; color: #ffffff;\" target=\"_blank\" href=\"https:\/\/atletismo.gal\/wp-content\/uploads\/2017\/10\/inspentamaster.pdf\">Inscritos<\/a><\/p>\n<div>&nbsp;<\/div>\n<div><img loading=\"lazy\" decoding=\"async\" class=\"alignleft wp-image-7824\" src=\"http:\/\/clubourenseatletismo.es\/blog\/wp-content\/uploads\/2018\/01\/Cros-ribadavia-2018-web--725x1024.jpg\" alt=\"\" width=\"122\" height=\"172\" srcset=\"https:\/\/clubourenseatletismo.es\/blog\/wp-content\/uploads\/2018\/01\/Cros-ribadavia-2018-web--725x1024.jpg 725w, https:\/\/clubourenseatletismo.es\/blog\/wp-content\/uploads\/2018\/01\/Cros-ribadavia-2018-web--212x300.jpg 212w, https:\/\/clubourenseatletismo.es\/blog\/wp-content\/uploads\/2018\/01\/Cros-ribadavia-2018-web--768x1085.jpg 768w, https:\/\/clubourenseatletismo.es\/blog\/wp-content\/uploads\/2018\/01\/Cros-ribadavia-2018-web-.jpg 886w\" sizes=\"auto, (max-width: 122px) 100vw, 122px\" \/>Outra das citas dos atletas na nosa provincia ser\u00e1 en Ribadavia (Ourense) o domingo d\u00eda 4 nas probas que&nbsp; a Federaci\u00f3n Galega de Atletismo organiza.<\/div>\n<div>&nbsp;<\/div>\n<div>&nbsp;Disputaranse:<\/div>\n<ul>\n<li style=\"text-align: center;\">LXXXIII Campionato de Galicia Absoluto Homes.<\/li>\n<li style=\"text-align: center;\">LI Campionato de Galicia Absoluto Mulleres.<\/li>\n<li style=\"text-align: center;\">LI Campionato de Galicia Sub23 Homes.<\/li>\n<li style=\"text-align: center;\">XXXVI Campionato de Galicia Sub23 Mulleres.<\/li>\n<li style=\"text-align: center;\">LI Campionato de Galicia Sub20 Homes.<\/li>\n<li style=\"text-align: center;\">XXXVII Campionato de Galicia Sub20 Mulleres.<\/li>\n<\/ul>\n<div>&nbsp;<\/div>\n<div>Realizarase unha clasificaci\u00f3n individual e outra por equipos en cada unha das categor\u00edas e unha clasificaci\u00f3n absoluta a nivel individual.<\/div>\n<div>Para a clasificaci\u00f3n por equipos terase en conta o\/as seis primeiro\/as atletas do mesmo equipo, que cheguen \u00e1 meta e sumaranse os postos do\/as catro primeiro(as (ag\u00e1s das categor\u00edas sub20 e sub23 feminino que sumaranse as 3 primeiras).<\/div>\n<div>As inscrici\u00f3ns realizaranse a trav\u00e9s do sistema online na web da R.F.E.A, como data l\u00edmite o martes 30 de xaneiro \u00e1s 20:00 horas.<\/div>\n<p style=\"text-align: center;\"><a class=\"fasc-button fasc-size-medium fasc-type-glossy fasc-rounded-medium fasc-ico-before dashicons-format-aside\" style=\"background-color: #218562; color: #ffffff;\" target=\"_blank\" rel=\"noopener\" href=\"https:\/\/atletismo.gal\/wp-content\/uploads\/2018\/01\/Circular-8-2018.pdf\">Reglamento<\/a>&nbsp; <a class=\"fasc-button fasc-size-medium fasc-type-glossy fasc-rounded-medium fasc-ico-before dashicons-groups\" style=\"background-color: #324994; color: #ffffff;\" target=\"_blank\" rel=\"noopener\" href=\"https:\/\/atletismo.gal\/wp-content\/uploads\/2017\/10\/inscrib040218.pdf\">Inscritos<\/a>&nbsp;<a class=\"fasc-button fasc-size-medium fasc-type-glossy fasc-rounded-medium fasc-ico-before dashicons-format-aside\" style=\"background-color: #218562; color: #ffffff;\" target=\"_blank\" rel=\"noopener\" href=\"https:\/\/atletismo.gal\/wp-content\/uploads\/2018\/02\/Circular-11-2018.pdf\">Horario\/ Caix\u00f3ns<\/a><\/p>\n<p>&nbsp;<\/p>\n","protected":false},"excerpt":{"rendered":"<p>&nbsp; A cita m\u00e1is importante para as categor\u00edas menores, farase o vindeiro d\u00eda 3 de febreiro. Disputarase a fase Provincial Campo a Traves do programa da Xunta -\u00abXogade\u00bb. Clasificaranse para desputar a Fase Galega,OS DOUS MELLORES EQUIPOS das categor\u00edas Alev\u00edn, Infantil e Cadete, non podendo&#8230;<\/p>\n","protected":false},"author":1,"featured_media":0,"comment_status":"closed","ping_status":"closed","sticky":false,"template":"","format":"standard","meta":{"footnotes":""},"categories":[7],"tags":[],"class_list":["post-7795","post","type-post","status-publish","format-standard","hentry","category-noticias"],"aioseo_notices":[],"_links":{"self":[{"href":"https:\/\/clubourenseatletismo.es\/blog\/wp-json\/wp\/v2\/posts\/7795","targetHints":{"allow":["GET"]}}],"collection":[{"href":"https:\/\/clubourenseatletismo.es\/blog\/wp-json\/wp\/v2\/posts"}],"about":[{"href":"https:\/\/clubourenseatletismo.es\/blog\/wp-json\/wp\/v2\/types\/post"}],"author":[{"embeddable":true,"href":"https:\/\/clubourenseatletismo.es\/blog\/wp-json\/wp\/v2\/users\/1"}],"replies":[{"embeddable":true,"href":"https:\/\/clubourenseatletismo.es\/blog\/wp-json\/wp\/v2\/comments?post=7795"}],"version-history":[{"count":14,"href":"https:\/\/clubourenseatletismo.es\/blog\/wp-json\/wp\/v2\/posts\/7795\/revisions"}],"predecessor-version":[{"id":7832,"href":"https:\/\/clubourenseatletismo.es\/blog\/wp-json\/wp\/v2\/posts\/7795\/revisions\/7832"}],"wp:attachment":[{"href":"https:\/\/clubourenseatletismo.es\/blog\/wp-json\/wp\/v2\/media?parent=7795"}],"wp:term":[{"taxonomy":"category","embeddable":true,"href":"https:\/\/clubourenseatletismo.es\/blog\/wp-json\/wp\/v2\/categories?post=7795"},{"taxonomy":"post_tag","embeddable":true,"href":"https:\/\/clubourenseatletismo.es\/blog\/wp-json\/wp\/v2\/tags?post=7795"}],"curies":[{"name":"wp","href":"https:\/\/api.w.org\/{rel}","templated":true}]}}