{"id":7618,"date":"2018-01-02T20:51:23","date_gmt":"2018-01-02T19:51:23","guid":{"rendered":"http:\/\/clubourenseatletismo.es\/blog\/?p=7618"},"modified":"2018-01-02T20:51:23","modified_gmt":"2018-01-02T19:51:23","slug":"resultados-san-silvestres","status":"publish","type":"post","link":"https:\/\/clubourenseatletismo.es\/blog\/2018\/01\/02\/resultados-san-silvestres\/","title":{"rendered":"Resultados San Silvestres."},"content":{"rendered":"<p><img loading=\"lazy\" decoding=\"async\" class=\"wp-image-7619 alignleft\" src=\"http:\/\/clubourenseatletismo.es\/blog\/wp-content\/uploads\/2018\/01\/IMG_20171231_174839-768x1024.jpg\" alt=\"\" width=\"350\" height=\"467\" srcset=\"https:\/\/clubourenseatletismo.es\/blog\/wp-content\/uploads\/2018\/01\/IMG_20171231_174839-768x1024.jpg 768w, https:\/\/clubourenseatletismo.es\/blog\/wp-content\/uploads\/2018\/01\/IMG_20171231_174839-225x300.jpg 225w\" sizes=\"auto, (max-width: 350px) 100vw, 350px\" \/> <img loading=\"lazy\" decoding=\"async\" class=\"wp-image-7620 aligncenter\" src=\"http:\/\/clubourenseatletismo.es\/blog\/wp-content\/uploads\/2018\/01\/IMG_20171231_164317.bmp\" alt=\"\" width=\"293\" height=\"390\"><\/p>\n<p>&nbsp;<\/p>\n<p>&nbsp;<\/p>\n<p>&nbsp;<\/p>\n<p>A la misma hora se disputaron dos pruebas pedestres en nuestra provincia. La m\u00e1s consolidada de las pruebas, se desarroll\u00f3 en el entorno del Parque N\u00e1utico de Castrelo de Mi\u00f1o, a las 16.00 horas. Se trataba de la San Silvestre de Castrelo, prueba donde la victoria ser\u00eda para el mejor fondista ourensano en la actualidad, Alejandro Fern\u00e1ndez, quien se colocaba por delante del compa\u00f1ero de club Rub\u00e9n Diz. En el apartado femenino destacar a Ant\u00eda Abad que lograba la 2\u00aa posici\u00f3n en la general. En la carrera estuvieron presentes tambi\u00e9n Fco Espi\u00f1a 13\u00ba de la general y Esther Bouso 31\u00aa. Se trata de una prueba de marcado car\u00e1cter competitivo, donde habitualmente acuden atletas de relevancia y que contaba con m\u00e1s de 450 inscritos. Victoria tambi\u00e9n para nuestro club en las categor\u00eda menores al entrar en primera posici\u00f3n Mart\u00edn Rivera, el siguiente representante de nuestro club ser\u00eda Javier Malingre 9\u00ba.<\/p>\n<p>Destacar tambi\u00e9n la presencia de atletas de nuestra reci\u00e9n creada escuela de Triatl\u00f3n, de tal manera que Pablo Temes ser\u00eda 14\u00ba y su compa\u00f1ero Pablo Bracanti 45\u00ba.<\/p>\n<p>&nbsp;<\/p>\n<p style=\"text-align: center;\"><a class=\"fasc-button fasc-size-medium fasc-type-glossy fasc-rounded-medium ico-fa fasc-ico-before fa-trophy\" style=\"background-color: #e66903; color: #ffffff;\" target=\"_blank\" rel=\"noopener\" href=\"https:\/\/championchipnorte.com\/resultados\/xix-san-silvestre-castrelo-de-mino\/probas-de-menores-nados-entre-2003-2008\/1\">Resultados Menores<\/a>&nbsp;&nbsp; <a class=\"fasc-button fasc-size-medium fasc-type-flat\" style=\"background-color: #33809e; color: #ffffff;\" href=\"https:\/\/championchipnorte.com\/resultados\/xix-san-silvestre-castrelo-de-mino\/proba-absoluta-nados-2002-e-anteriores\/1\">Resultados Absoluta<\/a><\/p>\n<p>&nbsp;<\/p>\n<p><img loading=\"lazy\" decoding=\"async\" class=\"wp-image-7627 aligncenter\" src=\"http:\/\/clubourenseatletismo.es\/blog\/wp-content\/uploads\/2018\/01\/24546142377_ae58b0f4ea_o-1024x683.jpg\" alt=\"\" width=\"664\" height=\"443\" srcset=\"https:\/\/clubourenseatletismo.es\/blog\/wp-content\/uploads\/2018\/01\/24546142377_ae58b0f4ea_o-1024x683.jpg 1024w, https:\/\/clubourenseatletismo.es\/blog\/wp-content\/uploads\/2018\/01\/24546142377_ae58b0f4ea_o-300x200.jpg 300w, https:\/\/clubourenseatletismo.es\/blog\/wp-content\/uploads\/2018\/01\/24546142377_ae58b0f4ea_o-768x512.jpg 768w, https:\/\/clubourenseatletismo.es\/blog\/wp-content\/uploads\/2018\/01\/24546142377_ae58b0f4ea_o.jpg 1200w\" sizes=\"auto, (max-width: 664px) 100vw, 664px\" \/><\/p>\n<p>La segunda de las citas, se disputaba por segundo a\u00f1o consecutivo en la capital y reuni\u00f3 a un buen n\u00famero de aficionados. Con salida y meta en el Xard\u00edn do Pos\u00edo la carrera cont\u00f3 con la participaci\u00f3n de m\u00e1s de 1.000 corredores de todas las edades contando con todas las categor\u00edas, aficionados que aprovecharon la oportunidad de correr por las calles&nbsp; de la ciudad. La victoria absoluta y en su categor\u00eda fue para nuestro Alejandro Montero, otros atletas que consegu\u00edan la victor\u00eda en sus categor\u00edas fueron Alejandro Cadaya en la categor\u00eda sub-20 as\u00ed como Cristina Colomo en m\u00e1ster C.F. 1\u00aa,&nbsp; Ant\u00eda Castro sub-16F 1\u00aa y&nbsp; triunfo en sub10-12 de Miguel Carbajales. Posiciones destacadas fueron las de Edwin Varela sub-23 que ser\u00eda 2\u00ba&nbsp; y Diego Babarro m\u00e1ster A que ser\u00eda 3\u00ba.&nbsp; Destacar en su debut a Helena Miguelez as\u00ed como las actuaciones de&nbsp; Germ\u00e1n Quiroga, David Filgueira, Jose M. V\u00e1zquez y M\u00aa Jos\u00e9 Tour\u00f3n en las categor\u00edas absolutas y de Kevin Torres, Rita V\u00e1zquez y su hermana Lara,&nbsp; Lukas Lemos y Mateo Dibuja en las categor\u00edas menores, ya que sin su participaci\u00f3n esta cr\u00f3nica no tendr\u00eda sentido.<\/p>\n<p style=\"text-align: center;\"><a class=\"fasc-button fasc-size-medium fasc-type-glossy fasc-rounded-medium fasc-ico-before dashicons-camera\" style=\"background-color: #33809e; color: #ffffff;\" target=\"_blank\" rel=\"noopener\" href=\"https:\/\/www.flickr.com\/gp\/149673850@N02\/9268Z1\">Fotos Carlos Quiroga<\/a> <a class=\"fasc-button fasc-size-medium fasc-type-glossy fasc-rounded-medium ico-fa fasc-ico-before fa-trophy\" style=\"background-color: #e66903; color: #ffffff;\" target=\"_blank\" rel=\"noopener\" href=\"https:\/\/atletismo.gal\/wp-content\/uploads\/2017\/11\/Resultados-San-Silvestre-Ourens%C3%A1-2017.pdf\">Resultados<\/a><\/p>\n<p>&nbsp;<\/p>\n","protected":false},"excerpt":{"rendered":"<p>&nbsp; &nbsp; &nbsp; A la misma hora se disputaron dos pruebas pedestres en nuestra provincia. La m\u00e1s consolidada de las pruebas, se desarroll\u00f3 en el entorno del Parque N\u00e1utico de Castrelo de Mi\u00f1o, a las 16.00 horas. Se trataba de la San Silvestre de Castrelo,&#8230;<\/p>\n","protected":false},"author":1,"featured_media":0,"comment_status":"closed","ping_status":"closed","sticky":false,"template":"","format":"standard","meta":{"footnotes":""},"categories":[9],"tags":[],"class_list":["post-7618","post","type-post","status-publish","format-standard","hentry","category-resultados"],"aioseo_notices":[],"_links":{"self":[{"href":"https:\/\/clubourenseatletismo.es\/blog\/wp-json\/wp\/v2\/posts\/7618","targetHints":{"allow":["GET"]}}],"collection":[{"href":"https:\/\/clubourenseatletismo.es\/blog\/wp-json\/wp\/v2\/posts"}],"about":[{"href":"https:\/\/clubourenseatletismo.es\/blog\/wp-json\/wp\/v2\/types\/post"}],"author":[{"embeddable":true,"href":"https:\/\/clubourenseatletismo.es\/blog\/wp-json\/wp\/v2\/users\/1"}],"replies":[{"embeddable":true,"href":"https:\/\/clubourenseatletismo.es\/blog\/wp-json\/wp\/v2\/comments?post=7618"}],"version-history":[{"count":21,"href":"https:\/\/clubourenseatletismo.es\/blog\/wp-json\/wp\/v2\/posts\/7618\/revisions"}],"predecessor-version":[{"id":7643,"href":"https:\/\/clubourenseatletismo.es\/blog\/wp-json\/wp\/v2\/posts\/7618\/revisions\/7643"}],"wp:attachment":[{"href":"https:\/\/clubourenseatletismo.es\/blog\/wp-json\/wp\/v2\/media?parent=7618"}],"wp:term":[{"taxonomy":"category","embeddable":true,"href":"https:\/\/clubourenseatletismo.es\/blog\/wp-json\/wp\/v2\/categories?post=7618"},{"taxonomy":"post_tag","embeddable":true,"href":"https:\/\/clubourenseatletismo.es\/blog\/wp-json\/wp\/v2\/tags?post=7618"}],"curies":[{"name":"wp","href":"https:\/\/api.w.org\/{rel}","templated":true}]}}