{"id":7607,"date":"2017-12-28T17:03:31","date_gmt":"2017-12-28T16:03:31","guid":{"rendered":"http:\/\/clubourenseatletismo.es\/blog\/?p=7607"},"modified":"2017-12-28T17:03:31","modified_gmt":"2017-12-28T16:03:31","slug":"iii-campionato-de-galicia-de-clubs-de-probas-combinadas","status":"publish","type":"post","link":"https:\/\/clubourenseatletismo.es\/blog\/2017\/12\/28\/iii-campionato-de-galicia-de-clubs-de-probas-combinadas\/","title":{"rendered":"III Campionato de Galicia de Clubs de Probas Combinadas."},"content":{"rendered":"<div><img loading=\"lazy\" decoding=\"async\" class=\"alignleft wp-image-6402\" src=\"http:\/\/clubourenseatletismo.es\/blog\/wp-content\/uploads\/2017\/05\/fga.jpg\" alt=\"\" width=\"138\" height=\"138\" srcset=\"https:\/\/clubourenseatletismo.es\/blog\/wp-content\/uploads\/2017\/05\/fga.jpg 512w, https:\/\/clubourenseatletismo.es\/blog\/wp-content\/uploads\/2017\/05\/fga-150x150.jpg 150w, https:\/\/clubourenseatletismo.es\/blog\/wp-content\/uploads\/2017\/05\/fga-300x300.jpg 300w\" sizes=\"auto, (max-width: 138px) 100vw, 138px\" \/>Os d\u00edas 30 e 31 de Decembro ter\u00e1 lugar o III Campionato de Galicia de Clubs de probas combinadas,na pista cuberta de Expourense. O evento est\u00e1 organizado pola Federaci\u00f3n Galega de Atletismo a trav\u00e9s da s\u00faa delegaci\u00f3n en Ourense. As categor\u00edas que tomar\u00e1n parte ser\u00e1n dende a cadete en diante participando os atletas en dous grupos, tanto na categor\u00eda masculina como na feminina. Estaremos atentos o papel que os nosos atletas van desempe\u00f1ar.<\/div>\n<div>&nbsp;<\/div>\n<div style=\"text-align: center;\"><a class=\"fasc-button fasc-size-medium fasc-type-glossy fasc-rounded-medium fasc-ico-before dashicons-groups\" style=\"background-color: #324994; color: #ffffff;\" target=\"_blank\" rel=\"noopener\" href=\"https:\/\/atletismo.gal\/wp-content\/uploads\/2017\/11\/Inscritos-III-Campionato-de-Galicia-de-Clubs-de-Probas-Combinadas-PC-2.pdf\">Incritos<\/a>&nbsp; <a class=\"fasc-button fasc-size-medium fasc-type-glossy fasc-rounded-medium fasc-ico-before dashicons-format-aside\" style=\"background-color: #218562; color: #ffffff;\" target=\"_blank\" rel=\"noopener\" href=\"https:\/\/atletismo.gal\/wp-content\/uploads\/2017\/12\/Circular-112-2017.pdf\">Horario<\/a>&nbsp; <a class=\"fasc-button fasc-size-medium fasc-type-glossy fasc-rounded-medium fasc-ico-before dashicons-backup\" style=\"background-color: #82107c; color: #ffffff;\" target=\"_blank\" rel=\"noopener\" href=\"https:\/\/atletismo.gal\/wp-content\/uploads\/2017\/12\/Circular-104-2017-1.pdf\">Circular<\/a><\/div>\n","protected":false},"excerpt":{"rendered":"<p>Os d\u00edas 30 e 31 de Decembro ter\u00e1 lugar o III Campionato de Galicia de Clubs de probas combinadas,na pista cuberta de Expourense. O evento est\u00e1 organizado pola Federaci\u00f3n Galega de Atletismo a trav\u00e9s da s\u00faa delegaci\u00f3n en Ourense. As categor\u00edas que tomar\u00e1n parte ser\u00e1n&#8230;<\/p>\n","protected":false},"author":1,"featured_media":0,"comment_status":"closed","ping_status":"closed","sticky":false,"template":"","format":"standard","meta":{"footnotes":""},"categories":[7],"tags":[],"class_list":["post-7607","post","type-post","status-publish","format-standard","hentry","category-noticias"],"aioseo_notices":[],"_links":{"self":[{"href":"https:\/\/clubourenseatletismo.es\/blog\/wp-json\/wp\/v2\/posts\/7607","targetHints":{"allow":["GET"]}}],"collection":[{"href":"https:\/\/clubourenseatletismo.es\/blog\/wp-json\/wp\/v2\/posts"}],"about":[{"href":"https:\/\/clubourenseatletismo.es\/blog\/wp-json\/wp\/v2\/types\/post"}],"author":[{"embeddable":true,"href":"https:\/\/clubourenseatletismo.es\/blog\/wp-json\/wp\/v2\/users\/1"}],"replies":[{"embeddable":true,"href":"https:\/\/clubourenseatletismo.es\/blog\/wp-json\/wp\/v2\/comments?post=7607"}],"version-history":[{"count":2,"href":"https:\/\/clubourenseatletismo.es\/blog\/wp-json\/wp\/v2\/posts\/7607\/revisions"}],"predecessor-version":[{"id":7609,"href":"https:\/\/clubourenseatletismo.es\/blog\/wp-json\/wp\/v2\/posts\/7607\/revisions\/7609"}],"wp:attachment":[{"href":"https:\/\/clubourenseatletismo.es\/blog\/wp-json\/wp\/v2\/media?parent=7607"}],"wp:term":[{"taxonomy":"category","embeddable":true,"href":"https:\/\/clubourenseatletismo.es\/blog\/wp-json\/wp\/v2\/categories?post=7607"},{"taxonomy":"post_tag","embeddable":true,"href":"https:\/\/clubourenseatletismo.es\/blog\/wp-json\/wp\/v2\/tags?post=7607"}],"curies":[{"name":"wp","href":"https:\/\/api.w.org\/{rel}","templated":true}]}}