{"id":7590,"date":"2017-12-26T17:45:55","date_gmt":"2017-12-26T16:45:55","guid":{"rendered":"http:\/\/clubourenseatletismo.es\/blog\/?p=7590"},"modified":"2017-12-26T18:58:21","modified_gmt":"2017-12-26T17:58:21","slug":"actuaciones-de-nuestros-atletas-en-las-diferentes-competiciones","status":"publish","type":"post","link":"https:\/\/clubourenseatletismo.es\/blog\/2017\/12\/26\/actuaciones-de-nuestros-atletas-en-las-diferentes-competiciones\/","title":{"rendered":"Actuaciones de nuestros atletas en las diferentes competiciones."},"content":{"rendered":"<p><img loading=\"lazy\" decoding=\"async\" class=\"wp-image-6402 alignleft\" src=\"http:\/\/clubourenseatletismo.es\/blog\/wp-content\/uploads\/2017\/05\/fga.jpg\" alt=\"\" width=\"139\" height=\"139\" srcset=\"https:\/\/clubourenseatletismo.es\/blog\/wp-content\/uploads\/2017\/05\/fga.jpg 512w, https:\/\/clubourenseatletismo.es\/blog\/wp-content\/uploads\/2017\/05\/fga-150x150.jpg 150w, https:\/\/clubourenseatletismo.es\/blog\/wp-content\/uploads\/2017\/05\/fga-300x300.jpg 300w\" sizes=\"auto, (max-width: 139px) 100vw, 139px\" \/>La primera de las citas ser\u00eda el d\u00eda 22 en el II Trofeo de Atletismo en pista da USC,siendo&nbsp; en jornada de tarde. Nuestro grupo m\u00e1s representativo estaba formado por las mujeres en esta competici\u00f3n. De tal manera que <em>Elena Freiria<\/em> en el salto de longitud 2\u00aa y en el triple salto 1\u00aa era la atleta m\u00e1s destadada ,<em> Uma Cibeira<\/em> participaba en el salto de altura 6\u00aa y en el lanzamiento de peso 3\u00aa, <em>Ainhoa Prieto<\/em> en los 60 mts con un discreto papel y en el lanzamiento de peso 4\u00aa. Y por la parte masculina nuestros representantes fueron <em>Sergio Gonz\u00e1lez<\/em> en los 60 mts 11\u00ba y en los 400 mts 13\u00ba y <em>Tom\u00e1s Fraiz<\/em> quien lograba un 8\u00ba puesto en la milla.<\/p>\n<p style=\"text-align: center;\"><a class=\"fasc-button fasc-size-medium fasc-type-glossy fasc-rounded-medium ico-fa fasc-ico-before fa-trophy\" style=\"background-color: #e66903; color: #ffffff;\" target=\"_blank\" rel=\"noopener\" href=\"http:\/\/ranking.atletismo.gal\/online\/2017-2018\/santiago\/20171222Santiago\/\">Resultados<\/a><\/p>\n<p>&nbsp;<\/p>\n<p><img loading=\"lazy\" decoding=\"async\" class=\"wp-image-7597 aligncenter\" src=\"http:\/\/clubourenseatletismo.es\/blog\/wp-content\/uploads\/2017\/12\/25444702018_27b6f7f4e2_o.jpg\" alt=\"\" width=\"646\" height=\"429\" srcset=\"https:\/\/clubourenseatletismo.es\/blog\/wp-content\/uploads\/2017\/12\/25444702018_27b6f7f4e2_o.jpg 960w, https:\/\/clubourenseatletismo.es\/blog\/wp-content\/uploads\/2017\/12\/25444702018_27b6f7f4e2_o-300x199.jpg 300w, https:\/\/clubourenseatletismo.es\/blog\/wp-content\/uploads\/2017\/12\/25444702018_27b6f7f4e2_o-768x510.jpg 768w\" sizes=\"auto, (max-width: 646px) 100vw, 646px\" \/><\/p>\n<p>Se celebr\u00f3 el pasado 23 por la tarde la 4\u00aa edici\u00f3n de la Carrera Popular de Ribadavia que cont\u00f3 con la presencia de 300 atletas en todas las categor\u00edas. La carrera recorri\u00f3 los entornos m\u00e1s significativos de Ribadavia como el \u00e1rea recreativa de A Veronza, los paseos del Avia y del Mi\u00f1o, cruz\u00f3 la zona de vi\u00f1edos por Francelos y, de regreso hizo una ruta por las calles del casco hist\u00f3rico. En esta ocasi\u00f3n estuvimos representados por estos atletas de nuestro club: Germ\u00e1n Quiroga 8\u00ba y Jos\u00e9 Lu\u00eds N\u00f3voa 27\u00ba en la categor\u00eda m\u00e1ster masculina y por Silvia Teijeiro 2\u00aa en la categor\u00eda m\u00e1ster femenina,&nbsp; ya con las categor\u00edas menores har\u00edan lo propio Kevin Torres 2\u00ba sub16, Pablo Cudeiro 4\u00ba sub-14 y Marta Quiroga 2\u00aa sub12-F.<\/p>\n<p style=\"text-align: center;\"><a class=\"fasc-button fasc-size-medium fasc-type-glossy fasc-rounded-medium fasc-ico-before dashicons-camera\" style=\"background-color: #33809e; color: #ffffff;\" target=\"_blank\" rel=\"noopener\" href=\"https:\/\/flic.kr\/s\/aHsm8h4aef\">Fotos Germ\u00e1n Quiroga<\/a>&nbsp; <a class=\"fasc-button fasc-size-medium fasc-type-glossy fasc-rounded-medium ico-fa fasc-ico-before fa-trophy\" style=\"background-color: #e66903; color: #ffffff;\" target=\"_blank\" rel=\"noopener\" href=\"https:\/\/atletismo.gal\/wp-content\/uploads\/2017\/10\/Resultados-IV-Carreira-Popular-de-Ribadavia.pdf\">Resultados<\/a><\/p>\n<p>&nbsp;<\/p>\n<p><img loading=\"lazy\" decoding=\"async\" class=\"wp-image-7603 aligncenter\" src=\"http:\/\/clubourenseatletismo.es\/blog\/wp-content\/uploads\/2017\/12\/25444633578_fc355e6f4b_o-1024x768.jpg\" alt=\"\" width=\"640\" height=\"480\" srcset=\"https:\/\/clubourenseatletismo.es\/blog\/wp-content\/uploads\/2017\/12\/25444633578_fc355e6f4b_o-1024x768.jpg 1024w, https:\/\/clubourenseatletismo.es\/blog\/wp-content\/uploads\/2017\/12\/25444633578_fc355e6f4b_o-300x225.jpg 300w, https:\/\/clubourenseatletismo.es\/blog\/wp-content\/uploads\/2017\/12\/25444633578_fc355e6f4b_o-768x576.jpg 768w, https:\/\/clubourenseatletismo.es\/blog\/wp-content\/uploads\/2017\/12\/25444633578_fc355e6f4b_o.jpg 1600w\" sizes=\"auto, (max-width: 640px) 100vw, 640px\" \/><\/p>\n<p>Otra de las oportunidades en la que nuestros atletas pod\u00edan obtener esas marcas tan necesarias para poder competir, se disput\u00f3 en tierras ol\u00edvicas ser\u00eda el III Trofeo Solidario de Nadal Celta Atletismo. En esta ocasi\u00f3n ser\u00eda el grupo m\u00e1s numeroso y acompa\u00f1ados de nuestro entrenador Oscar Seoane, lograban disfrutar de esta solidaria competici\u00f3n. Sobresalieron&nbsp; en la categor\u00eda sub 12, Lara V\u00e1zquez siendo 3\u00aa en los 500 mts, en la categor\u00eda sub14 la m\u00e1s destacada fue Mara Ruiz quien era 1\u00aa en los 60 mts y 2\u00aa en el salto de longitud, Anxela Seoane lograba la 3\u00aa posici\u00f3n en los 500 mts y Sabela M\u00edguez en los 60 mts era 2\u00aa. Destacar en la categor\u00eda sub16 a Alicia Ramos 2\u00aa en el salto de altura.<\/p>\n<p style=\"text-align: center;\"><a class=\"fasc-button fasc-size-medium fasc-type-flat\" style=\"background-color: #33809e; color: #ffffff;\" href=\"https:\/\/atletismo.gal\/wp-content\/uploads\/2017\/11\/rv231217.pdf\">Resultados<\/a> <a class=\"fasc-button fasc-size-medium fasc-type-glossy fasc-rounded-medium fasc-ico-before dashicons-camera\" style=\"background-color: #33809e; color: #ffffff;\" target=\"_blank\" rel=\"noopener\" href=\"https:\/\/www.facebook.com\/OSCARUNIN\/media_set?set=a.1806183612725564.1073741923.100000018290320&amp;type=1&amp;l=74eed86048\">Fotos Oscar del Campo<\/a>&nbsp; <a class=\"fasc-button fasc-size-medium fasc-type-glossy fasc-rounded-medium fasc-ico-before dashicons-camera\" style=\"background-color: #33809e; color: #ffffff;\" target=\"_blank\" href=\"https:\/\/flic.kr\/s\/aHsmbkjSSA\">Fotos Otros<\/a><\/p>\n<p>&nbsp;<\/p>\n<p>Por \u00faltimo otra de las citas donde tambi\u00e9n estar\u00edamos representados ser\u00eda el III Trofeo do Nadal Verxel Nutricion Integral, en esta ocasi\u00f3n se desplaz\u00f3 hasta Lugo uno de nuestros atletas, Mart\u00edn M\u00edguez intentaba mejorar sus marcas personales con desiguales resultados, en los 60 mts era 35\u00ba con un tiempo de 08.23, en el salto de Longitud 5\u00ba con un salto de 4.84 mts&nbsp; y en el salto de altura 16\u00ba con un salto de 1.40mts.<\/p>\n<p style=\"text-align: center;\"><a class=\"fasc-button fasc-size-medium fasc-type-glossy fasc-rounded-medium ico-fa fasc-ico-before fa-trophy\" style=\"background-color: #e66903; color: #ffffff;\" target=\"_blank\" rel=\"noopener\" href=\"https:\/\/atletismo.gal\/wp-content\/uploads\/2017\/11\/rl231217-2.pdf\">Resultados<\/a><\/p>\n<p>&nbsp;<\/p>\n","protected":false},"excerpt":{"rendered":"<p>La primera de las citas ser\u00eda el d\u00eda 22 en el II Trofeo de Atletismo en pista da USC,siendo&nbsp; en jornada de tarde. Nuestro grupo m\u00e1s representativo estaba formado por las mujeres en esta competici\u00f3n. De tal manera que Elena Freiria en el salto de&#8230;<\/p>\n","protected":false},"author":1,"featured_media":0,"comment_status":"closed","ping_status":"closed","sticky":false,"template":"","format":"standard","meta":{"footnotes":""},"categories":[9],"tags":[],"class_list":["post-7590","post","type-post","status-publish","format-standard","hentry","category-resultados"],"aioseo_notices":[],"_links":{"self":[{"href":"https:\/\/clubourenseatletismo.es\/blog\/wp-json\/wp\/v2\/posts\/7590","targetHints":{"allow":["GET"]}}],"collection":[{"href":"https:\/\/clubourenseatletismo.es\/blog\/wp-json\/wp\/v2\/posts"}],"about":[{"href":"https:\/\/clubourenseatletismo.es\/blog\/wp-json\/wp\/v2\/types\/post"}],"author":[{"embeddable":true,"href":"https:\/\/clubourenseatletismo.es\/blog\/wp-json\/wp\/v2\/users\/1"}],"replies":[{"embeddable":true,"href":"https:\/\/clubourenseatletismo.es\/blog\/wp-json\/wp\/v2\/comments?post=7590"}],"version-history":[{"count":13,"href":"https:\/\/clubourenseatletismo.es\/blog\/wp-json\/wp\/v2\/posts\/7590\/revisions"}],"predecessor-version":[{"id":7606,"href":"https:\/\/clubourenseatletismo.es\/blog\/wp-json\/wp\/v2\/posts\/7590\/revisions\/7606"}],"wp:attachment":[{"href":"https:\/\/clubourenseatletismo.es\/blog\/wp-json\/wp\/v2\/media?parent=7590"}],"wp:term":[{"taxonomy":"category","embeddable":true,"href":"https:\/\/clubourenseatletismo.es\/blog\/wp-json\/wp\/v2\/categories?post=7590"},{"taxonomy":"post_tag","embeddable":true,"href":"https:\/\/clubourenseatletismo.es\/blog\/wp-json\/wp\/v2\/tags?post=7590"}],"curies":[{"name":"wp","href":"https:\/\/api.w.org\/{rel}","templated":true}]}}