{"id":7570,"date":"2017-12-25T18:49:21","date_gmt":"2017-12-25T17:49:21","guid":{"rendered":"http:\/\/clubourenseatletismo.es\/blog\/?p=7570"},"modified":"2017-12-29T15:48:52","modified_gmt":"2017-12-29T14:48:52","slug":"competiciones-ultima-semana-del-ano","status":"publish","type":"post","link":"https:\/\/clubourenseatletismo.es\/blog\/2017\/12\/25\/competiciones-ultima-semana-del-ano\/","title":{"rendered":"Competiciones Ultima Semana del A\u00f1o."},"content":{"rendered":"<div><img loading=\"lazy\" decoding=\"async\" class=\"alignleft wp-image-6402\" src=\"http:\/\/clubourenseatletismo.es\/blog\/wp-content\/uploads\/2017\/05\/fga.jpg\" alt=\"\" width=\"132\" height=\"132\" srcset=\"https:\/\/clubourenseatletismo.es\/blog\/wp-content\/uploads\/2017\/05\/fga.jpg 512w, https:\/\/clubourenseatletismo.es\/blog\/wp-content\/uploads\/2017\/05\/fga-150x150.jpg 150w, https:\/\/clubourenseatletismo.es\/blog\/wp-content\/uploads\/2017\/05\/fga-300x300.jpg 300w\" sizes=\"auto, (max-width: 132px) 100vw, 132px\" \/>O pr\u00f3ximo venres 29 en Lugo, vaise disputar o I\u00ba Control de marcas Lucus CaixaRural Galega, organizado polo mesmo club de quen recibe o nome. Ser\u00e1 en xornada de tarde no M\u00f3dulo Cuberto do Estadio Gregorio P\u00e9rez Rivera, est\u00e1 organizado coa colaboraci\u00f3n da Deputaci\u00f3n de Lugo, o Concello de Lugo e Delegaci\u00f3n en Lugo da Federaci\u00f3n Galega de Atletismo. A proba disputarase baixo o control t\u00e9cnico do Comit\u00e9 Galego de Xu\u00edces. As inscrici\u00f3ns faranse a trav\u00e9s da extranet da RFEA ata as 23:00 horas do MARTES anterior \u00e1 data de celebraci\u00f3n da proba. E est\u00e1 disposto para atletas de categor\u00eda alev\u00edn ata veter\u00e1ns.<\/div>\n<div>&nbsp;<\/div>\n<div style=\"text-align: center;\"><a class=\"fasc-button fasc-size-medium fasc-type-glossy fasc-rounded-medium fasc-ico-before dashicons-format-aside\" style=\"background-color: #218562; color: #ffffff;\" target=\"_blank\" rel=\"noopener\" href=\"https:\/\/atletismo.gal\/wp-content\/uploads\/2017\/12\/29dec_Control-marcas-LUGO.pdf\">Horario<\/a>&nbsp; <a class=\"fasc-button fasc-size-medium fasc-type-glossy fasc-rounded-medium fasc-ico-before dashicons-groups\" style=\"background-color: #324994; color: #ffffff;\" target=\"_blank\" href=\"https:\/\/atletismo.gal\/wp-content\/uploads\/2017\/12\/Inscritos-I-Control-de-Marcas-Lucus-Caixa-Rural-Galega-20172018.pdf\">Inscritos<\/a><\/div>\n<div>&nbsp;<\/div>\n<div>\n<div>Os clubs Sociedad Gimn\u00e1stica de Pontevedra, Real Club Celta de Atletismo,Club Atletismo Femenino Celta, Club Atletismo Santiago e o Club Atletismo Coru\u00f1a Comarca organizan o I Control de Pista Cuberta de Ourense o s\u00e1bado 30 de decembro, en xornada de ma\u00f1\u00e1, na pista cuberta de Expourense. As inscrici\u00f3ns faranse a trav\u00e9s da extranet da RFEA ata as 23:59 horas do martes anterior a celebraci\u00f3n da proba. Est\u00e1 dirixida a atletas de categor\u00edas sub16 en diante. Aqueles atletas que non pertenzan a alg\u00fans dos Clubs Organizadores (S.G.Pontevedra, R.C Celta, A.F.Celta, C.A.Santiago e C.A Coru\u00f1a Comarca) deber\u00e1n aboar unha cuota de 2\u20ac por dorsal no momento da s\u00faa retirada.<\/div>\n<\/div>\n<div>&nbsp;<\/div>\n<div style=\"text-align: center;\"><a class=\"fasc-button fasc-size-medium fasc-type-glossy fasc-rounded-medium fasc-ico-before dashicons-format-aside\" style=\"background-color: #218562; color: #ffffff;\" target=\"_blank\" rel=\"noopener\" href=\"https:\/\/atletismo.gal\/wp-content\/uploads\/2017\/12\/I-Control-de-Pista-Cuberta-de-Ourense.-30.12.17..pdf\">Horario<\/a>&nbsp;<a class=\"fasc-button fasc-size-medium fasc-type-glossy fasc-rounded-medium fasc-ico-before dashicons-groups\" style=\"background-color: #324994; color: #ffffff;\" target=\"_blank\" href=\"https:\/\/atletismo.gal\/wp-content\/uploads\/2017\/12\/Inscritos-Definitivo-I-Control-Pista-Cuberta-de-Ourense-20172018.pdf\">Inscritos<\/a><\/div>\n<div>&nbsp;<\/div>\n<div>&nbsp;<\/div>\n<div>O domingo ser\u00e1 a hora de despedir o ano 2017 e que mellor maneira que correndo. D\u00faas son as opci\u00f3ns que destacamos por se son do voso inter\u00e9s.<\/div>\n<div>&nbsp;<\/div>\n<div><img loading=\"lazy\" decoding=\"async\" class=\"alignleft wp-image-7573\" src=\"http:\/\/clubourenseatletismo.es\/blog\/wp-content\/uploads\/2017\/12\/San-Silvestre-Ourens\u00e1-2017-Web-724x1024.jpg\" alt=\"\" width=\"144\" height=\"204\" srcset=\"https:\/\/clubourenseatletismo.es\/blog\/wp-content\/uploads\/2017\/12\/San-Silvestre-Ourens\u00e1-2017-Web-724x1024.jpg 724w, https:\/\/clubourenseatletismo.es\/blog\/wp-content\/uploads\/2017\/12\/San-Silvestre-Ourens\u00e1-2017-Web-212x300.jpg 212w, https:\/\/clubourenseatletismo.es\/blog\/wp-content\/uploads\/2017\/12\/San-Silvestre-Ourens\u00e1-2017-Web-768x1086.jpg 768w, https:\/\/clubourenseatletismo.es\/blog\/wp-content\/uploads\/2017\/12\/San-Silvestre-Ourens\u00e1-2017-Web.jpg 842w\" sizes=\"auto, (max-width: 144px) 100vw, 144px\" \/>A primeira delas \u00e9 a organizada polo Consello Municipal de Deportes do Concello de Ourense. Tr\u00e1tase da San Silvestre Ourens\u00e1 que se celebrar\u00e1 polas r\u00faas da cidade. Esta proba est\u00e1 inclu\u00edda no calendario oficial de competici\u00f3ns da Federaci\u00f3n Galega de Atletismo e estar\u00e1 controlada polo Comit\u00e9 Galego de Xu\u00edces e Cronometradores da Federaci\u00f3n Galega de Atletismo Delegaci\u00f3n en Ourense. A sa\u00edda e meta estar\u00e1 sita no Xard\u00edn do Pos\u00edo e as inscrici\u00f3ns estar\u00e1n abertas ata o 27 de decembro de 2017 \u00e1s 20:30 h. A inscrici\u00f3n realizarase \u00fanicamente a trav\u00e9s da web www.carreirasgalegas.com. O custe da inscrici\u00f3n e de 5\u20ac para as categor\u00edas Sub18, Sub20, Sub23, Senior e M\u00e1ster, para o resto de categor\u00edas a inscripci\u00f3n ser\u00e1 gratu\u00edta. Ser\u00e1 unha carreira en horario de tarde.<\/div>\n<div>&nbsp;<\/div>\n<div style=\"text-align: center;\"><a class=\"fasc-button fasc-size-medium fasc-type-flat\" style=\"background-color: #33809e; color: #ffffff;\" href=\"https:\/\/atletismo.gal\/wp-content\/uploads\/2017\/11\/2017-Regulamento-San-Silvestre-Ourens%C3%A1.pdf\">Horario<\/a>&nbsp; <a class=\"fasc-button fasc-size-medium fasc-type-glossy fasc-rounded-medium fasc-ico-before dashicons-groups\" style=\"background-color: #324994; color: #ffffff;\" target=\"_blank\" rel=\"noopener\">Inscritos<\/a><\/div>\n<div>&nbsp;<\/div>\n<div><img loading=\"lazy\" decoding=\"async\" class=\"alignleft wp-image-7576\" src=\"http:\/\/clubourenseatletismo.es\/blog\/wp-content\/uploads\/2017\/12\/cartel-5a15415eb89ac3.59164798.jpg\" alt=\"\" width=\"144\" height=\"203\">A segunda das opcions \u00e9 a XIX \u201cSan Silvestre\u201d Castrelo de Mi\u00f1o. O lugar de sa\u00edda ser\u00e1 no Club N\u00e1utico Castrelo de Mi\u00f1o. As categor\u00edas menores te\u00f1en a saida \u00e1s 16:00h e para a proba absoluta ser\u00e1 \u00e1s 16:30h. Esta proba est\u00e1 organizada por Be One Ourense e polo Club Atletismo Corredores do Mi\u00f1o, xuntamente co patrocinio do Concello de Castrelo de Mi\u00f1o. O prazo de inscripci\u00f3n remata o d\u00eda 29 de decembro \u00e1s 14:00 horas, e faise na p\u00e1xina Champi\u00f3n Chip.<\/div>\n<div>&nbsp;<\/div>\n<div style=\"text-align: center;\">&nbsp;<a class=\"fasc-button fasc-size-medium fasc-type-glossy fasc-rounded-medium fasc-ico-before dashicons-format-aside\" style=\"background-color: #218562; color: #ffffff;\" target=\"_blank\" rel=\"noopener\" href=\"https:\/\/championchipnorte.com\/uploads\/eventos\/reglamento-5a154ef701a003.08979181.pdf\">Horario<\/a>&nbsp; <a class=\"fasc-button fasc-size-medium fasc-type-glossy fasc-rounded-medium fasc-ico-before dashicons-groups\" style=\"background-color: #324994; color: #ffffff;\" target=\"_blank\" rel=\"noopener\" href=\"https:\/\/championchipnorte.com\/evento\/detalle\/page\/2\/id\/1346\/xix-san-silvestre-castrelo-de-mino\">Inscripciones<\/a><\/div>\n","protected":false},"excerpt":{"rendered":"<p>O pr\u00f3ximo venres 29 en Lugo, vaise disputar o I\u00ba Control de marcas Lucus CaixaRural Galega, organizado polo mesmo club de quen recibe o nome. Ser\u00e1 en xornada de tarde no M\u00f3dulo Cuberto do Estadio Gregorio P\u00e9rez Rivera, est\u00e1 organizado coa colaboraci\u00f3n da Deputaci\u00f3n de&#8230;<\/p>\n","protected":false},"author":1,"featured_media":0,"comment_status":"closed","ping_status":"closed","sticky":false,"template":"","format":"standard","meta":{"footnotes":""},"categories":[7],"tags":[],"class_list":["post-7570","post","type-post","status-publish","format-standard","hentry","category-noticias"],"aioseo_notices":[],"_links":{"self":[{"href":"https:\/\/clubourenseatletismo.es\/blog\/wp-json\/wp\/v2\/posts\/7570","targetHints":{"allow":["GET"]}}],"collection":[{"href":"https:\/\/clubourenseatletismo.es\/blog\/wp-json\/wp\/v2\/posts"}],"about":[{"href":"https:\/\/clubourenseatletismo.es\/blog\/wp-json\/wp\/v2\/types\/post"}],"author":[{"embeddable":true,"href":"https:\/\/clubourenseatletismo.es\/blog\/wp-json\/wp\/v2\/users\/1"}],"replies":[{"embeddable":true,"href":"https:\/\/clubourenseatletismo.es\/blog\/wp-json\/wp\/v2\/comments?post=7570"}],"version-history":[{"count":9,"href":"https:\/\/clubourenseatletismo.es\/blog\/wp-json\/wp\/v2\/posts\/7570\/revisions"}],"predecessor-version":[{"id":7611,"href":"https:\/\/clubourenseatletismo.es\/blog\/wp-json\/wp\/v2\/posts\/7570\/revisions\/7611"}],"wp:attachment":[{"href":"https:\/\/clubourenseatletismo.es\/blog\/wp-json\/wp\/v2\/media?parent=7570"}],"wp:term":[{"taxonomy":"category","embeddable":true,"href":"https:\/\/clubourenseatletismo.es\/blog\/wp-json\/wp\/v2\/categories?post=7570"},{"taxonomy":"post_tag","embeddable":true,"href":"https:\/\/clubourenseatletismo.es\/blog\/wp-json\/wp\/v2\/tags?post=7570"}],"curies":[{"name":"wp","href":"https:\/\/api.w.org\/{rel}","templated":true}]}}