{"id":7492,"date":"2017-12-19T17:16:01","date_gmt":"2017-12-19T16:16:01","guid":{"rendered":"http:\/\/clubourenseatletismo.es\/blog\/?p=7492"},"modified":"2017-12-20T15:28:07","modified_gmt":"2017-12-20T14:28:07","slug":"proximas-citas-atleticas-navidenas","status":"publish","type":"post","link":"https:\/\/clubourenseatletismo.es\/blog\/2017\/12\/19\/proximas-citas-atleticas-navidenas\/","title":{"rendered":"Pr\u00f3ximas Citas Atl\u00e9ticas Navide\u00f1as."},"content":{"rendered":"<div>\n<p><img loading=\"lazy\" decoding=\"async\" class=\"alignleft wp-image-6402\" src=\"http:\/\/clubourenseatletismo.es\/blog\/wp-content\/uploads\/2017\/05\/fga.jpg\" alt=\"\" width=\"117\" height=\"117\" srcset=\"https:\/\/clubourenseatletismo.es\/blog\/wp-content\/uploads\/2017\/05\/fga.jpg 512w, https:\/\/clubourenseatletismo.es\/blog\/wp-content\/uploads\/2017\/05\/fga-150x150.jpg 150w, https:\/\/clubourenseatletismo.es\/blog\/wp-content\/uploads\/2017\/05\/fga-300x300.jpg 300w\" sizes=\"auto, (max-width: 117px) 100vw, 117px\" \/>D\u00e1ndolle continuidade a esta fenomenal pista que temos na cidade,&nbsp; a Delegaci\u00f3n da F.G.A en Ourense organizar\u00e1 a I Copa de Galicia de Clubs M\u00e1ster en Pista Cuberta o d\u00eda 23 de Decembro, na pista cuberta deExpourense. Poder\u00e1n intervir un total de 6 clubs, masculinos e femininos, que sair\u00e1n dos seis clubs, masculino e feminino, que mellor puntuaci\u00f3n obte\u00f1an. Noso club tomar\u00e1 parte nesta competici\u00f3n, como dato de gran importancia, xa que ademais de sela primeira vez que se disputa esta competici\u00f3n, clasific\u00e1monos para a mesma por estadillo.&nbsp;<\/p>\n<\/div>\n<div style=\"text-align: center;\">&nbsp;<a class=\"fasc-button fasc-size-medium fasc-type-glossy fasc-rounded-medium fasc-ico-before dashicons-format-aside\" style=\"background-color: #218562; color: #ffffff;\" target=\"_blank\" rel=\"noopener\" href=\"https:\/\/atletismo.gal\/wp-content\/uploads\/2017\/12\/Circular-98-2017-modificada.pdf\">Horario<\/a>&nbsp;&nbsp;&nbsp; <a class=\"fasc-button fasc-size-medium fasc-type-glossy fasc-rounded-medium fasc-ico-before dashicons-groups\" style=\"background-color: #324994; color: #ffffff;\" target=\"_blank\" rel=\"noopener\" href=\"https:\/\/atletismo.gal\/wp-content\/uploads\/2017\/11\/Inscritos-Copa-de-Galicia-de-Clubs-M%C3%A1ster-de-Pista-Cuberta-20172018.pdf\">Inscritos<\/a><\/div>\n<div>&nbsp;<\/div>\n<div>&nbsp;<\/div>\n<div>&nbsp;<\/div>\n<div><img loading=\"lazy\" decoding=\"async\" class=\"alignleft wp-image-7493\" src=\"http:\/\/clubourenseatletismo.es\/blog\/wp-content\/uploads\/2017\/12\/IV-Carreira-Popular-de-Ribadavia-Web-728x1024.jpg\" alt=\"\" width=\"109\" height=\"153\" srcset=\"https:\/\/clubourenseatletismo.es\/blog\/wp-content\/uploads\/2017\/12\/IV-Carreira-Popular-de-Ribadavia-Web-728x1024.jpg 728w, https:\/\/clubourenseatletismo.es\/blog\/wp-content\/uploads\/2017\/12\/IV-Carreira-Popular-de-Ribadavia-Web-213x300.jpg 213w, https:\/\/clubourenseatletismo.es\/blog\/wp-content\/uploads\/2017\/12\/IV-Carreira-Popular-de-Ribadavia-Web-768x1080.jpg 768w, https:\/\/clubourenseatletismo.es\/blog\/wp-content\/uploads\/2017\/12\/IV-Carreira-Popular-de-Ribadavia-Web.jpg 859w\" sizes=\"auto, (max-width: 109px) 100vw, 109px\" \/>O Concello de Ribadavia coa colaboraci\u00f3n do Club Deportivo Aurum e daDelegaci\u00f3n en Ourense da Federaci\u00f3n Galega de Atletismo organiza a IV Carreira Popular de Ribadavia, que se celebrar\u00e1 o s\u00e1bado 23 de decembro. A sa\u00edda estar\u00e1 situada na Praza Maior de Ribadavia e a carreira discorrer\u00e1 por diferentes r\u00faas da vila. O prazo para a inscrici\u00f3n \u00e9 ata as 20:00 horas do m\u00e9rcores 20 de decembro e a carreira ser\u00e1 en xornada de tarde.<\/div>\n<div style=\"text-align: center;\"><a class=\"fasc-button fasc-size-medium fasc-type-glossy fasc-rounded-medium fasc-ico-before dashicons-groups\" style=\"background-color: #324994; color: #ffffff;\" target=\"_blank\" rel=\"noopener\" href=\"http:\/\/www.carreirasgalegas.com\/carreira\/iv-carreira-popular-de-ribadavia\/98e3a1ac-8721-dfd5-958c-39e1cbabc9ff\">Inscripciones<\/a>&nbsp; <a class=\"fasc-button fasc-size-medium fasc-type-flat\" style=\"background-color: #33809e; color: #ffffff;\" href=\"https:\/\/atletismo.gal\/wp-content\/uploads\/2017\/10\/2017-Regulamento-IV-Carreira-Popular-Ribadavia.pdf\">Reglamento<\/a><\/div>\n<div>&nbsp;<\/div>\n<div>&nbsp;<\/div>\n<div>\n<div><img loading=\"lazy\" decoding=\"async\" class=\"alignleft wp-image-7494\" src=\"http:\/\/clubourenseatletismo.es\/blog\/wp-content\/uploads\/2017\/12\/Cartel-III-Trofeo-Solidario-de-Nadal-Celta-de-Atletismo-724x1024.jpg\" alt=\"\" width=\"115\" height=\"162\" srcset=\"https:\/\/clubourenseatletismo.es\/blog\/wp-content\/uploads\/2017\/12\/Cartel-III-Trofeo-Solidario-de-Nadal-Celta-de-Atletismo-724x1024.jpg 724w, https:\/\/clubourenseatletismo.es\/blog\/wp-content\/uploads\/2017\/12\/Cartel-III-Trofeo-Solidario-de-Nadal-Celta-de-Atletismo-212x300.jpg 212w, https:\/\/clubourenseatletismo.es\/blog\/wp-content\/uploads\/2017\/12\/Cartel-III-Trofeo-Solidario-de-Nadal-Celta-de-Atletismo-768x1086.jpg 768w, https:\/\/clubourenseatletismo.es\/blog\/wp-content\/uploads\/2017\/12\/Cartel-III-Trofeo-Solidario-de-Nadal-Celta-de-Atletismo.jpg 1080w\" sizes=\"auto, (max-width: 115px) 100vw, 115px\" \/>O Grupo Celta Atletismo, co patrocinio da Conceller\u00eda de Deportes do Concello de Vigo, Secretar\u00eda Xeral para o Deporte da Xunta de Galicia, Deputaci\u00f3n Provincial de Pontevedra, Abanca,Patrocinadores e a participaci\u00f3n da Federaci\u00f3n Galega de Atletismo e o Comit\u00e9 Galego de Xu\u00edces,organizar\u00e1 no mes de decembro o\u201cIII TROFEO SOLIDARIO DE NADAL CELTA ATLETISMO\u201d . Ter\u00e1 lugar o vindeiro s\u00e1bado 23 de decembro a partires das 10:00 horas na Pista Municipal de Atletismo de Balaidos (Vigo). O prazo de inscrici\u00f3n rematar\u00e1 o m\u00e9rcores 20 de decembro \u00e1s 20.00 horas. Ser\u00e1n probas para categor\u00edas menores.<\/div>\n<div>&nbsp;<\/div>\n<\/div>\n<div style=\"text-align: center;\"><a class=\"fasc-button fasc-size-medium fasc-type-glossy fasc-rounded-medium fasc-ico-before dashicons-format-aside\" style=\"background-color: #218562; color: #ffffff;\" target=\"_blank\" rel=\"noopener\" href=\"https:\/\/atletismo.gal\/wp-content\/uploads\/2017\/11\/Regulamento-III-Trofeo-Solidario-de-Nadal-Celta-de-Atletismo.pdf\">Reglamento<\/a>&nbsp;<\/div>\n<div>&nbsp;<\/div>\n<div>Xa o domingo as probas que se disputaran son:<\/div>\n<div>&nbsp;<\/div>\n<div><img loading=\"lazy\" decoding=\"async\" class=\"alignleft wp-image-7498\" src=\"http:\/\/clubourenseatletismo.es\/blog\/wp-content\/uploads\/2017\/12\/pavo.jpg\" alt=\"\" width=\"108\" height=\"153\" srcset=\"https:\/\/clubourenseatletismo.es\/blog\/wp-content\/uploads\/2017\/12\/pavo.jpg 300w, https:\/\/clubourenseatletismo.es\/blog\/wp-content\/uploads\/2017\/12\/pavo-212x300.jpg 212w\" sizes=\"auto, (max-width: 108px) 100vw, 108px\" \/>A Delegaci\u00f3n en Vigo da Federaci\u00f3n Galega de Atletismo, xunto cos clubs de atletismo da delegaci\u00f3n en Vigo da FGA, ca colaboraci\u00f3n do Concello de Vigo, organiza o 56\u00ba GRAN PREMIO PEDESTRE DO NADAL, a disputar o 24 de decembro en Vigo, baixo o control t\u00e9cnico do Comit\u00e9 Galego de Xu\u00edces. As carreiras disputaranse no circu\u00edto urbano da Praza de Compostela e arredores e ser\u00e1n en horario de ma\u00f1\u00e1.<\/div>\n<div>&nbsp;<\/div>\n<div style=\"text-align: center;\"><a class=\"fasc-button fasc-size-medium fasc-type-glossy fasc-rounded-medium fasc-ico-before dashicons-groups\" style=\"background-color: #324994; color: #ffffff;\" target=\"_blank\" rel=\"noopener\" href=\"http:\/\/www.carreirasgalegas.com\/carreira\/56-gran-premio-pedestre-do-nadal-carreira-do-pavo\/2de5a435-2eb7-ccc7-07ce-39e315a67b56\">Inscripciones<\/a>&nbsp; <a class=\"fasc-button fasc-size-medium fasc-type-glossy fasc-rounded-medium fasc-ico-before dashicons-format-aside\" style=\"background-color: #218562; color: #ffffff;\" target=\"_blank\" rel=\"noopener\" href=\"http:\/\/www.carreirasgalegas.com\/reglamento\/56-gran-premio-pedestre-do-nadal-carreira-do-pavo\/2de5a435-2eb7-ccc7-07ce-39e315a67b56\">Horario<\/a><\/div>\n<div>&nbsp;<\/div>\n<div>&nbsp;<\/div>\n<div>\n<div class=\"textLayer\">\n<div><img loading=\"lazy\" decoding=\"async\" class=\"alignleft wp-image-7502\" src=\"http:\/\/clubourenseatletismo.es\/blog\/wp-content\/uploads\/2017\/12\/rua.jpg\" alt=\"\" width=\"138\" height=\"184\" srcset=\"https:\/\/clubourenseatletismo.es\/blog\/wp-content\/uploads\/2017\/12\/rua.jpg 300w, https:\/\/clubourenseatletismo.es\/blog\/wp-content\/uploads\/2017\/12\/rua-225x300.jpg 225w\" sizes=\"auto, (max-width: 138px) 100vw, 138px\" \/>Valdemove Valdeorras, O Club ADAS O Barco e o Concello de A R\u00faa en colaboraci\u00f3n A Delegaci\u00f3n da F.G.A en Valdeorras organizana VI\u00aa Carreira e Andaina Popular do Nadal, que se desenrolar\u00e1 o vindeiro 24 de Decembro,en A R\u00faa de Valdeorras. Proba oficial da F.G.A, proba con distancia non homologada. O circu\u00edto consta dunha volta de 8.000 mts. para a carreira, as inscrici\u00f3ns dos cativos Prebenxam\u00edn, Benxam\u00edn(Sub 10), Alev\u00edn(Sub 12), Infantil(Sub 14) e Cadete(Sub 16), faranse ata 30 minutos antes do inicio das probas, sendo esta inscrici\u00f3n gratu\u00edta tanto para a andaina como para as carreiras. As carreiras de menores pertencen a fase previa do programa XOGADE do campo a trav\u00e9s da zona deValdeorras.<\/div>\n<\/div>\n<\/div>\n<div>&nbsp;<\/div>\n<div style=\"text-align: center;\"><a class=\"fasc-button fasc-size-medium fasc-type-glossy fasc-rounded-medium fasc-ico-before dashicons-groups\" style=\"background-color: #324994; color: #ffffff;\" target=\"_blank\" rel=\"noopener\" href=\"http:\/\/www.carreirasgalegas.com\/carreira\/vi-carreira-e-andaina-popular-do-nadal-1kg-solidario\/7c02e265-6cb0-f7dd-b1f4-39e2c8b4a093\">Inscripciones<\/a>&nbsp; <a class=\"fasc-button fasc-size-medium fasc-type-glossy fasc-rounded-medium fasc-ico-before dashicons-format-aside\" style=\"background-color: #218562; color: #ffffff;\" target=\"_blank\" rel=\"noopener\" href=\"http:\/\/www.carreirasgalegas.com\/reglamento\/vi-carreira-e-andaina-popular-do-nadal-1kg-solidario\/7c02e265-6cb0-f7dd-b1f4-39e2c8b4a093\">Horario<\/a><\/div>\n<div>\n<div>&nbsp;<\/div>\n<\/div>\n","protected":false},"excerpt":{"rendered":"<p>D\u00e1ndolle continuidade a esta fenomenal pista que temos na cidade,&nbsp; a Delegaci\u00f3n da F.G.A en Ourense organizar\u00e1 a I Copa de Galicia de Clubs M\u00e1ster en Pista Cuberta o d\u00eda 23 de Decembro, na pista cuberta deExpourense. Poder\u00e1n intervir un total de 6 clubs, masculinos&#8230;<\/p>\n","protected":false},"author":1,"featured_media":0,"comment_status":"closed","ping_status":"closed","sticky":false,"template":"","format":"standard","meta":{"footnotes":""},"categories":[7],"tags":[],"class_list":["post-7492","post","type-post","status-publish","format-standard","hentry","category-noticias"],"aioseo_notices":[],"_links":{"self":[{"href":"https:\/\/clubourenseatletismo.es\/blog\/wp-json\/wp\/v2\/posts\/7492","targetHints":{"allow":["GET"]}}],"collection":[{"href":"https:\/\/clubourenseatletismo.es\/blog\/wp-json\/wp\/v2\/posts"}],"about":[{"href":"https:\/\/clubourenseatletismo.es\/blog\/wp-json\/wp\/v2\/types\/post"}],"author":[{"embeddable":true,"href":"https:\/\/clubourenseatletismo.es\/blog\/wp-json\/wp\/v2\/users\/1"}],"replies":[{"embeddable":true,"href":"https:\/\/clubourenseatletismo.es\/blog\/wp-json\/wp\/v2\/comments?post=7492"}],"version-history":[{"count":12,"href":"https:\/\/clubourenseatletismo.es\/blog\/wp-json\/wp\/v2\/posts\/7492\/revisions"}],"predecessor-version":[{"id":7520,"href":"https:\/\/clubourenseatletismo.es\/blog\/wp-json\/wp\/v2\/posts\/7492\/revisions\/7520"}],"wp:attachment":[{"href":"https:\/\/clubourenseatletismo.es\/blog\/wp-json\/wp\/v2\/media?parent=7492"}],"wp:term":[{"taxonomy":"category","embeddable":true,"href":"https:\/\/clubourenseatletismo.es\/blog\/wp-json\/wp\/v2\/categories?post=7492"},{"taxonomy":"post_tag","embeddable":true,"href":"https:\/\/clubourenseatletismo.es\/blog\/wp-json\/wp\/v2\/tags?post=7492"}],"curies":[{"name":"wp","href":"https:\/\/api.w.org\/{rel}","templated":true}]}}