{"id":7485,"date":"2017-12-19T16:25:39","date_gmt":"2017-12-19T15:25:39","guid":{"rendered":"http:\/\/clubourenseatletismo.es\/blog\/?p=7485"},"modified":"2017-12-20T15:31:52","modified_gmt":"2017-12-20T14:31:52","slug":"gala-anual-do-atletismo-galego-2017","status":"publish","type":"post","link":"https:\/\/clubourenseatletismo.es\/blog\/2017\/12\/19\/gala-anual-do-atletismo-galego-2017\/","title":{"rendered":"GALA ANUAL DO ATLETISMO GALEGO 2017."},"content":{"rendered":"<p><img loading=\"lazy\" decoding=\"async\" class=\"alignleft wp-image-6402\" src=\"http:\/\/clubourenseatletismo.es\/blog\/wp-content\/uploads\/2017\/05\/fga.jpg\" alt=\"\" width=\"217\" height=\"217\" srcset=\"https:\/\/clubourenseatletismo.es\/blog\/wp-content\/uploads\/2017\/05\/fga.jpg 512w, https:\/\/clubourenseatletismo.es\/blog\/wp-content\/uploads\/2017\/05\/fga-150x150.jpg 150w, https:\/\/clubourenseatletismo.es\/blog\/wp-content\/uploads\/2017\/05\/fga-300x300.jpg 300w\" sizes=\"auto, (max-width: 217px) 100vw, 217px\" \/>O pr\u00f3ximo d\u00eda 12 de Xaneiro vaise celebrar a Gala Anual do Atletismo Galego 2017. O lugar elexido este ano ser\u00e1 a localidade do Barco de Valdeorras. No seguinte enlace debese confirmar a participaci\u00f3n.&nbsp; *-http:\/\/goo.gl\/forms\/C4PtZ3q330.<\/p>\n<p>O noso club estar\u00e1 representado por alg\u00fans dos seus mellores atletas, tales coma Emilia Mesa ou Ant\u00eda Castro, entre outros.<\/p>\n<p>Sorte e Noraboa.<\/p>\n<p style=\"text-align: center;\"><a class=\"fasc-button fasc-size-medium fasc-type-glossy fasc-rounded-medium fasc-ico-before dashicons-format-aside\" style=\"background-color: #218562; color: #ffffff;\" target=\"_blank\" href=\"https:\/\/atletismo.gal\/wp-content\/uploads\/2017\/12\/Circular-105-2017-modificada.pdf\">Circular<\/a><\/p>\n","protected":false},"excerpt":{"rendered":"<p>O pr\u00f3ximo d\u00eda 12 de Xaneiro vaise celebrar a Gala Anual do Atletismo Galego 2017. O lugar elexido este ano ser\u00e1 a localidade do Barco de Valdeorras. No seguinte enlace debese confirmar a participaci\u00f3n.&nbsp; *-http:\/\/goo.gl\/forms\/C4PtZ3q330. O noso club estar\u00e1 representado por alg\u00fans dos seus mellores&#8230;<\/p>\n","protected":false},"author":1,"featured_media":0,"comment_status":"closed","ping_status":"closed","sticky":false,"template":"","format":"aside","meta":{"footnotes":""},"categories":[7],"tags":[],"class_list":["post-7485","post","type-post","status-publish","format-aside","hentry","category-noticias","post_format-post-format-aside"],"aioseo_notices":[],"_links":{"self":[{"href":"https:\/\/clubourenseatletismo.es\/blog\/wp-json\/wp\/v2\/posts\/7485","targetHints":{"allow":["GET"]}}],"collection":[{"href":"https:\/\/clubourenseatletismo.es\/blog\/wp-json\/wp\/v2\/posts"}],"about":[{"href":"https:\/\/clubourenseatletismo.es\/blog\/wp-json\/wp\/v2\/types\/post"}],"author":[{"embeddable":true,"href":"https:\/\/clubourenseatletismo.es\/blog\/wp-json\/wp\/v2\/users\/1"}],"replies":[{"embeddable":true,"href":"https:\/\/clubourenseatletismo.es\/blog\/wp-json\/wp\/v2\/comments?post=7485"}],"version-history":[{"count":4,"href":"https:\/\/clubourenseatletismo.es\/blog\/wp-json\/wp\/v2\/posts\/7485\/revisions"}],"predecessor-version":[{"id":7522,"href":"https:\/\/clubourenseatletismo.es\/blog\/wp-json\/wp\/v2\/posts\/7485\/revisions\/7522"}],"wp:attachment":[{"href":"https:\/\/clubourenseatletismo.es\/blog\/wp-json\/wp\/v2\/media?parent=7485"}],"wp:term":[{"taxonomy":"category","embeddable":true,"href":"https:\/\/clubourenseatletismo.es\/blog\/wp-json\/wp\/v2\/categories?post=7485"},{"taxonomy":"post_tag","embeddable":true,"href":"https:\/\/clubourenseatletismo.es\/blog\/wp-json\/wp\/v2\/tags?post=7485"}],"curies":[{"name":"wp","href":"https:\/\/api.w.org\/{rel}","templated":true}]}}