{"id":7445,"date":"2018-01-08T15:45:06","date_gmt":"2018-01-08T14:45:06","guid":{"rendered":"http:\/\/clubourenseatletismo.es\/blog\/?p=7445"},"modified":"2018-01-11T18:27:23","modified_gmt":"2018-01-11T17:27:23","slug":"proximas-competiciones","status":"publish","type":"post","link":"https:\/\/clubourenseatletismo.es\/blog\/2018\/01\/08\/proximas-competiciones\/","title":{"rendered":"Pr\u00f3ximas Competiciones."},"content":{"rendered":"<p><img loading=\"lazy\" decoding=\"async\" class=\"alignleft wp-image-7656\" src=\"http:\/\/clubourenseatletismo.es\/blog\/wp-content\/uploads\/2018\/01\/Campionato-de-Galicia-Absoluto-de-Pista-Cuberta-20172018-1-1024x724.jpg\" alt=\"\" width=\"178\" height=\"126\" srcset=\"https:\/\/clubourenseatletismo.es\/blog\/wp-content\/uploads\/2018\/01\/Campionato-de-Galicia-Absoluto-de-Pista-Cuberta-20172018-1-1024x724.jpg 1024w, https:\/\/clubourenseatletismo.es\/blog\/wp-content\/uploads\/2018\/01\/Campionato-de-Galicia-Absoluto-de-Pista-Cuberta-20172018-1-300x212.jpg 300w, https:\/\/clubourenseatletismo.es\/blog\/wp-content\/uploads\/2018\/01\/Campionato-de-Galicia-Absoluto-de-Pista-Cuberta-20172018-1-768x543.jpg 768w\" sizes=\"auto, (max-width: 178px) 100vw, 178px\" \/>Nosa cidade, ao igual que os m\u00e1ster volven ser unha vez m\u00e1is o epicentro da actividade atl\u00e9tica. Nesta ocasi\u00f3n destacamos as siguientes competici\u00f3ns:<\/p>\n<div>\n<p>O vindeiro s\u00e1bado d\u00eda 13 de xaneiro, a Delegaci\u00f3n da F.G.A en Ourense organizar\u00e1 o Campionato de Galicia de Pista Cuberta.<\/p>\n<div>As inscrici\u00f3ns realizaranse a trav\u00e9s do sistema online na web da RFEA ata as 20:00 horas do martes 9 de xaneiro. Ser\u00e1 unha proba que se desenrolar\u00e1 en doble xornada ma\u00f1\u00e1 e tarde. As limitaci\u00f3ns m\u00e1is destacadas son para a Categoria Sub18: S\u00f3 poder\u00e1n inscribirse nun m\u00e1ximo de d\u00faas probas. No caso de participar en d\u00faas carreiras s\u00f3 poder\u00e1 realizarse unha de mais de 200. Na categor\u00eda Sub16: Cada atleta s\u00f3 podr\u00e1 inscribirse nun m\u00e1ximo de 2 probas (das autorizadas na sua categor\u00eda) e no caso de participar en d\u00faas carreiras, s\u00f3 podr\u00e1 realizarse unha de mais de 200.<\/div>\n<div>&nbsp;<\/div>\n<\/div>\n<div style=\"text-align: center;\"><a class=\"fasc-button fasc-size-medium fasc-type-glossy fasc-rounded-medium fasc-ico-before dashicons-format-aside\" style=\"background-color: #218562; color: #ffffff;\" target=\"_blank\" rel=\"noopener\" href=\"https:\/\/atletismo.gal\/wp-content\/uploads\/2017\/12\/Circular-102-2017.pdf\">Horario<\/a>&nbsp; <a class=\"fasc-button fasc-size-medium fasc-type-flat\" style=\"background-color: #33809e; color: #ffffff;\" href=\"https:\/\/atletismo.gal\/wp-content\/uploads\/2017\/11\/inscritosabsolutospc130118-1.pdf\">Inscritos<\/a> <a class=\"fasc-button fasc-size-medium fasc-type-glossy fasc-rounded-medium fasc-ico-before dashicons-format-aside\" style=\"background-color: #218562; color: #ffffff;\" target=\"_blank\" href=\"https:\/\/atletismo.gal\/wp-content\/uploads\/2018\/01\/Anexoveteranos.pdf\">Horario Definitivo<\/a><\/div>\n<div>&nbsp;<\/div>\n<div><img loading=\"lazy\" decoding=\"async\" class=\"alignleft wp-image-7666\" src=\"http:\/\/clubourenseatletismo.es\/blog\/wp-content\/uploads\/2018\/01\/XXXIII-Campionato-de-Galicia-Absoluto-de-Pista-Cuberta-728x1024.jpg\" alt=\"\" width=\"136\" height=\"191\" srcset=\"https:\/\/clubourenseatletismo.es\/blog\/wp-content\/uploads\/2018\/01\/XXXIII-Campionato-de-Galicia-Absoluto-de-Pista-Cuberta-728x1024.jpg 728w, https:\/\/clubourenseatletismo.es\/blog\/wp-content\/uploads\/2018\/01\/XXXIII-Campionato-de-Galicia-Absoluto-de-Pista-Cuberta-213x300.jpg 213w, https:\/\/clubourenseatletismo.es\/blog\/wp-content\/uploads\/2018\/01\/XXXIII-Campionato-de-Galicia-Absoluto-de-Pista-Cuberta-768x1080.jpg 768w, https:\/\/clubourenseatletismo.es\/blog\/wp-content\/uploads\/2018\/01\/XXXIII-Campionato-de-Galicia-Absoluto-de-Pista-Cuberta.jpg 840w\" sizes=\"auto, (max-width: 136px) 100vw, 136px\" \/>Xa na xornada do domingo, ser\u00e1 o turno do Campionato de Galicia Master de pista Cuberta que ter\u00e1 lugar na pista cuberta de Ourense.&nbsp;As inscrici\u00f3ns realizaranse a trav\u00e9s do sistema online na web da RFEA ata as 20:00 horas do martes 9 de xaneiro. En canto as limitacions destacar que s\u00f3 programaranse m\u00e1is probas en caso de haber tres o m\u00e1is atletas inscritos; e que&nbsp; s\u00f3 poder\u00e1n inscribirse nun m\u00e1ximo de tres probas, sendo soamente unha delas superior a 1000 metros.<\/div>\n<div>&nbsp;<\/div>\n<div style=\"text-align: center;\"><a class=\"fasc-button fasc-size-medium fasc-type-glossy fasc-rounded-medium fasc-ico-before dashicons-format-aside\" style=\"background-color: #218562; color: #ffffff;\" target=\"_blank\" rel=\"noopener\" href=\"https:\/\/atletismo.gal\/wp-content\/uploads\/2017\/12\/Circular-103-2017.pdf\">Horario<\/a>&nbsp; <a class=\"fasc-button fasc-size-medium fasc-type-glossy fasc-rounded-medium fasc-ico-before dashicons-groups\" style=\"background-color: #324994; color: #ffffff;\" target=\"_blank\" rel=\"noopener\" href=\"https:\/\/atletismo.gal\/wp-content\/uploads\/2017\/11\/inscritosveteranospc140118.pdf\">Inscritos<\/a>&nbsp;<a class=\"fasc-button fasc-size-medium fasc-type-glossy fasc-rounded-medium fasc-ico-before dashicons-format-aside\" style=\"background-color: #218562; color: #ffffff;\" target=\"_blank\" href=\"https:\/\/atletismo.gal\/wp-content\/uploads\/2018\/01\/AnexoAbsoluto2018.pdf\">Horario Definitivo<\/a><\/div>\n<div>&nbsp;<\/div>\n<div>&nbsp;<\/div>\n<div>&nbsp;<\/div>\n<div>\n<p><img loading=\"lazy\" decoding=\"async\" class=\"alignleft wp-image-7658\" src=\"http:\/\/clubourenseatletismo.es\/blog\/wp-content\/uploads\/2018\/01\/cartel-5a0370bc9dfe89.80939061.jpg\" alt=\"\" width=\"154\" height=\"154\" srcset=\"https:\/\/clubourenseatletismo.es\/blog\/wp-content\/uploads\/2018\/01\/cartel-5a0370bc9dfe89.80939061.jpg 1024w, https:\/\/clubourenseatletismo.es\/blog\/wp-content\/uploads\/2018\/01\/cartel-5a0370bc9dfe89.80939061-150x150.jpg 150w, https:\/\/clubourenseatletismo.es\/blog\/wp-content\/uploads\/2018\/01\/cartel-5a0370bc9dfe89.80939061-300x300.jpg 300w, https:\/\/clubourenseatletismo.es\/blog\/wp-content\/uploads\/2018\/01\/cartel-5a0370bc9dfe89.80939061-768x768.jpg 768w\" sizes=\"auto, (max-width: 154px) 100vw, 154px\" \/>A cidade de Lugo \u00e9 outro dos lugares onde teremos posta unha ollada, xa que \u00e9 onde se vai disputar a segunda edici\u00f3n do Cross Ponte Romana celebrar\u00e1se o pr\u00f3ximo domingo d\u00eda 14 de Xaneiro nos orredores do Pazo de Feiras e Exposicions de Lugo. O Cross \u00e9 unha das disciplinas de maior tradici\u00f3n do atletismo e nestes intres o Cross Ponte Romana est\u00e1 chamado a convertirse nun dos ma\u00eds relevantes do noroeste espa\u00f1ol. Forma parte de ANOC, o mellor circuito de cross do mundo e tam\u00e9n est\u00e1 incluido no calendario da RFEA. Cada ano intentarase facer un reco\u00f1ecemento a unha figura destacada do atletismo lucense por iso este ano leva o nome de M\u00aa Abel Di\u00e9guez. O prazo de inscripci\u00f3n para participar neste cross, remata o d\u00eda 10 de xaneiro.<\/p>\n<\/div>\n<div style=\"text-align: center;\">&nbsp;<a class=\"fasc-button fasc-size-medium fasc-type-glossy fasc-rounded-medium fasc-ico-before dashicons-groups\" style=\"background-color: #324994; color: #ffffff;\" target=\"_blank\" rel=\"noopener\" href=\"https:\/\/championchipnorte.com\/evento\/detalle\/id\/1299\/ii-cross-ponte-romana-homenaje-a-maria-abel\">Inscripciones<\/a>&nbsp; <a class=\"fasc-button fasc-size-medium fasc-type-glossy fasc-rounded-medium fasc-ico-before dashicons-format-aside\" style=\"background-color: #218562; color: #ffffff;\" target=\"_blank\" rel=\"noopener\" href=\"http:\/\/www.crossponteromana.com\/pages\/web\/horarios\/\">Horario<\/a>&nbsp;<\/div>\n","protected":false},"excerpt":{"rendered":"<p>Nosa cidade, ao igual que os m\u00e1ster volven ser unha vez m\u00e1is o epicentro da actividade atl\u00e9tica. Nesta ocasi\u00f3n destacamos as siguientes competici\u00f3ns: O vindeiro s\u00e1bado d\u00eda 13 de xaneiro, a Delegaci\u00f3n da F.G.A en Ourense organizar\u00e1 o Campionato de Galicia de Pista Cuberta. As&#8230;<\/p>\n","protected":false},"author":1,"featured_media":0,"comment_status":"closed","ping_status":"closed","sticky":false,"template":"","format":"standard","meta":{"footnotes":""},"categories":[7],"tags":[],"class_list":["post-7445","post","type-post","status-publish","format-standard","hentry","category-noticias"],"aioseo_notices":[],"_links":{"self":[{"href":"https:\/\/clubourenseatletismo.es\/blog\/wp-json\/wp\/v2\/posts\/7445","targetHints":{"allow":["GET"]}}],"collection":[{"href":"https:\/\/clubourenseatletismo.es\/blog\/wp-json\/wp\/v2\/posts"}],"about":[{"href":"https:\/\/clubourenseatletismo.es\/blog\/wp-json\/wp\/v2\/types\/post"}],"author":[{"embeddable":true,"href":"https:\/\/clubourenseatletismo.es\/blog\/wp-json\/wp\/v2\/users\/1"}],"replies":[{"embeddable":true,"href":"https:\/\/clubourenseatletismo.es\/blog\/wp-json\/wp\/v2\/comments?post=7445"}],"version-history":[{"count":11,"href":"https:\/\/clubourenseatletismo.es\/blog\/wp-json\/wp\/v2\/posts\/7445\/revisions"}],"predecessor-version":[{"id":7669,"href":"https:\/\/clubourenseatletismo.es\/blog\/wp-json\/wp\/v2\/posts\/7445\/revisions\/7669"}],"wp:attachment":[{"href":"https:\/\/clubourenseatletismo.es\/blog\/wp-json\/wp\/v2\/media?parent=7445"}],"wp:term":[{"taxonomy":"category","embeddable":true,"href":"https:\/\/clubourenseatletismo.es\/blog\/wp-json\/wp\/v2\/categories?post=7445"},{"taxonomy":"post_tag","embeddable":true,"href":"https:\/\/clubourenseatletismo.es\/blog\/wp-json\/wp\/v2\/tags?post=7445"}],"curies":[{"name":"wp","href":"https:\/\/api.w.org\/{rel}","templated":true}]}}