{"id":7442,"date":"2017-12-11T12:59:40","date_gmt":"2017-12-11T11:59:40","guid":{"rendered":"http:\/\/clubourenseatletismo.es\/blog\/?p=7442"},"modified":"2017-12-11T12:59:40","modified_gmt":"2017-12-11T11:59:40","slug":"xvii-cross-andres-abanqueiro","status":"publish","type":"post","link":"https:\/\/clubourenseatletismo.es\/blog\/2017\/12\/11\/xvii-cross-andres-abanqueiro\/","title":{"rendered":"XVII CROSS ANDR\u00c9S ABANQUEIRO."},"content":{"rendered":"<div><img loading=\"lazy\" decoding=\"async\" class=\"alignleft wp-image-7443\" src=\"http:\/\/clubourenseatletismo.es\/blog\/wp-content\/uploads\/2017\/12\/XVII-Cros-Andr\u00e9s-Abanqueiro-724x1024.jpg\" alt=\"\" width=\"141\" height=\"200\" srcset=\"https:\/\/clubourenseatletismo.es\/blog\/wp-content\/uploads\/2017\/12\/XVII-Cros-Andr\u00e9s-Abanqueiro-724x1024.jpg 724w, https:\/\/clubourenseatletismo.es\/blog\/wp-content\/uploads\/2017\/12\/XVII-Cros-Andr\u00e9s-Abanqueiro-212x300.jpg 212w, https:\/\/clubourenseatletismo.es\/blog\/wp-content\/uploads\/2017\/12\/XVII-Cros-Andr\u00e9s-Abanqueiro-768x1087.jpg 768w\" sizes=\"auto, (max-width: 141px) 100vw, 141px\" \/>La Agrupaci\u00f3n Viguesa de Atletismo, con el patrocinio de la Secretaria Xeral para o Deporte de la Xunta de Galicia, Diputaci\u00f3n Provincial de Pontevedra, Concelleria de Deportes del Concello de Vigo y la colaboraci\u00f3n con diversas empresas locales organiza el \u201cXVII CROSS ANDR\u00c9S ABANQUEIRO \u201d, que se celebrar\u00e1 el domingo, 17 de Diciembre, a partir de las 10.30 horas, bajo el control t\u00e9cnico del Comit\u00e9 de Jueces de la Delegaci\u00f3n de Vigo, en el Parque de Castrelos.<\/div>\n<div>\n<div>Cada Club, Centro, o atleta individual, deber\u00e1 enviar su inscripci\u00f3n por categor\u00eda y sexo, por escrito antes del d\u00eda 15 de diciembre, haciendo constar su nombre, apellidos, fecha de nacimiento, n\u00ba de Ficha, y Centro o Club. Las inscripciones deber\u00e1n enviarse al correo electr\u00f3nico ava.atletismo@gmail.com.<\/div>\n<\/div>\n<div>&nbsp;<\/div>\n<div style=\"text-align: center;\"><a class=\"fasc-button fasc-size-medium fasc-type-glossy fasc-rounded-medium fasc-ico-before dashicons-format-aside\" style=\"background-color: #218562; color: #ffffff;\" target=\"_blank\" rel=\"noopener\" href=\"https:\/\/atletismo.gal\/wp-content\/uploads\/2017\/10\/Reglamento-Abanqueiro-2017CIRCUITO.pdf\">Reglamento<\/a>&nbsp;<\/div>\n","protected":false},"excerpt":{"rendered":"<p>La Agrupaci\u00f3n Viguesa de Atletismo, con el patrocinio de la Secretaria Xeral para o Deporte de la Xunta de Galicia, Diputaci\u00f3n Provincial de Pontevedra, Concelleria de Deportes del Concello de Vigo y la colaboraci\u00f3n con diversas empresas locales organiza el \u201cXVII CROSS ANDR\u00c9S ABANQUEIRO \u201d,&#8230;<\/p>\n","protected":false},"author":1,"featured_media":0,"comment_status":"closed","ping_status":"closed","sticky":false,"template":"","format":"standard","meta":{"footnotes":""},"categories":[7],"tags":[],"class_list":["post-7442","post","type-post","status-publish","format-standard","hentry","category-noticias"],"aioseo_notices":[],"_links":{"self":[{"href":"https:\/\/clubourenseatletismo.es\/blog\/wp-json\/wp\/v2\/posts\/7442","targetHints":{"allow":["GET"]}}],"collection":[{"href":"https:\/\/clubourenseatletismo.es\/blog\/wp-json\/wp\/v2\/posts"}],"about":[{"href":"https:\/\/clubourenseatletismo.es\/blog\/wp-json\/wp\/v2\/types\/post"}],"author":[{"embeddable":true,"href":"https:\/\/clubourenseatletismo.es\/blog\/wp-json\/wp\/v2\/users\/1"}],"replies":[{"embeddable":true,"href":"https:\/\/clubourenseatletismo.es\/blog\/wp-json\/wp\/v2\/comments?post=7442"}],"version-history":[{"count":2,"href":"https:\/\/clubourenseatletismo.es\/blog\/wp-json\/wp\/v2\/posts\/7442\/revisions"}],"predecessor-version":[{"id":7463,"href":"https:\/\/clubourenseatletismo.es\/blog\/wp-json\/wp\/v2\/posts\/7442\/revisions\/7463"}],"wp:attachment":[{"href":"https:\/\/clubourenseatletismo.es\/blog\/wp-json\/wp\/v2\/media?parent=7442"}],"wp:term":[{"taxonomy":"category","embeddable":true,"href":"https:\/\/clubourenseatletismo.es\/blog\/wp-json\/wp\/v2\/categories?post=7442"},{"taxonomy":"post_tag","embeddable":true,"href":"https:\/\/clubourenseatletismo.es\/blog\/wp-json\/wp\/v2\/tags?post=7442"}],"curies":[{"name":"wp","href":"https:\/\/api.w.org\/{rel}","templated":true}]}}