{"id":7327,"date":"2017-11-20T16:56:14","date_gmt":"2017-11-20T15:56:14","guid":{"rendered":"http:\/\/clubourenseatletismo.es\/blog\/?p=7327"},"modified":"2017-11-26T13:07:01","modified_gmt":"2017-11-26T12:07:01","slug":"xxix-campionato-de-galicia-de-marcha-de-inverno","status":"publish","type":"post","link":"https:\/\/clubourenseatletismo.es\/blog\/2017\/11\/20\/xxix-campionato-de-galicia-de-marcha-de-inverno\/","title":{"rendered":"XXIX Campionato de Galicia de Marcha de Inverno"},"content":{"rendered":"<div><img loading=\"lazy\" decoding=\"async\" class=\"alignleft wp-image-7328\" src=\"http:\/\/clubourenseatletismo.es\/blog\/wp-content\/uploads\/2017\/11\/XXIX-Campionato-de-Galicia-de-Marcha-de-Inverno.jpg\" alt=\"\" width=\"127\" height=\"170\" srcset=\"https:\/\/clubourenseatletismo.es\/blog\/wp-content\/uploads\/2017\/11\/XXIX-Campionato-de-Galicia-de-Marcha-de-Inverno.jpg 317w, https:\/\/clubourenseatletismo.es\/blog\/wp-content\/uploads\/2017\/11\/XXIX-Campionato-de-Galicia-de-Marcha-de-Inverno-224x300.jpg 224w\" sizes=\"auto, (max-width: 127px) 100vw, 127px\" \/>A delegaci\u00f3n da FGA en Lugo, e o Concello de Lugo, organizan o s\u00e1bado 25 de novembro, nas pistas de atletismo do Estadio P\u00e9rez Rivera o XXIX Campionato de Galicia de Marcha de inverno en Pista. O horario desa proba ser\u00e1 de ma\u00f1\u00e1 e est\u00e1 aberta a t\u00f3dalas categor\u00edas.&nbsp; A nosa representante, coma ven sendo habitualneste tipo de probas \u00e9 In\u00e9s Valent\u00edn, a quen lle encanta esta diciplina, e de seguro far\u00e1 un bo papel. Sorte.<\/div>\n<div>&nbsp;<\/div>\n<div style=\"text-align: center;\"><a class=\"fasc-button fasc-size-medium fasc-type-glossy fasc-rounded-medium fasc-ico-before dashicons-format-aside\" style=\"background-color: #218562; color: #ffffff;\" target=\"_blank\" rel=\"noopener\" href=\"https:\/\/atletismo.gal\/wp-content\/uploads\/2017\/10\/Circular-84-2017.pdf\">Circular<\/a>&nbsp;&nbsp; <a class=\"fasc-button fasc-size-medium fasc-type-glossy fasc-rounded-medium fasc-ico-before dashicons-groups\" style=\"background-color: #324994; color: #ffffff;\" target=\"_blank\" href=\"https:\/\/atletismo.gal\/wp-content\/uploads\/2017\/10\/Inscritos-XXIX-Campionato-de-Galicia-de-Marcha-de-Inverno.pdf\">Inscritos<\/a><\/div>\n","protected":false},"excerpt":{"rendered":"<p>A delegaci\u00f3n da FGA en Lugo, e o Concello de Lugo, organizan o s\u00e1bado 25 de novembro, nas pistas de atletismo do Estadio P\u00e9rez Rivera o XXIX Campionato de Galicia de Marcha de inverno en Pista. O horario desa proba ser\u00e1 de ma\u00f1\u00e1 e est\u00e1&#8230;<\/p>\n","protected":false},"author":1,"featured_media":0,"comment_status":"closed","ping_status":"closed","sticky":false,"template":"","format":"standard","meta":{"footnotes":""},"categories":[7],"tags":[],"class_list":["post-7327","post","type-post","status-publish","format-standard","hentry","category-noticias"],"aioseo_notices":[],"_links":{"self":[{"href":"https:\/\/clubourenseatletismo.es\/blog\/wp-json\/wp\/v2\/posts\/7327","targetHints":{"allow":["GET"]}}],"collection":[{"href":"https:\/\/clubourenseatletismo.es\/blog\/wp-json\/wp\/v2\/posts"}],"about":[{"href":"https:\/\/clubourenseatletismo.es\/blog\/wp-json\/wp\/v2\/types\/post"}],"author":[{"embeddable":true,"href":"https:\/\/clubourenseatletismo.es\/blog\/wp-json\/wp\/v2\/users\/1"}],"replies":[{"embeddable":true,"href":"https:\/\/clubourenseatletismo.es\/blog\/wp-json\/wp\/v2\/comments?post=7327"}],"version-history":[{"count":5,"href":"https:\/\/clubourenseatletismo.es\/blog\/wp-json\/wp\/v2\/posts\/7327\/revisions"}],"predecessor-version":[{"id":7383,"href":"https:\/\/clubourenseatletismo.es\/blog\/wp-json\/wp\/v2\/posts\/7327\/revisions\/7383"}],"wp:attachment":[{"href":"https:\/\/clubourenseatletismo.es\/blog\/wp-json\/wp\/v2\/media?parent=7327"}],"wp:term":[{"taxonomy":"category","embeddable":true,"href":"https:\/\/clubourenseatletismo.es\/blog\/wp-json\/wp\/v2\/categories?post=7327"},{"taxonomy":"post_tag","embeddable":true,"href":"https:\/\/clubourenseatletismo.es\/blog\/wp-json\/wp\/v2\/tags?post=7327"}],"curies":[{"name":"wp","href":"https:\/\/api.w.org\/{rel}","templated":true}]}}