{"id":7200,"date":"2017-10-20T14:56:52","date_gmt":"2017-10-20T12:56:52","guid":{"rendered":"http:\/\/clubourenseatletismo.es\/blog\/?p=7200"},"modified":"2017-10-20T15:10:56","modified_gmt":"2017-10-20T13:10:56","slug":"10a-carreira-popular-dos-santinos-o-barco","status":"publish","type":"post","link":"https:\/\/clubourenseatletismo.es\/blog\/2017\/10\/20\/10a-carreira-popular-dos-santinos-o-barco\/","title":{"rendered":"10\u00aa CARREIRA POPULAR DOS SANTI\u00d1OS (O BARCO)"},"content":{"rendered":"<p><img loading=\"lazy\" decoding=\"async\" class=\"alignleft wp-image-7201\" src=\"http:\/\/clubourenseatletismo.es\/blog\/wp-content\/uploads\/2017\/10\/CARTEL-SANTI\u00d1OS-2017-225x300.jpg\" alt=\"\" width=\"153\" height=\"204\">O CLUBE ADAS PROINOR coa colaboraci\u00f3n do Concello de O Barco de Valdeorras, a&nbsp; Delegaci\u00f3n da F.G.A en Valdeorras, organiza a <strong>10\u00aa CARREIRA POPULAR DOS SANTI\u00d1OS<\/strong>, que se desenrolar\u00e1 o vindeiro&nbsp;<strong>05 de Novembro<\/strong>.<\/p>\n<p>As inscrici\u00f3ns absoluta para a carreira se realizar\u00e1 a trav\u00e9s a web de CARREIRAS GALEGAS<\/p>\n<p style=\"text-align: center;\">&nbsp;&nbsp;&nbsp;&nbsp; <a class=\"fasc-button fasc-size-medium fasc-type-glossy fasc-rounded-medium fasc-ico-before dashicons-groups\" style=\"background-color: #324994; color: #ffffff;\" target=\"_blank\" rel=\"noopener\" href=\"http:\/\/www.carreirasgalegas.com\/carreira\/x-carreira-popular-dos-santi%C3%B1os\/fc6f2a7c-f741-0ec6-4653-39e1c0010ead\">Inscripciones<\/a>&nbsp; <a class=\"fasc-button fasc-size-medium fasc-type-glossy fasc-rounded-medium fasc-ico-before dashicons-format-aside\" style=\"background-color: #218562; color: #ffffff;\" target=\"_blank\" rel=\"noopener\" href=\"http:\/\/www.carreirasgalegas.com\/reglamento\/x-carreira-popular-dos-santi%C3%B1os\/fc6f2a7c-f741-0ec6-4653-39e1c0010ead\">Reglamento<\/a><\/p>\n<p>&nbsp;&nbsp; As INSCRICI\u00d3NS deber\u00e1n estar no poder da Organizaci\u00f3n antes das <strong>23.00 h.do xoves &nbsp;<\/strong><strong>2 de Novembro, <\/strong>e<strong>&nbsp;<\/strong> as inscrici\u00f3ns<strong>&nbsp;<\/strong>&nbsp;para a carreira absoluta ter\u00e1n un costo de <strong>8\u20ac<\/strong>.<\/p>\n<p>Poderase inscribir no mesmo dia ata <strong>1 hora<\/strong> antes do comezo da proba tendo un custo de <strong>5 \u20ac<\/strong> o cal <strong><u>non ter\u00e1n dereito a bolsa do corredor<\/u><\/strong><\/p>\n<p>As inscrici\u00f3ns dos cativos Prebenxam\u00edn, Benxam\u00edn, Alev\u00edn, Infantil e Cadete, faranse ata 30 minutos antes do inicio das probas, no propio Estadio de Calabagueiros, sendo esta&nbsp;<strong>inscripci\u00f3n&nbsp;gratu\u00edta<\/strong>.<\/p>\n<p>A retirada de dorsais realizarase na mesa habilitada para tal fin no <strong>ESTADIO DE CALABAGUEIROS<\/strong> o d\u00eda <strong>05 de Novembro , de 10 a 11.30 <\/strong><\/p>\n","protected":false},"excerpt":{"rendered":"<p>O CLUBE ADAS PROINOR coa colaboraci\u00f3n do Concello de O Barco de Valdeorras, a&nbsp; Delegaci\u00f3n da F.G.A en Valdeorras, organiza a 10\u00aa CARREIRA POPULAR DOS SANTI\u00d1OS, que se desenrolar\u00e1 o vindeiro&nbsp;05 de Novembro. As inscrici\u00f3ns absoluta para a carreira se realizar\u00e1 a trav\u00e9s a web&#8230;<\/p>\n","protected":false},"author":1,"featured_media":0,"comment_status":"closed","ping_status":"closed","sticky":false,"template":"","format":"standard","meta":{"footnotes":""},"categories":[7],"tags":[],"class_list":["post-7200","post","type-post","status-publish","format-standard","hentry","category-noticias"],"aioseo_notices":[],"_links":{"self":[{"href":"https:\/\/clubourenseatletismo.es\/blog\/wp-json\/wp\/v2\/posts\/7200","targetHints":{"allow":["GET"]}}],"collection":[{"href":"https:\/\/clubourenseatletismo.es\/blog\/wp-json\/wp\/v2\/posts"}],"about":[{"href":"https:\/\/clubourenseatletismo.es\/blog\/wp-json\/wp\/v2\/types\/post"}],"author":[{"embeddable":true,"href":"https:\/\/clubourenseatletismo.es\/blog\/wp-json\/wp\/v2\/users\/1"}],"replies":[{"embeddable":true,"href":"https:\/\/clubourenseatletismo.es\/blog\/wp-json\/wp\/v2\/comments?post=7200"}],"version-history":[{"count":3,"href":"https:\/\/clubourenseatletismo.es\/blog\/wp-json\/wp\/v2\/posts\/7200\/revisions"}],"predecessor-version":[{"id":7207,"href":"https:\/\/clubourenseatletismo.es\/blog\/wp-json\/wp\/v2\/posts\/7200\/revisions\/7207"}],"wp:attachment":[{"href":"https:\/\/clubourenseatletismo.es\/blog\/wp-json\/wp\/v2\/media?parent=7200"}],"wp:term":[{"taxonomy":"category","embeddable":true,"href":"https:\/\/clubourenseatletismo.es\/blog\/wp-json\/wp\/v2\/categories?post=7200"},{"taxonomy":"post_tag","embeddable":true,"href":"https:\/\/clubourenseatletismo.es\/blog\/wp-json\/wp\/v2\/tags?post=7200"}],"curies":[{"name":"wp","href":"https:\/\/api.w.org\/{rel}","templated":true}]}}