{"id":7106,"date":"2017-09-28T10:44:57","date_gmt":"2017-09-28T08:44:57","guid":{"rendered":"http:\/\/clubourenseatletismo.es\/blog\/?p=7106"},"modified":"2017-09-28T12:48:41","modified_gmt":"2017-09-28T10:48:41","slug":"7106","status":"publish","type":"post","link":"https:\/\/clubourenseatletismo.es\/blog\/2017\/09\/28\/7106\/","title":{"rendered":"Milla Urbana Mar\u00edn"},"content":{"rendered":"<div><img loading=\"lazy\" decoding=\"async\" class=\"alignleft wp-image-7107\" src=\"http:\/\/clubourenseatletismo.es\/blog\/wp-content\/uploads\/2017\/09\/marin.jpg\" alt=\"\" width=\"216\" height=\"307\" srcset=\"https:\/\/clubourenseatletismo.es\/blog\/wp-content\/uploads\/2017\/09\/marin.jpg 300w, https:\/\/clubourenseatletismo.es\/blog\/wp-content\/uploads\/2017\/09\/marin-211x300.jpg 211w\" sizes=\"auto, (max-width: 216px) 100vw, 216px\" \/>O Club San Miguel de Mar\u00edn e o Concello de Mar\u00edn organizan a XX Milla Urbana San Miguel de Mar\u00edn o s\u00e1bado 30 de setembro \u00e1s 17:00 horas. A proba ter\u00e1 lugar no circuito homologado pola RFEA na Avenida de Ourense, nas inmediaci\u00f3ns \u00e1 Alameda Rosal\u00eda de Castro. A carreira estar\u00e1 controlada polo Comit\u00e9 Galego de Xu\u00edces da Federaci\u00f3n Galega de Atletismo e formar\u00e1 parte do seu calendario oficial de probas en&nbsp; ruta.<\/div>\n<div>&nbsp;<\/div>\n<div>Haber\u00e1 4 probas deportivas diferenciadas:<\/div>\n<div>&nbsp;<\/div>\n<div>\u27a2MILLA \u00c9LITE MASCULINA E FEMININA.<\/div>\n<div>\u27a2MILLAS POPULARES MASCULINAS E FEMININAS.<\/div>\n<div>\u27a2CARREIRAS DE CATEGOR\u00cdAS MENORES.<\/div>\n<div>\u27a2CARREIRA POPULAR DE 5 KMS HOMOLOGADOS (CIRCUITO HOMOLOGADO DE 1 KM).<\/div>\n<div>&nbsp;<\/div>\n<div style=\"text-align: center;\"><a class=\"fasc-button fasc-size-medium fasc-type-glossy fasc-rounded-medium fasc-ico-before dashicons-format-aside\" style=\"background-color: #218562; color: #ffffff;\" target=\"_blank\" rel=\"noopener\" href=\"http:\/\/www.carreirasgalegas.com\/reglamento\/xx-milla-urbana-san-miguel-de-mar-n\/f21a2adb-c84f-708f-7a8d-39e10c2f6915\">Horario<\/a> <a class=\"fasc-button fasc-size-medium fasc-type-glossy fasc-rounded-medium fasc-ico-before dashicons-groups\" style=\"background-color: #324994; color: #ffffff;\" target=\"_blank\" rel=\"noopener\" href=\"http:\/\/www.carreirasgalegas.com\/carreira\/xx-milla-urbana-san-miguel-de-mar-n\/f21a2adb-c84f-708f-7a8d-39e10c2f6915\">Incritos<\/a><\/div>\n","protected":false},"excerpt":{"rendered":"<p>O Club San Miguel de Mar\u00edn e o Concello de Mar\u00edn organizan a XX Milla Urbana San Miguel de Mar\u00edn o s\u00e1bado 30 de setembro \u00e1s 17:00 horas. A proba ter\u00e1 lugar no circuito homologado pola RFEA na Avenida de Ourense, nas inmediaci\u00f3ns \u00e1 Alameda&#8230;<\/p>\n","protected":false},"author":1,"featured_media":0,"comment_status":"closed","ping_status":"closed","sticky":false,"template":"","format":"standard","meta":{"footnotes":""},"categories":[7],"tags":[],"class_list":["post-7106","post","type-post","status-publish","format-standard","hentry","category-noticias"],"aioseo_notices":[],"_links":{"self":[{"href":"https:\/\/clubourenseatletismo.es\/blog\/wp-json\/wp\/v2\/posts\/7106","targetHints":{"allow":["GET"]}}],"collection":[{"href":"https:\/\/clubourenseatletismo.es\/blog\/wp-json\/wp\/v2\/posts"}],"about":[{"href":"https:\/\/clubourenseatletismo.es\/blog\/wp-json\/wp\/v2\/types\/post"}],"author":[{"embeddable":true,"href":"https:\/\/clubourenseatletismo.es\/blog\/wp-json\/wp\/v2\/users\/1"}],"replies":[{"embeddable":true,"href":"https:\/\/clubourenseatletismo.es\/blog\/wp-json\/wp\/v2\/comments?post=7106"}],"version-history":[{"count":2,"href":"https:\/\/clubourenseatletismo.es\/blog\/wp-json\/wp\/v2\/posts\/7106\/revisions"}],"predecessor-version":[{"id":7109,"href":"https:\/\/clubourenseatletismo.es\/blog\/wp-json\/wp\/v2\/posts\/7106\/revisions\/7109"}],"wp:attachment":[{"href":"https:\/\/clubourenseatletismo.es\/blog\/wp-json\/wp\/v2\/media?parent=7106"}],"wp:term":[{"taxonomy":"category","embeddable":true,"href":"https:\/\/clubourenseatletismo.es\/blog\/wp-json\/wp\/v2\/categories?post=7106"},{"taxonomy":"post_tag","embeddable":true,"href":"https:\/\/clubourenseatletismo.es\/blog\/wp-json\/wp\/v2\/tags?post=7106"}],"curies":[{"name":"wp","href":"https:\/\/api.w.org\/{rel}","templated":true}]}}