{"id":6965,"date":"2017-08-15T15:12:08","date_gmt":"2017-08-15T13:12:08","guid":{"rendered":"http:\/\/clubourenseatletismo.es\/blog\/?p=6965"},"modified":"2017-08-15T15:12:08","modified_gmt":"2017-08-15T13:12:08","slug":"otros-resultados-estivales","status":"publish","type":"post","link":"https:\/\/clubourenseatletismo.es\/blog\/2017\/08\/15\/otros-resultados-estivales\/","title":{"rendered":"Otros Resultados Estivales"},"content":{"rendered":"<p>El s\u00e1bado 5 de agosto en el Ayuntamiento de Ares ( A Coru\u00f1a), se celebr\u00f3 la XXVI Milla Urbana Concello de Ares. La salida de la carrera tendr\u00eda lugar a las 12:00 horas desde la Plaza de la Iglesia de Ares, y transcurr\u00eda por todo el paseo mar\u00edtimo del municipio coru\u00f1\u00e9s. Tendr\u00eda un recorrido de 1.600 metros, destacar adem\u00e1s que desde las 11:00 horas, se organizar\u00e1n carreras para los m\u00e1s j\u00f3venes.<br \/>\nEn la carrera de los benjamines y con una distancia de aprox. 500 mts, ser\u00eda donde nuestro joven atleta Unai Bertalo particip\u00f3 y logr\u00f3 situarse en 3\u00aa posici\u00f3n en la linea de llegada.<\/p>\n<p style=\"text-align: center;\"><a class=\"fasc-button fasc-size-medium fasc-type-glossy fasc-rounded-medium ico-fa fasc-ico-before fa-trophy\" style=\"background-color: #e66903; color: #ffffff;\" target=\"_blank\" rel=\"noopener\" href=\"http:\/\/www.carreirasgalegas.com\/resultado-externo\/xxvi-milla-urbana-concello-de-ares-2017\/9cdeedbb-6c65-1d64-a19b-39dfd4a33043\">Resultados<\/a><\/p>\n<div id=\"attachment_6966\" style=\"width: 231px\" class=\"wp-caption alignleft\"><img loading=\"lazy\" decoding=\"async\" aria-describedby=\"caption-attachment-6966\" class=\"wp-image-6966\" src=\"http:\/\/clubourenseatletismo.es\/blog\/wp-content\/uploads\/2017\/08\/carlos-clruz.jpg\" alt=\"\" width=\"221\" height=\"332\" srcset=\"https:\/\/clubourenseatletismo.es\/blog\/wp-content\/uploads\/2017\/08\/carlos-clruz.jpg 640w, https:\/\/clubourenseatletismo.es\/blog\/wp-content\/uploads\/2017\/08\/carlos-clruz-200x300.jpg 200w\" sizes=\"auto, (max-width: 221px) 100vw, 221px\" \/><p id=\"caption-attachment-6966\" class=\"wp-caption-text\">Foto cortesia de Carlos Cruz<\/p><\/div>\n<p>Equiocio organizaba el I Trail Solidario Equiocio 2017 Desaf\u00edo Ferrol, que discurrir\u00e1 por la zona costera de Ferrol con salida y llegada de la zona de As Cabazas, en Covas. Ten\u00eda un car\u00e1cter solidario donde Afal (Asociaci\u00f3n de familiares de enfermos de alzh\u00e9imer) ser\u00eda la beneficiaria de una parte de las inscripciones la prueba.<\/p>\n<p>El trail presentaba dos opciones: un recorrido largo de 26 kil\u00f3metros, y otro corto, de 15 km. La edad m\u00ednima para participar era de 16 a\u00f1os y con un tope de 400 altetas. El trail a su vez buscaba dar la posibilidad a los deportistas de tomar parte en una prueba de estas caracter\u00edsticas y al mismo tiempo dar a conocer y promocionar una zona espectacular de la comarca. En esta ocasi\u00f3n nuestro club estar\u00eda representado en las categor\u00eda de los veteranos&nbsp; en el trail corto, de la mano de Jos\u00e9 Lu\u00eds Novoa quien se situaba en el puesto 42 en la general y ser\u00eda 19 en su categor\u00eda, el tiempo para recorrer los 15 km ser\u00eda de 1:27:54.<\/p>\n<p style=\"text-align: center;\"><a class=\"fasc-button fasc-size-medium fasc-type-glossy fasc-rounded-medium ico-fa fasc-ico-before fa-trophy\" style=\"background-color: #e66903; color: #ffffff;\" target=\"_blank\" rel=\"noopener\" href=\"http:\/\/www.carreirasgalegas.com\/resultado-externo\/i-trail-solidario-equiocio-desafio-ferrol\/2f4261c8-4d2a-ee9b-bd38-39dc2a31fc11\">Resultados<\/a><\/p>\n<p>&nbsp;<\/p>\n<p>&nbsp;<\/p>\n<p><img loading=\"lazy\" decoding=\"async\" class=\"alignleft wp-image-6967\" src=\"http:\/\/clubourenseatletismo.es\/blog\/wp-content\/uploads\/2017\/08\/IMG-20170814-WA0005-1024x768.jpg\" alt=\"\" width=\"333\" height=\"250\" srcset=\"https:\/\/clubourenseatletismo.es\/blog\/wp-content\/uploads\/2017\/08\/IMG-20170814-WA0005-1024x768.jpg 1024w, https:\/\/clubourenseatletismo.es\/blog\/wp-content\/uploads\/2017\/08\/IMG-20170814-WA0005-300x225.jpg 300w, https:\/\/clubourenseatletismo.es\/blog\/wp-content\/uploads\/2017\/08\/IMG-20170814-WA0005-768x576.jpg 768w, https:\/\/clubourenseatletismo.es\/blog\/wp-content\/uploads\/2017\/08\/IMG-20170814-WA0005.jpg 1600w\" sizes=\"auto, (max-width: 333px) 100vw, 333px\" \/><img loading=\"lazy\" decoding=\"async\" class=\"alignleft wp-image-6968\" src=\"http:\/\/clubourenseatletismo.es\/blog\/wp-content\/uploads\/2017\/08\/IMG-20170814-WA0006-1024x614.jpg\" alt=\"\" width=\"338\" height=\"203\" srcset=\"https:\/\/clubourenseatletismo.es\/blog\/wp-content\/uploads\/2017\/08\/IMG-20170814-WA0006-1024x614.jpg 1024w, https:\/\/clubourenseatletismo.es\/blog\/wp-content\/uploads\/2017\/08\/IMG-20170814-WA0006-300x180.jpg 300w, https:\/\/clubourenseatletismo.es\/blog\/wp-content\/uploads\/2017\/08\/IMG-20170814-WA0006-768x461.jpg 768w, https:\/\/clubourenseatletismo.es\/blog\/wp-content\/uploads\/2017\/08\/IMG-20170814-WA0006.jpg 1600w\" sizes=\"auto, (max-width: 338px) 100vw, 338px\" \/>Otra de las citas de este agosto ser\u00eda I MILLA URBANA MONFORTE DE LEMOS, encuadrada dentro del programa de fiestas de la localidad. Ser\u00edan un total de 254 corredores los que lograba convocar en su primera edici\u00f3n, todo un \u00e9xito, decir que al inicio de la prueba, los organizadores rendir\u00e1n un homenaje a Miguel Gonz\u00e1lez Carballada, subcampe\u00f3n del mundo de cross escolar.<br \/>\nLa milla discurrirr\u00eda por la calle Reboredo. En total ser\u00edan ocho categor\u00edas, por lo que la clausura estaba prevista para las siete y media de la tarde. El primero en participar ser\u00eda Fernando Trapote, que lo har\u00eda en la prueba de los benjamines siendo 2\u00ba clasificado y recorriendo una distancia de 600 mts. La segunda atleta particip\u00f3 en la carrera para las categor\u00edas promesa\/senior, en esta ocasi\u00f3n Whitney Rodr\u00edguez ser\u00eda 1\u00aa recorriendo la milla en 09:43 y el \u00faltimo de nuestro representantes ser\u00eda Alfredo Gonz\u00e1lez quien particip\u00f3 en la categor\u00eda veteranos A-B donde se situaba 14\u00ba en la general y 7\u00ba en su categor\u00eda recorriendo la milla en un tiempo de 08:15.<\/p>\n<p style=\"text-align: center;\"><a class=\"fasc-button fasc-size-medium fasc-type-glossy fasc-rounded-medium ico-fa fasc-ico-before fa-trophy\" style=\"background-color: #e66903; color: #ffffff;\" target=\"_blank\" rel=\"noopener\" href=\"http:\/\/www.carreirasgalegas.com\/resultado-externo\/i-milla-urbana-de-monforte-de-lemos\/bb022c9a-1ecf-270c-90a9-39dfdeb860e2\">Resultados<\/a><\/p>\n","protected":false},"excerpt":{"rendered":"<p>El s\u00e1bado 5 de agosto en el Ayuntamiento de Ares ( A Coru\u00f1a), se celebr\u00f3 la XXVI Milla Urbana Concello de Ares. La salida de la carrera tendr\u00eda lugar a las 12:00 horas desde la Plaza de la Iglesia de Ares, y transcurr\u00eda por todo&#8230;<\/p>\n","protected":false},"author":1,"featured_media":0,"comment_status":"closed","ping_status":"closed","sticky":false,"template":"","format":"standard","meta":{"footnotes":""},"categories":[9],"tags":[],"class_list":["post-6965","post","type-post","status-publish","format-standard","hentry","category-resultados"],"aioseo_notices":[],"_links":{"self":[{"href":"https:\/\/clubourenseatletismo.es\/blog\/wp-json\/wp\/v2\/posts\/6965","targetHints":{"allow":["GET"]}}],"collection":[{"href":"https:\/\/clubourenseatletismo.es\/blog\/wp-json\/wp\/v2\/posts"}],"about":[{"href":"https:\/\/clubourenseatletismo.es\/blog\/wp-json\/wp\/v2\/types\/post"}],"author":[{"embeddable":true,"href":"https:\/\/clubourenseatletismo.es\/blog\/wp-json\/wp\/v2\/users\/1"}],"replies":[{"embeddable":true,"href":"https:\/\/clubourenseatletismo.es\/blog\/wp-json\/wp\/v2\/comments?post=6965"}],"version-history":[{"count":9,"href":"https:\/\/clubourenseatletismo.es\/blog\/wp-json\/wp\/v2\/posts\/6965\/revisions"}],"predecessor-version":[{"id":6977,"href":"https:\/\/clubourenseatletismo.es\/blog\/wp-json\/wp\/v2\/posts\/6965\/revisions\/6977"}],"wp:attachment":[{"href":"https:\/\/clubourenseatletismo.es\/blog\/wp-json\/wp\/v2\/media?parent=6965"}],"wp:term":[{"taxonomy":"category","embeddable":true,"href":"https:\/\/clubourenseatletismo.es\/blog\/wp-json\/wp\/v2\/categories?post=6965"},{"taxonomy":"post_tag","embeddable":true,"href":"https:\/\/clubourenseatletismo.es\/blog\/wp-json\/wp\/v2\/tags?post=6965"}],"curies":[{"name":"wp","href":"https:\/\/api.w.org\/{rel}","templated":true}]}}