{"id":6861,"date":"2017-07-09T13:06:22","date_gmt":"2017-07-09T11:06:22","guid":{"rendered":"http:\/\/clubourenseatletismo.es\/blog\/?p=6861"},"modified":"2017-07-09T13:08:24","modified_gmt":"2017-07-09T11:08:24","slug":"6861","status":"publish","type":"post","link":"https:\/\/clubourenseatletismo.es\/blog\/2017\/07\/09\/6861\/","title":{"rendered":"A Coru\u00f1a y Vigo citas de esta semana."},"content":{"rendered":"<div><img loading=\"lazy\" decoding=\"async\" class=\"alignleft wp-image-6862\" src=\"http:\/\/clubourenseatletismo.es\/blog\/wp-content\/uploads\/2017\/07\/coru\u00f1a.jpg\" alt=\"\" width=\"215\" height=\"110\" srcset=\"https:\/\/clubourenseatletismo.es\/blog\/wp-content\/uploads\/2017\/07\/coru\u00f1a.jpg 314w, https:\/\/clubourenseatletismo.es\/blog\/wp-content\/uploads\/2017\/07\/coru\u00f1a-300x154.jpg 300w\" sizes=\"auto, (max-width: 215px) 100vw, 215px\" \/>El club de atletismo Coru\u00f1a Comarca con la colaboraci\u00f3n de la Federacion Gallega de atletismo organizar\u00e1 el pr\u00f3ximo 11 de Julio en las Pistas de Inef en Oleiros ( A Coru\u00f1a) la V Jornada del Circuito Coru\u00f1a corre en Pista. Habr\u00e1 una prueba para categor\u00edas infantiles.<\/div>\n<div>&nbsp;<\/div>\n<div style=\"text-align: center;\"><a class=\"fasc-button fasc-size-medium fasc-type-glossy fasc-rounded-medium fasc-ico-before dashicons-format-aside\" style=\"background-color: #218562; color: #ffffff;\" target=\"_blank\" rel=\"noopener\" href=\"http:\/\/www.atletismogalego.com\/hc110717.pdf\">Horario<\/a>&nbsp;&nbsp; <a class=\"fasc-button fasc-size-medium fasc-type-glossy fasc-rounded-medium fasc-ico-before dashicons-groups\" style=\"background-color: #324994; color: #ffffff;\" target=\"_blank\" rel=\"noopener\" href=\"http:\/\/www.atletismogalego.com\/6.pdf\">Inscritos<\/a><\/div>\n<div>&nbsp;<\/div>\n<div>&nbsp;<\/div>\n<div>&nbsp;<\/div>\n<div>&nbsp;<\/div>\n<div>&nbsp;<\/div>\n<div>&nbsp;<\/div>\n<div><img loading=\"lazy\" decoding=\"async\" class=\"alignleft wp-image-6402\" src=\"http:\/\/clubourenseatletismo.es\/blog\/wp-content\/uploads\/2017\/05\/fga.jpg\" alt=\"\" width=\"152\" height=\"152\" srcset=\"https:\/\/clubourenseatletismo.es\/blog\/wp-content\/uploads\/2017\/05\/fga.jpg 512w, https:\/\/clubourenseatletismo.es\/blog\/wp-content\/uploads\/2017\/05\/fga-150x150.jpg 150w, https:\/\/clubourenseatletismo.es\/blog\/wp-content\/uploads\/2017\/05\/fga-300x300.jpg 300w\" sizes=\"auto, (max-width: 152px) 100vw, 152px\" \/>La otra cita ser\u00e1 el pr\u00f3ximo lunes, 10 de julio en el Estadio Municipal de Atletismo de Bala\u00eddos en Vigo se va a celebrar un control de marcas. La organizaci\u00f3n corre a cargo del club de Atletismo Femenino Celta Real Club Celta de Atletismo. Las pruebas comienzan a partir de las 20:00 horas.<\/div>\n<div>&nbsp;<\/div>\n<div style=\"text-align: center;\"><a class=\"fasc-button fasc-size-medium fasc-type-glossy fasc-rounded-medium fasc-ico-before dashicons-format-aside\" style=\"background-color: #218562; color: #ffffff;\" target=\"_blank\" rel=\"noopener\" href=\"http:\/\/www.atletismogalego.com\/hv100717.pdf\">Horario<\/a>&nbsp; <a class=\"fasc-button fasc-size-medium fasc-type-glossy fasc-rounded-medium fasc-ico-before dashicons-groups\" style=\"background-color: #324994; color: #ffffff;\" target=\"_blank\" rel=\"noopener\" href=\"http:\/\/www.atletismogalego.com\/5.pdf\">Inscritos<\/a><\/div>\n<div>&nbsp;<\/div>\n<div>&nbsp;<\/div>\n<div>&nbsp;<\/div>\n","protected":false},"excerpt":{"rendered":"<p>El club de atletismo Coru\u00f1a Comarca con la colaboraci\u00f3n de la Federacion Gallega de atletismo organizar\u00e1 el pr\u00f3ximo 11 de Julio en las Pistas de Inef en Oleiros ( A Coru\u00f1a) la V Jornada del Circuito Coru\u00f1a corre en Pista. Habr\u00e1 una prueba para categor\u00edas&#8230;<\/p>\n","protected":false},"author":1,"featured_media":0,"comment_status":"closed","ping_status":"closed","sticky":false,"template":"","format":"standard","meta":{"footnotes":""},"categories":[7],"tags":[],"class_list":["post-6861","post","type-post","status-publish","format-standard","hentry","category-noticias"],"aioseo_notices":[],"_links":{"self":[{"href":"https:\/\/clubourenseatletismo.es\/blog\/wp-json\/wp\/v2\/posts\/6861","targetHints":{"allow":["GET"]}}],"collection":[{"href":"https:\/\/clubourenseatletismo.es\/blog\/wp-json\/wp\/v2\/posts"}],"about":[{"href":"https:\/\/clubourenseatletismo.es\/blog\/wp-json\/wp\/v2\/types\/post"}],"author":[{"embeddable":true,"href":"https:\/\/clubourenseatletismo.es\/blog\/wp-json\/wp\/v2\/users\/1"}],"replies":[{"embeddable":true,"href":"https:\/\/clubourenseatletismo.es\/blog\/wp-json\/wp\/v2\/comments?post=6861"}],"version-history":[{"count":6,"href":"https:\/\/clubourenseatletismo.es\/blog\/wp-json\/wp\/v2\/posts\/6861\/revisions"}],"predecessor-version":[{"id":6868,"href":"https:\/\/clubourenseatletismo.es\/blog\/wp-json\/wp\/v2\/posts\/6861\/revisions\/6868"}],"wp:attachment":[{"href":"https:\/\/clubourenseatletismo.es\/blog\/wp-json\/wp\/v2\/media?parent=6861"}],"wp:term":[{"taxonomy":"category","embeddable":true,"href":"https:\/\/clubourenseatletismo.es\/blog\/wp-json\/wp\/v2\/categories?post=6861"},{"taxonomy":"post_tag","embeddable":true,"href":"https:\/\/clubourenseatletismo.es\/blog\/wp-json\/wp\/v2\/tags?post=6861"}],"curies":[{"name":"wp","href":"https:\/\/api.w.org\/{rel}","templated":true}]}}