{"id":6784,"date":"2017-06-29T11:10:12","date_gmt":"2017-06-29T09:10:12","guid":{"rendered":"http:\/\/clubourenseatletismo.es\/blog\/?p=6784"},"modified":"2017-06-29T11:10:12","modified_gmt":"2017-06-29T09:10:12","slug":"uso-da-pista-atletismo-monterrey","status":"publish","type":"post","link":"https:\/\/clubourenseatletismo.es\/blog\/2017\/06\/29\/uso-da-pista-atletismo-monterrey\/","title":{"rendered":"Uso da Pista Atletismo Monterrey"},"content":{"rendered":"<p><img loading=\"lazy\" decoding=\"async\" class=\"alignleft  wp-image-6402\" src=\"http:\/\/clubourenseatletismo.es\/blog\/wp-content\/uploads\/2017\/05\/fga.jpg\" alt=\"\" width=\"74\" height=\"74\" srcset=\"https:\/\/clubourenseatletismo.es\/blog\/wp-content\/uploads\/2017\/05\/fga.jpg 512w, https:\/\/clubourenseatletismo.es\/blog\/wp-content\/uploads\/2017\/05\/fga-150x150.jpg 150w, https:\/\/clubourenseatletismo.es\/blog\/wp-content\/uploads\/2017\/05\/fga-300x300.jpg 300w\" sizes=\"auto, (max-width: 74px) 100vw, 74px\" \/>O martes d\u00eda 4 de xullo, en horario de 9,30 a 10,30 h. ter\u00e1 lugar nas pistas do Complexo de Monterrei a realizaci\u00f3n de probas f\u00edsicas a 1 traballador da BRIF de Laza. Polo que non se poderan usar as instalaciones nese horario.<\/p>\n<p>&nbsp;<\/p>\n<p>&nbsp;<\/p>\n<p>&nbsp;<\/p>\n<p>&nbsp;<\/p>\n","protected":false},"excerpt":{"rendered":"<p>O martes d\u00eda 4 de xullo, en horario de 9,30 a 10,30 h. ter\u00e1 lugar nas pistas do Complexo de Monterrei a realizaci\u00f3n de probas f\u00edsicas a 1 traballador da BRIF de Laza. Polo que non se poderan usar as instalaciones nese horario. &nbsp; &nbsp;&#8230;<\/p>\n","protected":false},"author":1,"featured_media":0,"comment_status":"closed","ping_status":"closed","sticky":false,"template":"","format":"aside","meta":{"footnotes":""},"categories":[7],"tags":[],"class_list":["post-6784","post","type-post","status-publish","format-aside","hentry","category-noticias","post_format-post-format-aside"],"aioseo_notices":[],"_links":{"self":[{"href":"https:\/\/clubourenseatletismo.es\/blog\/wp-json\/wp\/v2\/posts\/6784","targetHints":{"allow":["GET"]}}],"collection":[{"href":"https:\/\/clubourenseatletismo.es\/blog\/wp-json\/wp\/v2\/posts"}],"about":[{"href":"https:\/\/clubourenseatletismo.es\/blog\/wp-json\/wp\/v2\/types\/post"}],"author":[{"embeddable":true,"href":"https:\/\/clubourenseatletismo.es\/blog\/wp-json\/wp\/v2\/users\/1"}],"replies":[{"embeddable":true,"href":"https:\/\/clubourenseatletismo.es\/blog\/wp-json\/wp\/v2\/comments?post=6784"}],"version-history":[{"count":2,"href":"https:\/\/clubourenseatletismo.es\/blog\/wp-json\/wp\/v2\/posts\/6784\/revisions"}],"predecessor-version":[{"id":6786,"href":"https:\/\/clubourenseatletismo.es\/blog\/wp-json\/wp\/v2\/posts\/6784\/revisions\/6786"}],"wp:attachment":[{"href":"https:\/\/clubourenseatletismo.es\/blog\/wp-json\/wp\/v2\/media?parent=6784"}],"wp:term":[{"taxonomy":"category","embeddable":true,"href":"https:\/\/clubourenseatletismo.es\/blog\/wp-json\/wp\/v2\/categories?post=6784"},{"taxonomy":"post_tag","embeddable":true,"href":"https:\/\/clubourenseatletismo.es\/blog\/wp-json\/wp\/v2\/tags?post=6784"}],"curies":[{"name":"wp","href":"https:\/\/api.w.org\/{rel}","templated":true}]}}