{"id":664,"date":"2013-02-10T10:31:30","date_gmt":"2013-02-10T09:31:30","guid":{"rendered":"http:\/\/clubourenseatletismo.es\/blog\/?p=664"},"modified":"2013-02-10T10:32:03","modified_gmt":"2013-02-10T09:32:03","slug":"resultados-gallego-juvenil-pista-cubierta","status":"publish","type":"post","link":"https:\/\/clubourenseatletismo.es\/blog\/2013\/02\/10\/resultados-gallego-juvenil-pista-cubierta\/","title":{"rendered":"Resultados Gallego Juvenil de Pista Cubierta"},"content":{"rendered":"<p style=\"text-align: justify;\">En la jornada del s\u00e1bado se disput\u00f3 el <span style=\"text-decoration: underline; color: #000000;\"><strong>Campeonato Gallego Juvenil-J\u00fanior de Pista Cubierta<\/strong><\/span> en el Palacio de Deportes de Riazor, en A Coru\u00f1a. Cinco atletas del Club se desplazaron hasta all\u00ed para tomar parte en el mismo, aunque sus resultados no han sido todo lo satisfactorio que deseaban: la inexperiencia en alg\u00fan caso, y la gran dificultad de poder acceder a finales en la pista cubierta, sobre todo en la prueba de 200 metros (adem\u00e1s de la falta de pr\u00e1ctica en competir en una pista de 160 metros), unido en alg\u00fan caso a criterios de calificaci\u00f3n discutibles, hicieron que nuestros atletas no estuviesen a la altura de sus verdaderas posibilidades.<\/p>\n<p style=\"text-align: justify;\">La mejor actuaci\u00f3n fue, sin duda, la de <span style=\"color: #0000ff;\"><strong>Dami\u00e1n Picouto<\/strong><\/span>, quien logr\u00f3 el <em><span style=\"color: #800000;\"><strong>cuarto puesto<\/strong><\/span><\/em> en la final de 50 vallas, tras clasificarse por tiempos (3\u00ba en su semifinal). Tambi\u00e9n compiti\u00f3 en la prueba de los 200 metros lisos, donde fue segundo de su semifinal con el mejor tiempo de los nuestros, 24.62 segundos, qued\u00e1ndose a 3 cent\u00e9simas de la final (a la que, por cierto, no se present\u00f3 el atleta que le quit\u00f3 la plaza). Sus compa\u00f1eros <span style=\"color: #0000ff;\"><strong>Lucas P\u00e9rez<\/strong><\/span> y <span style=\"color: #0000ff;\"><strong>Jonathan Alvear<\/strong><\/span> participaron en 50 y tambi\u00e9n en los 200 metros lisos. El primero, con molestias musculares a lo largo de la semana, fue segundo en su semifinal de 50 y tercero en los 200 metros, no alcanzando las finales. <span style=\"color: #0000ff;\"><strong>Jonathan<\/strong><\/span>, en su primer campeonato, acus\u00f3 los nervios en los 50 metros (aunque logr\u00f3 el segundo puesto de su semifinal), y en los 200 metros sali\u00f3 desconcentrado por una salida falsa.<\/p>\n<p style=\"text-align: center;\"><img loading=\"lazy\" decoding=\"async\" class=\"size-full wp-image-669 alignnone\" title=\"Dami\u00e1n Picouto\" alt=\"\" src=\"http:\/\/clubourenseatletismo.es\/blog\/wp-content\/uploads\/2013\/02\/IMG_0800.jpg\" width=\"100\" height=\"219\" \/> \u00a0 \u00a0\u00a0 <img loading=\"lazy\" decoding=\"async\" class=\"size-full wp-image-667 alignnone\" title=\"Lucas P\u00e9rez\" alt=\"\" src=\"http:\/\/clubourenseatletismo.es\/blog\/wp-content\/uploads\/2013\/02\/IMG_0793.jpg\" width=\"100\" height=\"219\" \/> \u00a0 \u00a0\u00a0 <img loading=\"lazy\" decoding=\"async\" class=\"size-full wp-image-668 alignnone\" title=\"Jonathan Alvear\" alt=\"\" src=\"http:\/\/clubourenseatletismo.es\/blog\/wp-content\/uploads\/2013\/02\/IMG_0796.jpg\" width=\"100\" height=\"219\" \/><\/p>\n<p style=\"text-align: justify;\">En cuanto a las chicas, <span style=\"color: #0000ff;\"><strong>Laura Rodr\u00edguez<\/strong><\/span> fue segunda en su semifinal de 50 metros, no logrando puesto en la final, aunque s\u00ed compiti\u00f3 posteriormente en una final \u00abB\u00bb, creada expresamente para que la \u00fanica atleta j\u00fanior presente, Ana Peleteiro, pudiera competir una segunda vez en la distancia. En su semifinal compiti\u00f3 tambi\u00e9n <strong><span style=\"color: #0000ff;\">Angela Dopereiro<\/span><\/strong>, logrando la quinta plaza. En los 200 metros, <strong><span style=\"color: #0000ff;\">Laura<\/span><\/strong> gan\u00f3 su serie semifinal, pero la organizaci\u00f3n ten\u00eda establecido el pase a la final unicamente por tiempos, pues ten\u00edan prevista la disputa de cuatro semifinales. La no comparecencia de atletas hizo que quedaron en tres, aunque no se modific\u00f3 el criterio de clasificaci\u00f3n por este hecho.<\/p>\n<p style=\"text-align: center;\"><img loading=\"lazy\" decoding=\"async\" class=\"alignnone size-full wp-image-665\" title=\"Angela Dopereiro\" alt=\"\" src=\"http:\/\/clubourenseatletismo.es\/blog\/wp-content\/uploads\/2013\/02\/IMG_0776.jpg\" width=\"100\" height=\"219\" \/> \u00a0\u00a0 \u00a0 <img loading=\"lazy\" decoding=\"async\" class=\"size-full wp-image-666 alignnone\" title=\"Laura Rodr\u00edguez\" alt=\"\" src=\"http:\/\/clubourenseatletismo.es\/blog\/wp-content\/uploads\/2013\/02\/IMG_0788.jpg\" width=\"100\" height=\"219\" \/><\/p>\n<p style=\"text-align: justify;\">[<a href=\"http:\/\/www.atletismogalego.com\/Resultados201213\/galicia\/c090213.pdf\" target=\"_blank\"><span style=\"color: #800000;\">Resultados<\/span><\/a>]<\/p>\n","protected":false},"excerpt":{"rendered":"<p>En la jornada del s\u00e1bado se disput\u00f3 el Campeonato Gallego Juvenil-J\u00fanior de Pista Cubierta en el Palacio de Deportes de Riazor, en A Coru\u00f1a. Cinco atletas del Club se desplazaron hasta all\u00ed para tomar parte en el mismo, aunque sus resultados no han sido todo&#8230;<\/p>\n","protected":false},"author":1,"featured_media":0,"comment_status":"closed","ping_status":"closed","sticky":false,"template":"","format":"standard","meta":{"footnotes":""},"categories":[5,12,9],"tags":[],"class_list":["post-664","post","type-post","status-publish","format-standard","hentry","category-club","category-cpto-gallego","category-resultados"],"aioseo_notices":[],"_links":{"self":[{"href":"https:\/\/clubourenseatletismo.es\/blog\/wp-json\/wp\/v2\/posts\/664","targetHints":{"allow":["GET"]}}],"collection":[{"href":"https:\/\/clubourenseatletismo.es\/blog\/wp-json\/wp\/v2\/posts"}],"about":[{"href":"https:\/\/clubourenseatletismo.es\/blog\/wp-json\/wp\/v2\/types\/post"}],"author":[{"embeddable":true,"href":"https:\/\/clubourenseatletismo.es\/blog\/wp-json\/wp\/v2\/users\/1"}],"replies":[{"embeddable":true,"href":"https:\/\/clubourenseatletismo.es\/blog\/wp-json\/wp\/v2\/comments?post=664"}],"version-history":[{"count":0,"href":"https:\/\/clubourenseatletismo.es\/blog\/wp-json\/wp\/v2\/posts\/664\/revisions"}],"wp:attachment":[{"href":"https:\/\/clubourenseatletismo.es\/blog\/wp-json\/wp\/v2\/media?parent=664"}],"wp:term":[{"taxonomy":"category","embeddable":true,"href":"https:\/\/clubourenseatletismo.es\/blog\/wp-json\/wp\/v2\/categories?post=664"},{"taxonomy":"post_tag","embeddable":true,"href":"https:\/\/clubourenseatletismo.es\/blog\/wp-json\/wp\/v2\/tags?post=664"}],"curies":[{"name":"wp","href":"https:\/\/api.w.org\/{rel}","templated":true}]}}