{"id":6566,"date":"2017-06-05T21:00:51","date_gmt":"2017-06-05T19:00:51","guid":{"rendered":"http:\/\/clubourenseatletismo.es\/blog\/?p=6566"},"modified":"2017-06-09T22:03:23","modified_gmt":"2017-06-09T20:03:23","slug":"vi-campionato-de-galicia-benxamin-alevin-e-infantil-de-pista-aire-libre","status":"publish","type":"post","link":"https:\/\/clubourenseatletismo.es\/blog\/2017\/06\/05\/vi-campionato-de-galicia-benxamin-alevin-e-infantil-de-pista-aire-libre\/","title":{"rendered":"VI CAMPIONATO DE GALICIA BENXAM\u00cdN, ALEV\u00cdN E INFANTIL  DE PISTA AIRE LIBRE"},"content":{"rendered":"<p><img loading=\"lazy\" decoding=\"async\" class=\"alignleft wp-image-6602\" src=\"http:\/\/clubourenseatletismo.es\/blog\/wp-content\/uploads\/2017\/06\/vigo-1024x724.png\" alt=\"\" width=\"202\" height=\"143\" srcset=\"https:\/\/clubourenseatletismo.es\/blog\/wp-content\/uploads\/2017\/06\/vigo-1024x724.png 1024w, https:\/\/clubourenseatletismo.es\/blog\/wp-content\/uploads\/2017\/06\/vigo-300x212.png 300w, https:\/\/clubourenseatletismo.es\/blog\/wp-content\/uploads\/2017\/06\/vigo-768x543.png 768w, https:\/\/clubourenseatletismo.es\/blog\/wp-content\/uploads\/2017\/06\/vigo.png 1653w\" sizes=\"auto, (max-width: 202px) 100vw, 202px\" \/>Ya pr\u00f3ximos a acabar esta temporada y deseando coger las vacaciones una de las \u00faltimas citas pendientes se va a celebrar este domingo. Ser\u00e1 la organizada por la F.G.A. el VI Campeonato de Galicia benjam\u00edn, alev\u00edn e infantil de pista aire libre que tendr\u00e1 lugar en las Pistas de Bala\u00eddos (Vigo) el pr\u00f3ximo domingo,11 de Junio, en jornada de ma\u00f1ana y tarde. Nuestro club estar\u00e1 ampliamente representado con los atletas que acudir\u00e1n a dicha cita, a la espera de conseguir unos importantes resultados.<\/p>\n<p>&nbsp;<\/p>\n<p style=\"text-align: center;\"><a class=\"fasc-button fasc-size-medium fasc-type-glossy fasc-rounded-medium fasc-ico-before dashicons-format-aside\" style=\"background-color: #218562; color: #ffffff;\" target=\"_blank\" rel=\"noopener noreferrer\" href=\"http:\/\/www.atletismogalego.org\/CIRCULARES\/Circular%2065-2017.pdf\">Circular\/Horario<\/a> <a class=\"fasc-button fasc-size-medium fasc-type-glossy fasc-rounded-medium fasc-ico-before dashicons-groups\" style=\"background-color: #324994; color: #ffffff;\" target=\"_blank\" href=\"http:\/\/www.atletismogalego.com\/inscritosvigo110617.pdf\">Inscritos<\/a><\/p>\n<div><strong>NOTA: <\/strong><span style=\"background-color: #ffff00;\">Recordamos a todos los atletas que&nbsp; deben acudir con sus respectivas licencias RFEA o sus DNI para poder acceder a c\u00e1mara de llamadas as\u00ed como uniformados con la equipaci\u00f3n del Club. Saldr\u00e1 un autob\u00fas a las 07:45 h delante de la puerta del pabell\u00f3n y su regreso est\u00e1 previsto para las 20:30 h al finalizar la competici\u00f3n.&nbsp;<\/span><\/div>\n","protected":false},"excerpt":{"rendered":"<p>Ya pr\u00f3ximos a acabar esta temporada y deseando coger las vacaciones una de las \u00faltimas citas pendientes se va a celebrar este domingo. Ser\u00e1 la organizada por la F.G.A. el VI Campeonato de Galicia benjam\u00edn, alev\u00edn e infantil de pista aire libre que tendr\u00e1 lugar&#8230;<\/p>\n","protected":false},"author":1,"featured_media":0,"comment_status":"closed","ping_status":"closed","sticky":false,"template":"","format":"standard","meta":{"footnotes":""},"categories":[7],"tags":[],"class_list":["post-6566","post","type-post","status-publish","format-standard","hentry","category-noticias"],"aioseo_notices":[],"_links":{"self":[{"href":"https:\/\/clubourenseatletismo.es\/blog\/wp-json\/wp\/v2\/posts\/6566","targetHints":{"allow":["GET"]}}],"collection":[{"href":"https:\/\/clubourenseatletismo.es\/blog\/wp-json\/wp\/v2\/posts"}],"about":[{"href":"https:\/\/clubourenseatletismo.es\/blog\/wp-json\/wp\/v2\/types\/post"}],"author":[{"embeddable":true,"href":"https:\/\/clubourenseatletismo.es\/blog\/wp-json\/wp\/v2\/users\/1"}],"replies":[{"embeddable":true,"href":"https:\/\/clubourenseatletismo.es\/blog\/wp-json\/wp\/v2\/comments?post=6566"}],"version-history":[{"count":9,"href":"https:\/\/clubourenseatletismo.es\/blog\/wp-json\/wp\/v2\/posts\/6566\/revisions"}],"predecessor-version":[{"id":6614,"href":"https:\/\/clubourenseatletismo.es\/blog\/wp-json\/wp\/v2\/posts\/6566\/revisions\/6614"}],"wp:attachment":[{"href":"https:\/\/clubourenseatletismo.es\/blog\/wp-json\/wp\/v2\/media?parent=6566"}],"wp:term":[{"taxonomy":"category","embeddable":true,"href":"https:\/\/clubourenseatletismo.es\/blog\/wp-json\/wp\/v2\/categories?post=6566"},{"taxonomy":"post_tag","embeddable":true,"href":"https:\/\/clubourenseatletismo.es\/blog\/wp-json\/wp\/v2\/tags?post=6566"}],"curies":[{"name":"wp","href":"https:\/\/api.w.org\/{rel}","templated":true}]}}