{"id":6470,"date":"2017-05-29T15:33:16","date_gmt":"2017-05-29T13:33:16","guid":{"rendered":"http:\/\/clubourenseatletismo.es\/blog\/?p=6470"},"modified":"2017-05-29T15:53:47","modified_gmt":"2017-05-29T13:53:47","slug":"proximas-citas-2","status":"publish","type":"post","link":"https:\/\/clubourenseatletismo.es\/blog\/2017\/05\/29\/proximas-citas-2\/","title":{"rendered":"Pr\u00f3ximas Citas"},"content":{"rendered":"<div><img loading=\"lazy\" decoding=\"async\" class=\"alignleft wp-image-6471\" src=\"http:\/\/clubourenseatletismo.es\/blog\/wp-content\/uploads\/2017\/05\/marcha-1.jpg\" alt=\"\" width=\"177\" height=\"250\" srcset=\"https:\/\/clubourenseatletismo.es\/blog\/wp-content\/uploads\/2017\/05\/marcha-1.jpg 300w, https:\/\/clubourenseatletismo.es\/blog\/wp-content\/uploads\/2017\/05\/marcha-1-212x300.jpg 212w\" sizes=\"auto, (max-width: 177px) 100vw, 177px\" \/>O vindeiro domingo d\u00eda 2 de Xu\u00f1o acontecer\u00e1 unha das grandes probas atl\u00e9ticas da cidade como \u00e9 o desenvolvemento do XXXI Gran Premio Internacional de Marcha Cantones de A Coru\u00f1a \u2013 Trofeo Sergio V\u00e1zquez. Para esta edici\u00f3n, c\u00f3ntanse con importantes novidades como son a celebraci\u00f3n da I Marcha Popular que sobre dous kil\u00f3metros percorrer\u00e1 o circuito de Cantones. O XXXI Gran Premio Cantones da Coru\u00f1a de Marcha Atl\u00e9tica \u00e9 unha proba integrada no Calendario da IAAF, sendo organizada pola Federaci\u00f3n Galega de Atletismo, c\u00f3 apoio do Concello da Coru\u00f1a.&nbsp;<\/div>\n<div>&nbsp;<\/div>\n<div style=\"text-align: center;\"><a class=\"fasc-button fasc-size-medium fasc-type-flat fasc-rounded-medium\" style=\"background-color: #33809e; color: #ffffff;\" data-fasc-id=\"fasc-button-tid-1495989896437\" href=\"http:\/\/www.atletismogalego.com\/fga\/p3.asp?id=2136\">Documentaci\u00f3n<\/a> <a class=\"fasc-button fasc-size-medium fasc-type-glossy fasc-rounded-medium fasc-ico-before dashicons-groups\" style=\"background-color: #324994; color: #ffffff;\" target=\"_blank\" rel=\"noopener noreferrer\" data-fasc-id=\"fasc-button-tid-1495989914746\" href=\"http:\/\/www.carreirasgalegas.com\/carreira\/marcha-popular-solidaria-xxxi-gp-cantones-de-a-coru%C3%B1a\/bd24828b-59c2-8585-ec93-39def121ca77\">Inscripciones<\/a> <a class=\"fasc-button fasc-size-medium fasc-type-glossy fasc-rounded-medium fasc-ico-before dashicons-format-aside\" style=\"background-color: #218562; color: #ffffff;\" target=\"_blank\" rel=\"noopener noreferrer\" data-fasc-id=\"fasc-button-tid-1495989941902\" href=\"http:\/\/www.atletismogalego.org\/CIRCULARES\/Circular%2053-2017.pdf\">Circular<\/a><\/div>\n<div style=\"text-align: center;\">&nbsp;<\/div>\n<div style=\"text-align: center;\">&nbsp;<\/div>\n<div style=\"text-align: center;\">&nbsp;<\/div>\n<div style=\"text-align: center;\">\n<div style=\"text-align: left;\">&nbsp;<\/div>\n<div style=\"text-align: left;\"><img loading=\"lazy\" decoding=\"async\" class=\"alignleft wp-image-6472\" src=\"http:\/\/clubourenseatletismo.es\/blog\/wp-content\/uploads\/2017\/05\/milla-solidaria.jpg\" alt=\"\" width=\"166\" height=\"233\" srcset=\"https:\/\/clubourenseatletismo.es\/blog\/wp-content\/uploads\/2017\/05\/milla-solidaria.jpg 300w, https:\/\/clubourenseatletismo.es\/blog\/wp-content\/uploads\/2017\/05\/milla-solidaria-214x300.jpg 214w\" sizes=\"auto, (max-width: 166px) 100vw, 166px\" \/>Con motivo da celebraci\u00f3n do III D\u00eda do Deporte Solidario, o Centro Comercial Area Central de Santiago de Compostela organizar\u00e1, dentro da s\u00faa programaci\u00f3n do d\u00eda, a II Milla Popular Solidaria o s\u00e1bado 3 de xu\u00f1o, proba aberta a atletas federados e non federados.<\/div>\n<div style=\"text-align: left;\">As probas levaranse desde a Praza de Europa en \u00c1rea Central a partir das 18:00 horas e estar\u00e1n baixo o control t\u00e9cnico do Comit\u00e9 de Xuices da Federaci\u00f3n Gallega de Atletismo.<\/div>\n<\/div>\n<div style=\"text-align: left;\">&nbsp;<\/div>\n<div style=\"text-align: center;\"><a class=\"fasc-button fasc-size-medium fasc-type-glossy fasc-rounded-medium fasc-ico-before dashicons-format-aside\" style=\"background-color: #218562; color: #ffffff;\" target=\"_blank\" rel=\"noopener noreferrer\" data-fasc-id=\"fasc-button-tid-1495990173930\" href=\"http:\/\/www.carreirasgalegas.com\/reglamento\/ii-milla-deporte-solidario\/0ac33682-d27c-0dcb-8d82-39ddca64732a\">Horario<\/a>&nbsp; <a class=\"fasc-button fasc-size-medium fasc-type-glossy fasc-rounded-medium fasc-ico-before dashicons-groups\" style=\"background-color: #324994; color: #ffffff;\" target=\"_blank\" rel=\"noopener noreferrer\" data-fasc-id=\"fasc-button-tid-1495990191881\" href=\"http:\/\/www.carreirasgalegas.com\/carreira\/ii-milla-deporte-solidario\/0ac33682-d27c-0dcb-8d82-39ddca64732a\">Inscripci\u00f3n<\/a><\/div>\n<div style=\"text-align: center;\">&nbsp;<\/div>\n<div style=\"text-align: center;\">&nbsp;<\/div>\n<div style=\"text-align: center;\">&nbsp;<\/div>\n<div style=\"text-align: center;\">&nbsp;<\/div>\n<div>&nbsp;<\/div>\n<div>A Delegaci\u00f3n da F.G.A en Ferrol organizar\u00e1 o Campionato de Galicia Cadete e Xuvenil de pista ao aire libre que ter\u00e1 lugar nas Pistas da Malata de Ferrol o domingo d\u00eda 4 de Xu\u00f1o, en xornadas de ma\u00f1\u00e1 e tarde. As inscrici\u00f3ns realizaranse a trav\u00e9s do sistema online na web da RFEA ata as 20:00 horas do martes 30 de maio.<\/div>\n<div>&nbsp;<\/div>\n<div style=\"text-align: center;\"><a class=\"fasc-button fasc-size-medium fasc-type-glossy fasc-rounded-medium fasc-ico-before dashicons-format-aside\" style=\"background-color: #218562; color: #ffffff;\" target=\"_blank\" rel=\"noopener noreferrer\" data-fasc-id=\"fasc-button-tid-1495990376669\" href=\"http:\/\/www.atletismogalego.org\/CIRCULARES\/Circular%2044-2017.pdf\">Horario<\/a>&nbsp; <a class=\"fasc-button fasc-size-medium fasc-type-glossy fasc-rounded-medium fasc-ico-before dashicons-groups\" style=\"background-color: #324994; color: #ffffff;\" target=\"_blank\" rel=\"noopener noreferrer\" data-fasc-id=\"fasc-button-tid-1495990386238\">Inscritos<\/a><\/div>\n<div style=\"text-align: center;\">&nbsp;<\/div>\n<div style=\"text-align: center;\">&nbsp;<\/div>\n<div style=\"text-align: left;\">&nbsp;<\/div>\n","protected":false},"excerpt":{"rendered":"<p>O vindeiro domingo d\u00eda 2 de Xu\u00f1o acontecer\u00e1 unha das grandes probas atl\u00e9ticas da cidade como \u00e9 o desenvolvemento do XXXI Gran Premio Internacional de Marcha Cantones de A Coru\u00f1a \u2013 Trofeo Sergio V\u00e1zquez. Para esta edici\u00f3n, c\u00f3ntanse con importantes novidades como son a celebraci\u00f3n&#8230;<\/p>\n","protected":false},"author":1,"featured_media":0,"comment_status":"closed","ping_status":"closed","sticky":false,"template":"","format":"standard","meta":{"footnotes":""},"categories":[1],"tags":[],"class_list":["post-6470","post","type-post","status-publish","format-standard","hentry","category-sin-categoria"],"aioseo_notices":[],"_links":{"self":[{"href":"https:\/\/clubourenseatletismo.es\/blog\/wp-json\/wp\/v2\/posts\/6470","targetHints":{"allow":["GET"]}}],"collection":[{"href":"https:\/\/clubourenseatletismo.es\/blog\/wp-json\/wp\/v2\/posts"}],"about":[{"href":"https:\/\/clubourenseatletismo.es\/blog\/wp-json\/wp\/v2\/types\/post"}],"author":[{"embeddable":true,"href":"https:\/\/clubourenseatletismo.es\/blog\/wp-json\/wp\/v2\/users\/1"}],"replies":[{"embeddable":true,"href":"https:\/\/clubourenseatletismo.es\/blog\/wp-json\/wp\/v2\/comments?post=6470"}],"version-history":[{"count":4,"href":"https:\/\/clubourenseatletismo.es\/blog\/wp-json\/wp\/v2\/posts\/6470\/revisions"}],"predecessor-version":[{"id":6497,"href":"https:\/\/clubourenseatletismo.es\/blog\/wp-json\/wp\/v2\/posts\/6470\/revisions\/6497"}],"wp:attachment":[{"href":"https:\/\/clubourenseatletismo.es\/blog\/wp-json\/wp\/v2\/media?parent=6470"}],"wp:term":[{"taxonomy":"category","embeddable":true,"href":"https:\/\/clubourenseatletismo.es\/blog\/wp-json\/wp\/v2\/categories?post=6470"},{"taxonomy":"post_tag","embeddable":true,"href":"https:\/\/clubourenseatletismo.es\/blog\/wp-json\/wp\/v2\/tags?post=6470"}],"curies":[{"name":"wp","href":"https:\/\/api.w.org\/{rel}","templated":true}]}}