{"id":6392,"date":"2017-05-22T20:37:09","date_gmt":"2017-05-22T18:37:09","guid":{"rendered":"http:\/\/clubourenseatletismo.es\/blog\/?p=6392"},"modified":"2017-05-22T21:29:33","modified_gmt":"2017-05-22T19:29:33","slug":"10-k-samil-y-xxxiv-copa-diputacion-atletismo-en-pista-resultados","status":"publish","type":"post","link":"https:\/\/clubourenseatletismo.es\/blog\/2017\/05\/22\/10-k-samil-y-xxxiv-copa-diputacion-atletismo-en-pista-resultados\/","title":{"rendered":"10 K Samil y XXXIV Copa Diputacion Atletismo en pista. Resultados"},"content":{"rendered":"<p><img loading=\"lazy\" decoding=\"async\" class=\"alignleft wp-image-6394\" src=\"http:\/\/clubourenseatletismo.es\/blog\/wp-content\/uploads\/2017\/05\/18558853_1342649659156498_8530129277112506724_o.jpg\" alt=\"\" width=\"155\" height=\"192\" srcset=\"https:\/\/clubourenseatletismo.es\/blog\/wp-content\/uploads\/2017\/05\/18558853_1342649659156498_8530129277112506724_o.jpg 775w, https:\/\/clubourenseatletismo.es\/blog\/wp-content\/uploads\/2017\/05\/18558853_1342649659156498_8530129277112506724_o-242x300.jpg 242w, https:\/\/clubourenseatletismo.es\/blog\/wp-content\/uploads\/2017\/05\/18558853_1342649659156498_8530129277112506724_o-768x951.jpg 768w\" sizes=\"auto, (max-width: 155px) 100vw, 155px\" \/>Un circuito de 10km que discurre \u00edntegramente en la Avd.de Samil era un plan ideal para hacer un poco de running o simplemente para disfrutar de una agradable ma\u00f1ana de domingo en un entorno privilegiado. Nuestro atleta Oscar Seoane participar\u00eda en el evento y a las 10:30 estaba preparado en la linea de salida de dicha carrera. Su posici\u00f3n de llegada fue la 5\u00aa con un tiempo de 34:24.<\/p>\n<p>&nbsp;<\/p>\n<p style=\"text-align: center;\"><a class=\"fasc-button fasc-size-medium fasc-type-glossy fasc-rounded-medium fasc-ico-before dashicons-camera\" style=\"background-color: #33809e; color: #ffffff;\" target=\"_blank\" rel=\"noopener noreferrer\" data-fasc-id=\"fasc-button-tid-1495472294184\" href=\"https:\/\/www.facebook.com\/pg\/10kpraiadesamil\/photos\/?tab=album&amp;album_id=1342649312489866\">Fotos Difusion ProSport<\/a>&nbsp;&nbsp; <a class=\"fasc-button fasc-size-medium fasc-type-glossy fasc-rounded-medium ico-fa fasc-ico-before fa-trophy\" style=\"background-color: #e66903; color: #ffffff;\" target=\"_blank\" rel=\"noopener noreferrer\" data-fasc-id=\"fasc-button-tid-1495472369278\" href=\"http:\/\/laptime.es\/eventos\/10k-vigo-samil\/\">Resultados<\/a><\/p>\n<p>&nbsp;<\/p>\n<p>Otra de las maneras tambi\u00e9n fue competir en las Pista de atletismo Josefina Salgado del Complejo Deportivo de Monterrei, cosa que hicieron un nutrido grupo de nuestros atletas. Las pruebas eran para las categor\u00edas desde Cadete hasta Veteranos en horario de ma\u00f1ana, y a pesar del calor que rein\u00f3 durante el transcurso de la prueba los objetivos se vieron completamente cubiertos. Logramos alzarnos con la victoria en 12 ocasiones, en 8 fuimos segundo y en 7 fuimos terceros. Estos son los resultados obtenidos:<\/p>\n<p>&nbsp;<\/p>\n<p>Lanzamientos:<\/p>\n<p>1\u00ba Alejandro Rodr\u00edguez L\u00f3pez lanz\u00f3 39.28mts en la prueba de Martillo (7,260kg)<br \/>\n1\u00ba Julio Fern\u00e1ndez P\u00e9rez lanzar\u00eda 8.26mts en la prueba de lanzamiento de Peso (4kg) MASC.<br \/>\n1\u00ba Abraham Rodr\u00edguez Gonz\u00e1lez lanzar\u00eda 9.75 mts en la prueba de lanzamientop de Peso (6kg) MASC.<br \/>\n1\u00ba Javier Viteri Fern\u00e1ndez lanzar\u00eda 10.67 mts en la prueba de lanzamiento de Peso (6kg) MASC.<br \/>\n1\u00ba Alejandro Rodr\u00edguez L\u00f3pez lanzar\u00eda 11.50 mts en la prueba de lanzamiento de Peso (7,260kg) MAS<br \/>\n2\u00ba Julio Fern\u00e1ndez P\u00e9rez lanz\u00f3 28.39 mts en la prueba de Martillo (4kg).<br \/>\n3\u00ba Jaime Reverter P\u00e9rez lanzar\u00eda 8.90mts en la prueba de lanzamiento de Peso (5kg) .<\/p>\n<p>&nbsp;<\/p>\n<p>Saltos:<\/p>\n<p>2\u00ba Abraham Rodr\u00edguez Gonz\u00e1lez 6.22 mts en la prueba del Salto de Longitud<br \/>\n8\u00ba Jaime Reverter P\u00e9rez&nbsp; 5.33 en la prueba del Salto de Longitud.<\/p>\n<p>100 mts:<\/p>\n<p>3\u00ba Sergio Gonz\u00e1lez Dom\u00ednguez 11.82.<br \/>\n5\u00ba Abraham Rodr\u00edguez Gonz\u00e1lez 11.96<br \/>\n10\u00ba Pablo \u00c1lvarez Nogueira&nbsp; 12.34.<br \/>\n12\u00ba Jaime Reverter P\u00e9rez&nbsp; 12.59.<br \/>\n14\u00ba Diego Cort\u00e9s Gonz\u00e1lez 12.76<br \/>\n20\u00ba Hugo Iglesias Rodr\u00edguez 14.28.<\/p>\n<p>400 mts<\/p>\n<p>1\u00ba Abraham Rodr\u00edguez Gonz\u00e1lez 51.96<br \/>\n2\u00ba Sergio Gonz\u00e1lez Dom\u00ednguez&nbsp; 53.29 .<br \/>\n3\u00ba Jaime Reverter P\u00e9rez 55.36<\/p>\n<p>600 mts<br \/>\n2\u00ba Mart\u00edn M\u00edguez Seara&nbsp; 1:34.23<\/p>\n<p>5.000 mts<\/p>\n<p>3\u00ba Julian Romero \u00c1lvarez 16:25.14<br \/>\n5\u00ba Isaac Carcacia Campos&nbsp; 17:56.75<\/p>\n<p>Lanzamientos Chicas:<\/p>\n<p>Marta V\u00e1zquez Fern\u00e1ndez ser\u00eda:<\/p>\n<p>1\u00aa&nbsp; con 17.27mts en la prueba de Martillo (4kg) FEM.<br \/>\n3\u00aa con 19.71 mts en la prueba de lanzamiento de Disco (800g) FEM.<br \/>\n5\u00aa con 19.61en la prueba de Martillo (3kg) FEM<br \/>\n1\u00aa con 15.55 en la prueba de lanzamiento de Disco (1kg) FEM.<\/p>\n<p>Saltos:<\/p>\n<p>1\u00aa Elena Freiria Bravo&nbsp; 10.68 mts en la prueba de Triple Salto.<br \/>\n3\u00aa Paula Freir\u00eda Bravo 10.31 mts en la prueba de Triple Salto.<\/p>\n<p>400 mts<\/p>\n<p>1\u00aa Luc\u00eda Guzm\u00e1n V\u00e1zquez&nbsp; 1:05.37<br \/>\n2\u00aa Laura Feij\u00f3o Gonz\u00e1lez 1:08.98.<br \/>\n3\u00aa Cristina Garc\u00eda Colomo 1:24.02.<\/p>\n<p>400 m. vallas<\/p>\n<p>2\u00aa Ant\u00eda Rodr\u00edguez Abad&nbsp; 1:10.44<\/p>\n<p>600 mts<\/p>\n<p>1\u00aa Ant\u00eda Castro P\u00e9rez 1:41.26<br \/>\n5\u00aa Rita V\u00e1zquez Gonz\u00e1lez 2:05.35.<\/p>\n<p>1.000 mts<\/p>\n<p>2\u00aa Mar\u00eda N\u00f3voa Cabrera 3:38.17<\/p>\n<p>100 mts<\/p>\n<p>2\u00aa Elena Freiria Bravo&nbsp; 13.35.<br \/>\n17\u00aa Cristina Garc\u00eda Colomo&nbsp; 18.51.<\/p>\n<p>5.000 mts<\/p>\n<p>1\u00aa Mar\u00eda Esther Bouso Fuentecilla 24:47.19<\/p>\n<p>&nbsp;<\/p>\n<p>&nbsp;<\/p>\n<p style=\"text-align: center;\"><a class=\"fasc-button fasc-size-medium fasc-type-glossy fasc-rounded-medium ico-fa fasc-ico-before fa-trophy\" style=\"background-color: #e66903; color: #ffffff;\" target=\"_blank\" rel=\"noopener noreferrer\" data-fasc-id=\"fasc-button-tid-1495460424881\" href=\"http:\/\/www.fgatletismo.es\/resultados\/ourense\/2017-05-21\/index.html\">Resultados<\/a><\/p>\n","protected":false},"excerpt":{"rendered":"<p>Un circuito de 10km que discurre \u00edntegramente en la Avd.de Samil era un plan ideal para hacer un poco de running o simplemente para disfrutar de una agradable ma\u00f1ana de domingo en un entorno privilegiado. Nuestro atleta Oscar Seoane participar\u00eda en el evento y a&#8230;<\/p>\n","protected":false},"author":1,"featured_media":0,"comment_status":"closed","ping_status":"closed","sticky":false,"template":"","format":"standard","meta":{"footnotes":""},"categories":[9],"tags":[],"class_list":["post-6392","post","type-post","status-publish","format-standard","hentry","category-resultados"],"aioseo_notices":[],"_links":{"self":[{"href":"https:\/\/clubourenseatletismo.es\/blog\/wp-json\/wp\/v2\/posts\/6392","targetHints":{"allow":["GET"]}}],"collection":[{"href":"https:\/\/clubourenseatletismo.es\/blog\/wp-json\/wp\/v2\/posts"}],"about":[{"href":"https:\/\/clubourenseatletismo.es\/blog\/wp-json\/wp\/v2\/types\/post"}],"author":[{"embeddable":true,"href":"https:\/\/clubourenseatletismo.es\/blog\/wp-json\/wp\/v2\/users\/1"}],"replies":[{"embeddable":true,"href":"https:\/\/clubourenseatletismo.es\/blog\/wp-json\/wp\/v2\/comments?post=6392"}],"version-history":[{"count":5,"href":"https:\/\/clubourenseatletismo.es\/blog\/wp-json\/wp\/v2\/posts\/6392\/revisions"}],"predecessor-version":[{"id":6409,"href":"https:\/\/clubourenseatletismo.es\/blog\/wp-json\/wp\/v2\/posts\/6392\/revisions\/6409"}],"wp:attachment":[{"href":"https:\/\/clubourenseatletismo.es\/blog\/wp-json\/wp\/v2\/media?parent=6392"}],"wp:term":[{"taxonomy":"category","embeddable":true,"href":"https:\/\/clubourenseatletismo.es\/blog\/wp-json\/wp\/v2\/categories?post=6392"},{"taxonomy":"post_tag","embeddable":true,"href":"https:\/\/clubourenseatletismo.es\/blog\/wp-json\/wp\/v2\/tags?post=6392"}],"curies":[{"name":"wp","href":"https:\/\/api.w.org\/{rel}","templated":true}]}}