{"id":5813,"date":"2017-02-22T22:21:23","date_gmt":"2017-02-22T21:21:23","guid":{"rendered":"http:\/\/clubourenseatletismo.es\/blog\/?p=5813"},"modified":"2017-02-22T22:21:23","modified_gmt":"2017-02-22T21:21:23","slug":"resultados-campeonato-feddi","status":"publish","type":"post","link":"https:\/\/clubourenseatletismo.es\/blog\/2017\/02\/22\/resultados-campeonato-feddi\/","title":{"rendered":"Resultados Campeonato Feddi"},"content":{"rendered":"<p><img loading=\"lazy\" decoding=\"async\" class=\"alignleft  wp-image-5831\" src=\"http:\/\/clubourenseatletismo.es\/blog\/wp-content\/uploads\/2017\/02\/IMG-20170222-WA0005-614x1024.jpg\" alt=\"\" width=\"323\" height=\"539\" srcset=\"https:\/\/clubourenseatletismo.es\/blog\/wp-content\/uploads\/2017\/02\/IMG-20170222-WA0005-614x1024.jpg 614w, https:\/\/clubourenseatletismo.es\/blog\/wp-content\/uploads\/2017\/02\/IMG-20170222-WA0005-180x300.jpg 180w, https:\/\/clubourenseatletismo.es\/blog\/wp-content\/uploads\/2017\/02\/IMG-20170222-WA0005-768x1280.jpg 768w, https:\/\/clubourenseatletismo.es\/blog\/wp-content\/uploads\/2017\/02\/IMG-20170222-WA0005.jpg 960w\" sizes=\"auto, (max-width: 323px) 100vw, 323px\" \/>Nuestro club ha vuelto a sobresalir, esta vez en el Cross Adaptado,&nbsp; lo ha hecho con la doble participaci\u00f3n tanto de Alejandro Montero como de Ram\u00f3n A. En la ma\u00f1ana de hoy, Alejandro Montero, se ha proclamado Campe\u00f3n Gallego de Campo a Trav\u00e9s&nbsp; Feddi.Revalidando de esta manera el t\u00edtulo obtenido el a\u00f1o pasado y demostrado su excelente estado de forma.&nbsp; Acud\u00eda a la carrera que se iba a disputar en Pontevedra acompa\u00f1ado de su entrenador Alfredo Gonz\u00e1lez y por su otro compa\u00f1ero Ram\u00f3n A. Atleta que est\u00e1 consiguiendo excelentes resultados, en esta ocasi\u00f3n se proclamar\u00eda 3\u00ba.Enhorabuena a atletas y entrenador. <img loading=\"lazy\" decoding=\"async\" class=\"alignleft  wp-image-5828\" src=\"http:\/\/clubourenseatletismo.es\/blog\/wp-content\/uploads\/2017\/02\/IMG-20170222-WA0001-1024x768.jpg\" alt=\"\" width=\"300\" height=\"225\" srcset=\"https:\/\/clubourenseatletismo.es\/blog\/wp-content\/uploads\/2017\/02\/IMG-20170222-WA0001-1024x768.jpg 1024w, https:\/\/clubourenseatletismo.es\/blog\/wp-content\/uploads\/2017\/02\/IMG-20170222-WA0001-300x225.jpg 300w, https:\/\/clubourenseatletismo.es\/blog\/wp-content\/uploads\/2017\/02\/IMG-20170222-WA0001-768x576.jpg 768w, https:\/\/clubourenseatletismo.es\/blog\/wp-content\/uploads\/2017\/02\/IMG-20170222-WA0001.jpg 1600w\" sizes=\"auto, (max-width: 300px) 100vw, 300px\" \/><img loading=\"lazy\" decoding=\"async\" class=\"alignleft  wp-image-5832\" src=\"http:\/\/clubourenseatletismo.es\/blog\/wp-content\/uploads\/2017\/02\/IMG-20170222-WA0006-614x1024.jpg\" alt=\"\" width=\"182\" height=\"304\"><\/p>\n<p>&nbsp;<\/p>\n","protected":false},"excerpt":{"rendered":"<p>Nuestro club ha vuelto a sobresalir, esta vez en el Cross Adaptado,&nbsp; lo ha hecho con la doble participaci\u00f3n tanto de Alejandro Montero como de Ram\u00f3n A. En la ma\u00f1ana de hoy, Alejandro Montero, se ha proclamado Campe\u00f3n Gallego de Campo a Trav\u00e9s&nbsp; Feddi.Revalidando de&#8230;<\/p>\n","protected":false},"author":1,"featured_media":0,"comment_status":"closed","ping_status":"closed","sticky":false,"template":"","format":"standard","meta":{"footnotes":""},"categories":[9],"tags":[],"class_list":["post-5813","post","type-post","status-publish","format-standard","hentry","category-resultados"],"aioseo_notices":[],"_links":{"self":[{"href":"https:\/\/clubourenseatletismo.es\/blog\/wp-json\/wp\/v2\/posts\/5813","targetHints":{"allow":["GET"]}}],"collection":[{"href":"https:\/\/clubourenseatletismo.es\/blog\/wp-json\/wp\/v2\/posts"}],"about":[{"href":"https:\/\/clubourenseatletismo.es\/blog\/wp-json\/wp\/v2\/types\/post"}],"author":[{"embeddable":true,"href":"https:\/\/clubourenseatletismo.es\/blog\/wp-json\/wp\/v2\/users\/1"}],"replies":[{"embeddable":true,"href":"https:\/\/clubourenseatletismo.es\/blog\/wp-json\/wp\/v2\/comments?post=5813"}],"version-history":[{"count":7,"href":"https:\/\/clubourenseatletismo.es\/blog\/wp-json\/wp\/v2\/posts\/5813\/revisions"}],"predecessor-version":[{"id":5838,"href":"https:\/\/clubourenseatletismo.es\/blog\/wp-json\/wp\/v2\/posts\/5813\/revisions\/5838"}],"wp:attachment":[{"href":"https:\/\/clubourenseatletismo.es\/blog\/wp-json\/wp\/v2\/media?parent=5813"}],"wp:term":[{"taxonomy":"category","embeddable":true,"href":"https:\/\/clubourenseatletismo.es\/blog\/wp-json\/wp\/v2\/categories?post=5813"},{"taxonomy":"post_tag","embeddable":true,"href":"https:\/\/clubourenseatletismo.es\/blog\/wp-json\/wp\/v2\/tags?post=5813"}],"curies":[{"name":"wp","href":"https:\/\/api.w.org\/{rel}","templated":true}]}}