{"id":5536,"date":"2017-01-20T16:46:41","date_gmt":"2017-01-20T15:46:41","guid":{"rendered":"http:\/\/clubourenseatletismo.es\/blog\/?p=5536"},"modified":"2017-01-20T16:46:41","modified_gmt":"2017-01-20T15:46:41","slug":"ii-jornada-del-ii-circuito-concello-de-vigo-de-atletismo-en-pista","status":"publish","type":"post","link":"https:\/\/clubourenseatletismo.es\/blog\/2017\/01\/20\/ii-jornada-del-ii-circuito-concello-de-vigo-de-atletismo-en-pista\/","title":{"rendered":"II JORNADA del   II CIRCUITO CONCELLO DE VIGO DE ATLETISMO EN PISTA"},"content":{"rendered":"<p><img loading=\"lazy\" decoding=\"async\" class=\"alignleft  wp-image-5532\" src=\"http:\/\/clubourenseatletismo.es\/blog\/wp-content\/uploads\/2017\/01\/LOGO.jpeg\" alt=\"\" width=\"66\" height=\"66\" srcset=\"https:\/\/clubourenseatletismo.es\/blog\/wp-content\/uploads\/2017\/01\/LOGO.jpeg 419w, https:\/\/clubourenseatletismo.es\/blog\/wp-content\/uploads\/2017\/01\/LOGO-150x150.jpeg 150w, https:\/\/clubourenseatletismo.es\/blog\/wp-content\/uploads\/2017\/01\/LOGO-300x300.jpeg 300w\" sizes=\"auto, (max-width: 66px) 100vw, 66px\" \/>El domingo se celebrar\u00e1n las <a href=\"http:\/\/www.atletismogalego.com\/hv220117.pdf\">II Xornadas Municip\u00e1is Concello de Vigo<\/a> en pista organizadas por AVA en Balaidos. Hasta all\u00ed se desplazar\u00e1n un grupo de altetas del Club. Las pruebas comenzar\u00e1n a las 11.00 horas. Estaremos atentos a sus progresos.<\/p>\n<p style=\"text-align: center;\"><a class=\"fasc-button fasc-size-medium fasc-type-glossy fasc-rounded-medium fasc-ico-before dashicons-format-aside\" style=\"background-color: #218562; color: #ffffff;\" href=\"http:\/\/www.atletismogalego.com\/hv220117.pdf\" target=\"_blank\" data-fasc-style=\"background-color:#218562;color:#ffffff;\">Horario<\/a>&nbsp;&nbsp; <a class=\"fasc-button fasc-size-medium fasc-type-glossy fasc-rounded-medium fasc-ico-before dashicons-groups\" style=\"background-color: #324994; color: #ffffff;\" href=\"http:\/\/www.atletismogalego.com\/3.pdf\" target=\"_blank\" data-fasc-style=\"background-color:#324994;color:#ffffff;\">Relaci\u00f3n Inscritos<\/a><\/p>\n<p style=\"text-align: left;\">&nbsp;<\/p>\n<p>&nbsp;<\/p>\n","protected":false},"excerpt":{"rendered":"<p>El domingo se celebrar\u00e1n las II Xornadas Municip\u00e1is Concello de Vigo en pista organizadas por AVA en Balaidos. Hasta all\u00ed se desplazar\u00e1n un grupo de altetas del Club. Las pruebas comenzar\u00e1n a las 11.00 horas. Estaremos atentos a sus progresos. Horario&nbsp;&nbsp; Relaci\u00f3n Inscritos &nbsp; &nbsp;<\/p>\n","protected":false},"author":1,"featured_media":0,"comment_status":"closed","ping_status":"closed","sticky":false,"template":"","format":"standard","meta":{"footnotes":""},"categories":[7],"tags":[],"class_list":["post-5536","post","type-post","status-publish","format-standard","hentry","category-noticias"],"aioseo_notices":[],"_links":{"self":[{"href":"https:\/\/clubourenseatletismo.es\/blog\/wp-json\/wp\/v2\/posts\/5536","targetHints":{"allow":["GET"]}}],"collection":[{"href":"https:\/\/clubourenseatletismo.es\/blog\/wp-json\/wp\/v2\/posts"}],"about":[{"href":"https:\/\/clubourenseatletismo.es\/blog\/wp-json\/wp\/v2\/types\/post"}],"author":[{"embeddable":true,"href":"https:\/\/clubourenseatletismo.es\/blog\/wp-json\/wp\/v2\/users\/1"}],"replies":[{"embeddable":true,"href":"https:\/\/clubourenseatletismo.es\/blog\/wp-json\/wp\/v2\/comments?post=5536"}],"version-history":[{"count":1,"href":"https:\/\/clubourenseatletismo.es\/blog\/wp-json\/wp\/v2\/posts\/5536\/revisions"}],"predecessor-version":[{"id":5537,"href":"https:\/\/clubourenseatletismo.es\/blog\/wp-json\/wp\/v2\/posts\/5536\/revisions\/5537"}],"wp:attachment":[{"href":"https:\/\/clubourenseatletismo.es\/blog\/wp-json\/wp\/v2\/media?parent=5536"}],"wp:term":[{"taxonomy":"category","embeddable":true,"href":"https:\/\/clubourenseatletismo.es\/blog\/wp-json\/wp\/v2\/categories?post=5536"},{"taxonomy":"post_tag","embeddable":true,"href":"https:\/\/clubourenseatletismo.es\/blog\/wp-json\/wp\/v2\/tags?post=5536"}],"curies":[{"name":"wp","href":"https:\/\/api.w.org\/{rel}","templated":true}]}}