{"id":5511,"date":"2017-01-05T12:56:27","date_gmt":"2017-01-05T11:56:27","guid":{"rendered":"http:\/\/clubourenseatletismo.es\/blog\/?p=5511"},"modified":"2017-01-06T11:16:54","modified_gmt":"2017-01-06T10:16:54","slug":"5511","status":"publish","type":"post","link":"https:\/\/clubourenseatletismo.es\/blog\/2017\/01\/05\/5511\/","title":{"rendered":"TROFEO NADAL"},"content":{"rendered":"<p>Gran \u00e9xito de participaci\u00f3n con motivo de la celebraci\u00f3n del Trofeo Nadal en el M\u00f3dulo Cubierto del Pabell\u00f3n de Os Remedios. Acto organizado por el Club Ourense Atletismo, en el que asistieron clubs de diferentes puntos de la geograf\u00eda gallega. En jornada de ma\u00f1ana benjamines y alevines disputaron las pruebas del triatlon.<\/p>\n<p>En cuanto a los atletas de nuestro club estos fueron los mejores resultados: En Benjam\u00edn Femenino, Iria Solera qued\u00f3 cuarta con 636 puntos,Enma Pedrera sexta con 544 y d\u00e9cima Roc\u00edo Mar\u00edn con 462 puntos. En Benjam\u00edn Masculino, primer puesto para <span style=\"color: #339966;\">Rub\u00e9n N. Garrido<\/span> con 422 puntos, 2\u00ba <span style=\"color: #339966;\">Mauro G\u00f3mez<\/span> con 403 puntos y 5\u00ba Fernando Trapote con 306 puntos.<\/p>\n<p>En Alev\u00edn Femenino, <span style=\"color: #339966;\">Sabela M\u00edguez<\/span> 1\u00aa con 919 puntos, 3\u00aa <span style=\"color: #339966;\">Kiara Salgado<\/span> con 868 y 4\u00aa Manuela Blanco con 802 puntos. En Alev\u00edn Masculino, sexta posici\u00f3n para Javier Malingre con 390 puntos, seguido por Hugo Nogueiras con 378 puntos y 9\u00ba Mario Varela con 357 puntos.<\/p>\n<p>Por la tarde ser\u00edan los infantiles los que participar\u00edan en Tetrathlon las chicas y Pentathlon los chicos. Nuestros mejores resultados en Infantil Femenino fueron Mara Ruiz 5\u00aa con 1273 puntos y 10\u00aa Carmen de la Fuente con 1155 que completaron todas las pruebas. En Infantil Masculino, destacar los puestos de <span style=\"color: #339966;\">Aar\u00f3n Su\u00e1rez<\/span> 3\u00ba con 1137 puntos y Alejandro Grande 5\u00ba con 1073 puntos.<br \/>\nHubo tambi\u00e9n una prueba de 60 m. vallas para los cadetes fuera de concurso. En chicos, <span style=\"color: #339966;\">Roi Gonz\u00e1lez<\/span> quedaba 2\u00ba con un tiempo de 11.49 y <span style=\"color: #339966;\">Mart\u00edn M\u00edguez<\/span> 3\u00ba con 11.81. En chicas Uma Cibeira quedaba cuarta con una crono de 10.88.<\/p>\n<p style=\"text-align: center;\"><a class=\"fasc-button fasc-size-medium fasc-type-glossy fasc-rounded-medium ico-fa fasc-ico-before fa-trophy\" style=\"background-color: #e66903; color: #ffffff;\" href=\"http:\/\/www.fgatletismo.es\/ourense\/wp-content\/uploads\/2017\/01\/2017-01-05-Trofeo-de-Nadal-OURENSE-ATLETISMO-1.pdf\" target=\"_blank\" data-fasc-style=\"background-color:#e66903;color:#ffffff;\">Resultados Ma\u00f1ana<\/a><a class=\"fasc-button fasc-size-medium fasc-type-glossy fasc-rounded-medium ico-fa fasc-ico-before fa-trophy\" style=\"background-color: #0092e6; color: #ffffff;\" href=\"http:\/\/www.fgatletismo.es\/ourense\/wp-content\/uploads\/2017\/01\/2017-01-05-Trofeo-de-Nadal-OURENSE-ATLETISMO-2.pdf\" target=\"_blank\" data-fasc-style=\"background-color:#0092e6;color:#ffffff;\">Resultados Combinadas Ben\/Alv<\/a><a class=\"fasc-button fasc-size-medium fasc-type-glossy fasc-rounded-medium ico-fa fasc-ico-before fa-trophy\" style=\"background-color: #00e626; color: #ffffff;\" href=\"http:\/\/www.fgatletismo.es\/ourense\/wp-content\/uploads\/2017\/01\/2017-01-05-Trofeo-de-Nadal-OURENSE-ATLETISMO-3.pdf\" target=\"_blank\" data-fasc-style=\"background-color:#00e626;color:#ffffff;\">Resultados Tarde<\/a><a class=\"fasc-button fasc-size-medium fasc-type-glossy fasc-rounded-medium ico-fa fasc-ico-before fa-trophy\" style=\"background-color: #d700e6; color: #ffffff;\" href=\"http:\/\/www.fgatletismo.es\/ourense\/wp-content\/uploads\/2017\/01\/2017-01-05-Trofeo-de-Nadal-OURENSE-ATLETISMO-4.pdf\" target=\"_blank\" data-fasc-style=\"background-color:#d700e6;color:#ffffff;\">Resultados Combinadas Inf.<\/a><a class=\"fasc-button fasc-size-medium fasc-type-glossy fasc-rounded-medium fasc-ico-before dashicons-camera\" style=\"background-color: #33809e; color: #ffffff;\" href=\"https:\/\/goo.gl\/photos\/SQXMU9ChLqEkd69Y8\" target=\"_blank\" data-fasc-style=\"background-color:#33809e;color:#ffffff;\">Ftos Tarde<\/a><\/p>\n","protected":false},"excerpt":{"rendered":"<p>Gran \u00e9xito de participaci\u00f3n con motivo de la celebraci\u00f3n del Trofeo Nadal en el M\u00f3dulo Cubierto del Pabell\u00f3n de Os Remedios. Acto organizado por el Club Ourense Atletismo, en el que asistieron clubs de diferentes puntos de la geograf\u00eda gallega. En jornada de ma\u00f1ana benjamines&#8230;<\/p>\n","protected":false},"author":1,"featured_media":0,"comment_status":"closed","ping_status":"closed","sticky":false,"template":"","format":"standard","meta":{"footnotes":""},"categories":[9],"tags":[],"class_list":["post-5511","post","type-post","status-publish","format-standard","hentry","category-resultados"],"aioseo_notices":[],"_links":{"self":[{"href":"https:\/\/clubourenseatletismo.es\/blog\/wp-json\/wp\/v2\/posts\/5511","targetHints":{"allow":["GET"]}}],"collection":[{"href":"https:\/\/clubourenseatletismo.es\/blog\/wp-json\/wp\/v2\/posts"}],"about":[{"href":"https:\/\/clubourenseatletismo.es\/blog\/wp-json\/wp\/v2\/types\/post"}],"author":[{"embeddable":true,"href":"https:\/\/clubourenseatletismo.es\/blog\/wp-json\/wp\/v2\/users\/1"}],"replies":[{"embeddable":true,"href":"https:\/\/clubourenseatletismo.es\/blog\/wp-json\/wp\/v2\/comments?post=5511"}],"version-history":[{"count":4,"href":"https:\/\/clubourenseatletismo.es\/blog\/wp-json\/wp\/v2\/posts\/5511\/revisions"}],"predecessor-version":[{"id":5515,"href":"https:\/\/clubourenseatletismo.es\/blog\/wp-json\/wp\/v2\/posts\/5511\/revisions\/5515"}],"wp:attachment":[{"href":"https:\/\/clubourenseatletismo.es\/blog\/wp-json\/wp\/v2\/media?parent=5511"}],"wp:term":[{"taxonomy":"category","embeddable":true,"href":"https:\/\/clubourenseatletismo.es\/blog\/wp-json\/wp\/v2\/categories?post=5511"},{"taxonomy":"post_tag","embeddable":true,"href":"https:\/\/clubourenseatletismo.es\/blog\/wp-json\/wp\/v2\/tags?post=5511"}],"curies":[{"name":"wp","href":"https:\/\/api.w.org\/{rel}","templated":true}]}}