{"id":5486,"date":"2016-12-21T15:22:24","date_gmt":"2016-12-21T14:22:24","guid":{"rendered":"http:\/\/clubourenseatletismo.es\/blog\/?p=5486"},"modified":"2016-12-21T15:22:24","modified_gmt":"2016-12-21T14:22:24","slug":"resultados-fin-de-semana-xogade-y-solidaria-arenteiro","status":"publish","type":"post","link":"https:\/\/clubourenseatletismo.es\/blog\/2016\/12\/21\/resultados-fin-de-semana-xogade-y-solidaria-arenteiro\/","title":{"rendered":"Resultados Fin de Semana  (Xogade y Solidaria Arenteiro)"},"content":{"rendered":"<p>XOGADE FASE PREVIA.<\/p>\n<p>El pasado s\u00e1bado tuvo lugar la Fase Previa Campo a Trav\u00e9s Xogade en Monterrei. Participaron los equipos de La Pur\u00edsima, Esprintes Ourense, Carmelitas, EA Ben Cho Shey, C.D. Aurum y Ourense Atletismo. Aunque con escasa participaci\u00f3n en alguna categor\u00eda hubo excelentes resultados. Fue una ma\u00f1ana muy fr\u00eda con niebla, pero nuestros atletas destacaron copando los primeros puestos. Al finalizar se disputaron&nbsp; tambi\u00e9n las carreras absolutas.<\/p>\n<p>En categor\u00eda Absoluta Femenina los cinco primeros puestos fueron por orden de llegada: 1\u00aa Daniela Ferreiro (1\u00aaJF), 2\u00aa Ux\u00eda Rodr\u00edguez (1\u00aaSF), 3\u00aa Itz\u00edar Manso (1\u00aaLF), 4\u00aa Esther Sola (2\u00aaSF) y 5\u00aa Mar\u00eda N\u00f3voa (2\u00aaLF). En Absoluto Masculino Alejandro G. Cadaya consegu\u00eda ser primero.<\/p>\n<p>En cuanto al resto de categor\u00edas, destacamos a los tres primeros atletas de nuestro Club. En Benjam\u00edn masculino, Fernando Trapote 1\u00ba, Xian Iglesias 4\u00ba y Mauro G\u00f3mez 5\u00ba. En Benjam\u00edn Femenino, Iria Solera 1\u00aa, Enma Pedrera 2\u00aa y Zaira Rodr\u00edguez 5\u00aa. En Alev\u00edn masculino Aritz Paz 1\u00ba, Miguel Carvajales 3\u00ba y Javier Malingre 4\u00ba. En Alev\u00edn Femenino Ana N\u00f3voa 1\u00aa, Sabela M\u00edguez 3\u00aa y Julia Fdez. 4\u00aa. En Infantil Masculino, Rodrigo S\u00e1nchez 1\u00ba, Aaron Su\u00e1rez 3\u00ba y Jos\u00e9 B. Rodr\u00edguez 4\u00ba. En Infantil Femenino, Anxela Seoane 1\u00aa, Martina Fern\u00e1ndez 2\u00aa y Mara Ruiz 4\u00aa. En Cadete Masculino, Alexandre Alvarez 1\u00ba y Mart\u00edn M\u00edguez 2\u00ba. En Cadete Femenino, Ant\u00eda Castro 1\u00aa, Alicia M. Ramos 5\u00aa e Itz\u00edar G\u00f3mez 7\u00aa.<\/p>\n<p><span style=\"background-color: #ffff00;\">La siguiente cita<\/span> del programa Xogade ser\u00e1 la <span style=\"background-color: #ffff00;\">Final Comarcal<\/span> que tendr\u00e1 lugar tambi\u00e9n en <span style=\"background-color: #ffff00;\">Monterrei<\/span> el <span style=\"background-color: #ffff00;\">d\u00eda 28 de enero.<\/span><\/p>\n<p style=\"text-align: center;\"><a class=\"fasc-button fasc-size-medium fasc-type-glossy fasc-rounded-medium ico-fa fasc-ico-before fa-trophy\" style=\"background-color: #e66903; color: #ffffff;\" href=\"http:\/\/www.fgatletismo.es\/ourense\/wp-content\/uploads\/2016\/12\/2016-12-17-Fase-Previa-Escolar-Campo-a-TRaves-RESULTADOS.pdf\" target=\"_blank\" data-fasc-style=\"background-color:#e66903;color:#ffffff;\">Resultados Xogade<\/a>&nbsp;&nbsp; <a class=\"fasc-button fasc-size-medium fasc-type-glossy fasc-rounded-medium ico-fa fasc-ico-before fa-trophy\" style=\"background-color: #e66903; color: #ffffff;\" href=\"http:\/\/www.fgatletismo.es\/ourense\/wp-content\/uploads\/2016\/12\/2016-12-17-Proba-Mixta-Absoluta-Campo-a-TRaves-RESULTADOS.pdf\" target=\"_blank\" data-fasc-style=\"background-color:#e66903;color:#ffffff;\">Resultados Absoluta<\/a><\/p>\n<p>VIII CARREIRA SOLIDARIA DO ARENTEIRO (O CARBALLI\u00d1O).<\/p>\n<p>El d\u00eda 18 de diciembre se celebr\u00f3 en O Carballi\u00f1o la VIII Carreira Solidaria do Arenteiro. Hasta all\u00ed se desplazaron varios atletas cuyos resultados queremos resaltar:<\/p>\n<p>Juli\u00e1n Romero ( 3\u00baSNM).<br \/>\nOscar Seoane (2\u00ba VTBM).<br \/>\nKevin Torres (4\u00ba ALM).<br \/>\nAaron Su\u00e1rez (5\u00ba ALM).<br \/>\nAnxela Seoane (1\u00aa ALF).<br \/>\nRita V\u00e1zquez (1\u00aa ICF).<br \/>\nLuc\u00eda Guzm\u00e1n (6\u00aa ICF).<\/p>\n<p>&nbsp;<\/p>\n<p style=\"text-align: center;\"><a class=\"fasc-button fasc-size-medium fasc-type-flat\" style=\"background-color: #369e33; color: #ffffff;\" href=\"https:\/\/championchipnorte.com\/resultados\/viii-carreira-solidaria-do-arenteiro-o-carballino\/absoluta-1999-e-ant\/1\" data-fasc-style=\"background-color:#369e33;color:#ffffff;\">Resultados Absoluta<\/a>&nbsp; <a class=\"fasc-button fasc-size-medium fasc-type-flat\" style=\"background-color: #33809e; color: #ffffff;\" href=\"https:\/\/championchipnorte.com\/resultados\/viii-carreira-solidaria-do-arenteiro-o-carballino\/alevin-2004-a-2006-e-infantil-cadete-2000-a-2003\/1\" data-fasc-style=\"background-color:#33809e;color:#ffffff;\">Resultados Cat. Menores<\/a><\/p>\n<p>&nbsp;<\/p>\n","protected":false},"excerpt":{"rendered":"<p>XOGADE FASE PREVIA. El pasado s\u00e1bado tuvo lugar la Fase Previa Campo a Trav\u00e9s Xogade en Monterrei. Participaron los equipos de La Pur\u00edsima, Esprintes Ourense, Carmelitas, EA Ben Cho Shey, C.D. Aurum y Ourense Atletismo. Aunque con escasa participaci\u00f3n en alguna categor\u00eda hubo excelentes resultados&#8230;.<\/p>\n","protected":false},"author":1,"featured_media":0,"comment_status":"closed","ping_status":"closed","sticky":false,"template":"","format":"standard","meta":{"footnotes":""},"categories":[9],"tags":[],"class_list":["post-5486","post","type-post","status-publish","format-standard","hentry","category-resultados"],"aioseo_notices":[],"_links":{"self":[{"href":"https:\/\/clubourenseatletismo.es\/blog\/wp-json\/wp\/v2\/posts\/5486","targetHints":{"allow":["GET"]}}],"collection":[{"href":"https:\/\/clubourenseatletismo.es\/blog\/wp-json\/wp\/v2\/posts"}],"about":[{"href":"https:\/\/clubourenseatletismo.es\/blog\/wp-json\/wp\/v2\/types\/post"}],"author":[{"embeddable":true,"href":"https:\/\/clubourenseatletismo.es\/blog\/wp-json\/wp\/v2\/users\/1"}],"replies":[{"embeddable":true,"href":"https:\/\/clubourenseatletismo.es\/blog\/wp-json\/wp\/v2\/comments?post=5486"}],"version-history":[{"count":1,"href":"https:\/\/clubourenseatletismo.es\/blog\/wp-json\/wp\/v2\/posts\/5486\/revisions"}],"predecessor-version":[{"id":5487,"href":"https:\/\/clubourenseatletismo.es\/blog\/wp-json\/wp\/v2\/posts\/5486\/revisions\/5487"}],"wp:attachment":[{"href":"https:\/\/clubourenseatletismo.es\/blog\/wp-json\/wp\/v2\/media?parent=5486"}],"wp:term":[{"taxonomy":"category","embeddable":true,"href":"https:\/\/clubourenseatletismo.es\/blog\/wp-json\/wp\/v2\/categories?post=5486"},{"taxonomy":"post_tag","embeddable":true,"href":"https:\/\/clubourenseatletismo.es\/blog\/wp-json\/wp\/v2\/tags?post=5486"}],"curies":[{"name":"wp","href":"https:\/\/api.w.org\/{rel}","templated":true}]}}