{"id":5412,"date":"2016-11-25T12:28:42","date_gmt":"2016-11-25T11:28:42","guid":{"rendered":"http:\/\/clubourenseatletismo.es\/blog\/?p=5412"},"modified":"2016-11-26T12:37:32","modified_gmt":"2016-11-26T11:37:32","slug":"5412","status":"publish","type":"post","link":"https:\/\/clubourenseatletismo.es\/blog\/2016\/11\/25\/5412\/","title":{"rendered":"DOMINGO DE CROSS (38\u00ba MEMORIAL BELARMINO ALONSO DE CAMPO A TRAV\u00c9S)"},"content":{"rendered":"<h4 style=\"text-align: justify;\">Este pr\u00f3ximo domingo se disputar\u00e1 la primera de las siete pruebas que conforman el II CIRCUITO GALEGO. Ser\u00e1 en Vigo en jornada de ma\u00f1ana, tendr\u00e1 lugar el 38\u00ba MEMORIAL BELARMINO ALONSO .<\/h4>\n<p>Se necesita llevar el D.N.I. as\u00ed como el vestuario de competici\u00f3n. Es <span style=\"color: #ff0000;\">obligatorio<\/span> para poder competir.<\/p>\n<p><span style=\"text-align: justify;\"><span style=\"text-decoration: underline;\"><strong><span style=\"background-color: #ffcc00;\">IMPORTANTE:<\/span>&nbsp;<\/strong><\/span> Se dispondr\u00e1 de un autob\u00fas para desplazar a los atletas que lo deseen. Saldr\u00e1 desde el Pabell\u00f3n de Os Remedios por la ma\u00f1ana a las 08:15 horas, con regreso aprox.&nbsp; a las 14:00 horas.<\/span><\/p>\n<p>Debido a la hora de regreso, se recomienda llevar avituallamiento as\u00ed como tambi\u00e9n indumentaria para cambiarse.<\/p>\n<p>&nbsp;<\/p>\n<p style=\"text-align: center;\"><a class=\"fasc-button fasc-size-medium fasc-type-glossy fasc-rounded-medium fasc-ico-before dashicons-format-aside\" style=\"background-color: #218562; color: #ffffff;\" href=\"http:\/\/www.carreirasgalegas.com\/reglamento\/38-memorial-belarmino-alonso-de-campo-a-trav-s\/bd172a33-85c8-9d9a-ca16-39db3df8ac86\" target=\"_blank\" data-fasc-style=\"background-color:#218562;color:#ffffff;\">Reglamento<\/a><\/p>\n","protected":false},"excerpt":{"rendered":"<p>Este pr\u00f3ximo domingo se disputar\u00e1 la primera de las siete pruebas que conforman el II CIRCUITO GALEGO. Ser\u00e1 en Vigo en jornada de ma\u00f1ana, tendr\u00e1 lugar el 38\u00ba MEMORIAL BELARMINO ALONSO . Se necesita llevar el D.N.I. as\u00ed como el vestuario de competici\u00f3n. Es obligatorio&#8230;<\/p>\n","protected":false},"author":1,"featured_media":0,"comment_status":"closed","ping_status":"closed","sticky":false,"template":"","format":"standard","meta":{"footnotes":""},"categories":[7],"tags":[],"class_list":["post-5412","post","type-post","status-publish","format-standard","hentry","category-noticias"],"aioseo_notices":[],"_links":{"self":[{"href":"https:\/\/clubourenseatletismo.es\/blog\/wp-json\/wp\/v2\/posts\/5412","targetHints":{"allow":["GET"]}}],"collection":[{"href":"https:\/\/clubourenseatletismo.es\/blog\/wp-json\/wp\/v2\/posts"}],"about":[{"href":"https:\/\/clubourenseatletismo.es\/blog\/wp-json\/wp\/v2\/types\/post"}],"author":[{"embeddable":true,"href":"https:\/\/clubourenseatletismo.es\/blog\/wp-json\/wp\/v2\/users\/1"}],"replies":[{"embeddable":true,"href":"https:\/\/clubourenseatletismo.es\/blog\/wp-json\/wp\/v2\/comments?post=5412"}],"version-history":[{"count":6,"href":"https:\/\/clubourenseatletismo.es\/blog\/wp-json\/wp\/v2\/posts\/5412\/revisions"}],"predecessor-version":[{"id":5418,"href":"https:\/\/clubourenseatletismo.es\/blog\/wp-json\/wp\/v2\/posts\/5412\/revisions\/5418"}],"wp:attachment":[{"href":"https:\/\/clubourenseatletismo.es\/blog\/wp-json\/wp\/v2\/media?parent=5412"}],"wp:term":[{"taxonomy":"category","embeddable":true,"href":"https:\/\/clubourenseatletismo.es\/blog\/wp-json\/wp\/v2\/categories?post=5412"},{"taxonomy":"post_tag","embeddable":true,"href":"https:\/\/clubourenseatletismo.es\/blog\/wp-json\/wp\/v2\/tags?post=5412"}],"curies":[{"name":"wp","href":"https:\/\/api.w.org\/{rel}","templated":true}]}}