{"id":5045,"date":"2016-06-02T12:14:28","date_gmt":"2016-06-02T10:14:28","guid":{"rendered":"http:\/\/clubourenseatletismo.es\/blog\/?p=5045"},"modified":"2016-06-03T08:06:54","modified_gmt":"2016-06-03T06:06:54","slug":"fin-de-semana-de-campeonatos","status":"publish","type":"post","link":"https:\/\/clubourenseatletismo.es\/blog\/2016\/06\/02\/fin-de-semana-de-campeonatos\/","title":{"rendered":"Fin de semana de campeonatos"},"content":{"rendered":"<p style=\"text-align: justify;\">Este fin de semana nuestra atenci\u00f3n estar\u00e1 diversificada en cuatro frentes: dos campeonatos auton\u00f3micos y otros dos nacionales.<\/p>\n<p style=\"text-align: justify;\">En C\u00e1diz se disputa desde el mi\u00e9rcoles hasta el domingo el <span style=\"text-decoration: underline; color: #000000;\"><strong>Campeonato de Espa\u00f1a de Atletismo Adaptado FEDDI por Selecciones Auton\u00f3micas<\/strong><\/span>. Esta competici\u00f3n tendr\u00e1 representaci\u00f3n de nuestro club de la mano del reciente Campe\u00f3n de Espa\u00f1a adaptado de 10.000 metros, <span style=\"color: #0000ff;\"><strong>Alejandro Montero<\/strong><\/span>, quien representar\u00e1 a Galicia en las pruebas de 5000m y 800m, que se disputan respectivamente el jueves y el viernes.<\/p>\n<p style=\"text-align: center;\"><a class=\"fasc-button fasc-size-medium fasc-type-glossy fasc-rounded-medium fasc-ico-before dashicons-format-aside\" style=\"background-color: #218562; color: #ffffff;\" href=\"http:\/\/www.feddi.org\/upload%5Cnoticias%5CDossier%20y%20Calendarios%20Cto%20de%20Espa%C3%B1a%20por%20Autonom%C3%ADas%20FEDDI,%20San%20Fernando%202016.pdf\" target=\"_blank\" data-fasc-style=\"background-color:#218562;color:#ffffff;\">REGLAMENTO<\/a><\/p>\n<p style=\"text-align: justify;\">Valladolid ser\u00e1 otro foco de atenci\u00f3n, con la celebraci\u00f3n del primer <span style=\"text-decoration: underline; color: #000000;\"><strong>Campeonato de Espa\u00f1a Infantil Individual<\/strong><\/span>, que se disputa en la modalidad de triatl\u00f3n, con cuatro opciones seg\u00fan las pruebas a disputar. All\u00ed tendremos a <span style=\"color: #0000ff;\"><strong>Uma Cibeira<\/strong><\/span>, que tomar\u00e1 parte en el triatl\u00f3n modalidad \u00abA\u00bb, en el que disputar\u00e1 las pruebas de 80 metros lisos, 80 metros vallas, y lanzamiento de peso.<\/p>\n<p style=\"text-align: center;\"><a class=\"fasc-button fasc-size-medium fasc-type-glossy fasc-rounded-medium fasc-ico-before dashicons-format-aside\" style=\"background-color: #218562; color: #ffffff;\" href=\"http:\/\/www.rfea.es\/sirfea\/ficheros\/comunicados\/documentos\/2016523172112.pdf\" target=\"_blank\" data-fasc-style=\"background-color:#218562;color:#ffffff;\">HORARIO<\/a> \u00a0\u00a0\u00a0\u00a0\u00a0\u00a0\u00a0\u00a0 <a class=\"fasc-button fasc-size-medium fasc-type-glossy fasc-rounded-medium fasc-ico-before dashicons-groups\" style=\"background-color: #324994; color: #ffffff;\" href=\"http:\/\/www.rfea.es\/web\/competiciones\/inscritos.asp?codigo=2016VA005\" target=\"_blank\" data-fasc-style=\"background-color:#324994;color:#ffffff;\">INSCRITOS<\/a><\/p>\n<p style=\"text-align: justify;\">A nivel auton\u00f3mico, dos son los torneos que se celebran este fin de semana: el s\u00e1bado es el turno del <span style=\"text-decoration: underline; color: #000000;\"><strong>Campeonato Gallego Cadete en Pista<\/strong><\/span>, en Ferrol, donde nuestra representaci\u00f3n ser\u00e1 escasa: por un lado, <span style=\"color: #0000ff;\"><strong>Mart\u00edn M\u00edguez<\/strong><\/span> est\u00e1 inscrito en la prueba de 1000 metros lisos, y <strong><span style=\"color: #0000ff;\">Ainhoa Prieto<\/span><\/strong>, inscrita en el lanzamiento de peso.<\/p>\n<p style=\"text-align: center;\"><a class=\"fasc-button fasc-size-medium fasc-type-glossy fasc-rounded-medium fasc-ico-before dashicons-format-aside\" style=\"background-color: #218562; color: #ffffff;\" href=\"http:\/\/www.atletismogalego.com\/public\/fga_docs\/cadete%20ferrol.pdf\" target=\"_blank\" data-fasc-style=\"background-color:#218562;color:#ffffff;\">CIRCULAR Y HORARIO (<em>modificado<\/em>)<\/a>\u00a0\u00a0\u00a0\u00a0\u00a0\u00a0\u00a0\u00a0\u00a0 <a class=\"fasc-button fasc-size-medium fasc-type-glossy fasc-rounded-medium fasc-ico-before dashicons-groups\" style=\"background-color: #324994; color: #ffffff;\" href=\"http:\/\/www.atletismogalego.com\/INSCRITOS\/48.pdf\" target=\"_blank\" data-fasc-style=\"background-color:#324994;color:#ffffff;\">INSCRITOS<\/a><\/p>\n<p style=\"text-align: justify;\">Ya el domingo, Vigo acoger\u00e1 un multitudinario <span style=\"text-decoration: underline; color: #000000;\"><strong>Campeonato Gallego Juvenil-J\u00fanior-Promesa en Pista<\/strong><\/span>. Nuestra representaci\u00f3n en este campeonato ser\u00e1 mayoritariamente juvenil, contando en esta categor\u00eda con las participaciones de <span style=\"color: #0000ff;\"><strong>\u00c1lvaro Sarmiento<\/strong><\/span> (800m), <span style=\"color: #0000ff;\"><strong>Jes\u00fas \u00c1lvarez<\/strong><\/span> (2000 Obst\u00e1culos), <strong><span style=\"color: #0000ff;\">Ziad Nagihi<\/span><\/strong> (3000m), <span style=\"color: #0000ff;\"><strong>Laura Gonz\u00e1lez<\/strong><\/span> (200m y 400 vallas), <span style=\"color: #0000ff;\"><strong>Eva Mar\u00eda Parada<\/strong><\/span> (400m y peso), <strong><span style=\"color: #0000ff;\">Luc\u00eda Guzm\u00e1n<\/span><\/strong> (400m), y <strong><span style=\"color: #0000ff;\">Daniela Ferreiro<\/span><\/strong> (1500m); y con los j\u00fanior <span style=\"color: #0000ff;\"><strong>Pablo Dom\u00ednguez<\/strong><\/span>, inscrito en 400m y 800m, y <strong><span style=\"color: #0000ff;\">Emma Lorenzo<\/span><\/strong> en el triple salto.<\/p>\n<p style=\"text-align: center;\"><a class=\"fasc-button fasc-size-medium fasc-type-glossy fasc-rounded-medium fasc-ico-before dashicons-format-aside\" style=\"background-color: #218562; color: #ffffff;\" href=\"http:\/\/www.atletismogalego.com\/hv050616.pdf\" target=\"_blank\" data-fasc-style=\"background-color:#218562;color:#ffffff;\">NUEVO HORARIO<\/a>\u00a0\u00a0\u00a0\u00a0\u00a0\u00a0\u00a0\u00a0\u00a0 <a class=\"fasc-button fasc-size-medium fasc-type-glossy fasc-rounded-medium fasc-ico-before dashicons-groups\" style=\"background-color: #324994; color: #ffffff;\" href=\"http:\/\/www.atletismogalego.com\/INSCRITOS\/49.pdf\" target=\"_blank\" data-fasc-style=\"background-color:#324994;color:#ffffff;\">INSCRITOS<\/a><\/p>\n","protected":false},"excerpt":{"rendered":"<p>Este fin de semana nuestra atenci\u00f3n estar\u00e1 diversificada en cuatro frentes: dos campeonatos auton\u00f3micos y otros dos nacionales. En C\u00e1diz se disputa desde el mi\u00e9rcoles hasta el domingo el Campeonato de Espa\u00f1a de Atletismo Adaptado FEDDI por Selecciones Auton\u00f3micas. Esta competici\u00f3n tendr\u00e1 representaci\u00f3n de nuestro&#8230;<\/p>\n","protected":false},"author":1,"featured_media":0,"comment_status":"closed","ping_status":"closed","sticky":false,"template":"","format":"standard","meta":{"footnotes":""},"categories":[25,5,12,8],"tags":[],"class_list":["post-5045","post","type-post","status-publish","format-standard","hentry","category-adaptado","category-club","category-cpto-gallego","category-previa"],"aioseo_notices":[],"aioseo_head":"\n\t\t<!-- All in One SEO 5.0.1.1 - aioseo.com -->\n\t<meta name=\"description\" content=\"Este fin de semana nuestra atenci\u00f3n estar\u00e1 diversificada en cuatro frentes: dos campeonatos auton\u00f3micos y otros dos nacionales. En C\u00e1diz se disputa desde el mi\u00e9rcoles hasta el domingo el Campeonato de Espa\u00f1a de Atletismo Adaptado FEDDI por Selecciones Auton\u00f3micas. Esta competici\u00f3n tendr\u00e1 representaci\u00f3n de nuestro club de la mano del reciente Campe\u00f3n de Espa\u00f1a adaptado\" \/>\n\t<meta name=\"robots\" content=\"max-image-preview:large\" \/>\n\t<meta name=\"author\" content=\"clubourense\"\/>\n\t<link rel=\"canonical\" href=\"https:\/\/clubourenseatletismo.es\/blog\/2016\/06\/02\/fin-de-semana-de-campeonatos\/\" \/>\n\t<meta name=\"generator\" content=\"All in One SEO (AIOSEO) 5.0.1.1\" \/>\n\t\t<meta property=\"og:locale\" content=\"es_ES\" \/>\n\t\t<meta property=\"og:site_name\" content=\"Club Ourense Atletismo | Escuela Ourense Atletismo\" \/>\n\t\t<meta property=\"og:type\" content=\"article\" \/>\n\t\t<meta property=\"og:title\" content=\"Fin de semana de campeonatos | Club Ourense Atletismo\" \/>\n\t\t<meta property=\"og:description\" content=\"Este fin de semana nuestra atenci\u00f3n estar\u00e1 diversificada en cuatro frentes: dos campeonatos auton\u00f3micos y otros dos nacionales. En C\u00e1diz se disputa desde el mi\u00e9rcoles hasta el domingo el Campeonato de Espa\u00f1a de Atletismo Adaptado FEDDI por Selecciones Auton\u00f3micas. Esta competici\u00f3n tendr\u00e1 representaci\u00f3n de nuestro club de la mano del reciente Campe\u00f3n de Espa\u00f1a adaptado\" \/>\n\t\t<meta property=\"og:url\" content=\"https:\/\/clubourenseatletismo.es\/blog\/2016\/06\/02\/fin-de-semana-de-campeonatos\/\" \/>\n\t\t<meta property=\"article:published_time\" content=\"2016-06-02T10:14:28+00:00\" \/>\n\t\t<meta property=\"article:modified_time\" content=\"2016-06-03T06:06:54+00:00\" \/>\n\t\t<meta property=\"article:publisher\" content=\"https:\/\/www.facebook.com\/profile.php?id=100063516489280\" \/>\n\t\t<meta name=\"twitter:card\" content=\"summary\" \/>\n\t\t<meta name=\"twitter:title\" content=\"Fin de semana de campeonatos | Club Ourense Atletismo\" \/>\n\t\t<meta name=\"twitter:description\" content=\"Este fin de semana nuestra atenci\u00f3n estar\u00e1 diversificada en cuatro frentes: dos campeonatos auton\u00f3micos y otros dos nacionales. En C\u00e1diz se disputa desde el mi\u00e9rcoles hasta el domingo el Campeonato de Espa\u00f1a de Atletismo Adaptado FEDDI por Selecciones Auton\u00f3micas. Esta competici\u00f3n tendr\u00e1 representaci\u00f3n de nuestro club de la mano del reciente Campe\u00f3n de Espa\u00f1a adaptado\" \/>\n\t\t<script type=\"application\/ld+json\" class=\"aioseo-schema\">\n\t\t\t{\"@context\":\"https:\\\/\\\/schema.org\",\"@graph\":[{\"@type\":\"Article\",\"@id\":\"https:\\\/\\\/clubourenseatletismo.es\\\/blog\\\/2016\\\/06\\\/02\\\/fin-de-semana-de-campeonatos\\\/#article\",\"name\":\"Fin de semana de campeonatos | Club Ourense Atletismo\",\"headline\":\"Fin de semana de campeonatos\",\"author\":{\"@id\":\"https:\\\/\\\/clubourenseatletismo.es\\\/blog\\\/author\\\/clubourense\\\/#author\"},\"publisher\":{\"@id\":\"https:\\\/\\\/clubourenseatletismo.es\\\/blog\\\/#organization\"},\"image\":{\"@type\":\"ImageObject\",\"url\":\"https:\\\/\\\/clubourenseatletismo.es\\\/blog\\\/wp-content\\\/uploads\\\/2019\\\/09\\\/cropped-LOGO-1.jpeg\",\"@id\":\"https:\\\/\\\/clubourenseatletismo.es\\\/blog\\\/#articleImage\",\"width\":512,\"height\":512},\"datePublished\":\"2016-06-02T12:14:28+02:00\",\"dateModified\":\"2016-06-03T08:06:54+02:00\",\"inLanguage\":\"es-ES\",\"mainEntityOfPage\":{\"@id\":\"https:\\\/\\\/clubourenseatletismo.es\\\/blog\\\/2016\\\/06\\\/02\\\/fin-de-semana-de-campeonatos\\\/#webpage\"},\"isPartOf\":{\"@id\":\"https:\\\/\\\/clubourenseatletismo.es\\\/blog\\\/2016\\\/06\\\/02\\\/fin-de-semana-de-campeonatos\\\/#webpage\"},\"articleSection\":\"Adaptado, Club, Cpto. Gallego, Previa\"},{\"@type\":\"BreadcrumbList\",\"@id\":\"https:\\\/\\\/clubourenseatletismo.es\\\/blog\\\/2016\\\/06\\\/02\\\/fin-de-semana-de-campeonatos\\\/#breadcrumblist\",\"itemListElement\":[{\"@type\":\"ListItem\",\"@id\":\"https:\\\/\\\/clubourenseatletismo.es\\\/blog#listItem\",\"position\":1,\"name\":\"Inicio\",\"item\":\"https:\\\/\\\/clubourenseatletismo.es\\\/blog\",\"nextItem\":{\"@type\":\"ListItem\",\"@id\":\"https:\\\/\\\/clubourenseatletismo.es\\\/blog\\\/category\\\/club\\\/#listItem\",\"name\":\"Club\"}},{\"@type\":\"ListItem\",\"@id\":\"https:\\\/\\\/clubourenseatletismo.es\\\/blog\\\/category\\\/club\\\/#listItem\",\"position\":2,\"name\":\"Club\",\"item\":\"https:\\\/\\\/clubourenseatletismo.es\\\/blog\\\/category\\\/club\\\/\",\"nextItem\":{\"@type\":\"ListItem\",\"@id\":\"https:\\\/\\\/clubourenseatletismo.es\\\/blog\\\/2016\\\/06\\\/02\\\/fin-de-semana-de-campeonatos\\\/#listItem\",\"name\":\"Fin de semana de campeonatos\"},\"previousItem\":{\"@type\":\"ListItem\",\"@id\":\"https:\\\/\\\/clubourenseatletismo.es\\\/blog#listItem\",\"name\":\"Inicio\"}},{\"@type\":\"ListItem\",\"@id\":\"https:\\\/\\\/clubourenseatletismo.es\\\/blog\\\/2016\\\/06\\\/02\\\/fin-de-semana-de-campeonatos\\\/#listItem\",\"position\":3,\"name\":\"Fin de semana de campeonatos\",\"previousItem\":{\"@type\":\"ListItem\",\"@id\":\"https:\\\/\\\/clubourenseatletismo.es\\\/blog\\\/category\\\/club\\\/#listItem\",\"name\":\"Club\"}}]},{\"@type\":\"Organization\",\"@id\":\"https:\\\/\\\/clubourenseatletismo.es\\\/blog\\\/#organization\",\"name\":\"Club Ourense Atletismo\",\"description\":\"Escuela Ourense Atletismo\",\"url\":\"https:\\\/\\\/clubourenseatletismo.es\\\/blog\\\/\",\"telephone\":\"+34637157458\",\"logo\":{\"@type\":\"ImageObject\",\"url\":\"https:\\\/\\\/clubourenseatletismo.es\\\/blog\\\/wp-content\\\/uploads\\\/2019\\\/09\\\/cropped-LOGO-1.jpeg\",\"@id\":\"https:\\\/\\\/clubourenseatletismo.es\\\/blog\\\/2016\\\/06\\\/02\\\/fin-de-semana-de-campeonatos\\\/#organizationLogo\",\"width\":512,\"height\":512},\"image\":{\"@id\":\"https:\\\/\\\/clubourenseatletismo.es\\\/blog\\\/2016\\\/06\\\/02\\\/fin-de-semana-de-campeonatos\\\/#organizationLogo\"},\"sameAs\":[\"https:\\\/\\\/www.facebook.com\\\/profile.php?id=100063516489280\",\"https:\\\/\\\/www.instagram.com\\\/clubourenseatletismo\\\/\"]},{\"@type\":\"Person\",\"@id\":\"https:\\\/\\\/clubourenseatletismo.es\\\/blog\\\/author\\\/clubourense\\\/#author\",\"url\":\"https:\\\/\\\/clubourenseatletismo.es\\\/blog\\\/author\\\/clubourense\\\/\",\"name\":\"clubourense\",\"image\":{\"@type\":\"ImageObject\",\"@id\":\"https:\\\/\\\/clubourenseatletismo.es\\\/blog\\\/2016\\\/06\\\/02\\\/fin-de-semana-de-campeonatos\\\/#authorImage\",\"url\":\"https:\\\/\\\/secure.gravatar.com\\\/avatar\\\/054ff0256550e5d1d577fa683a74658acb2f33f773051c5f2e6e8de910594748?s=96&d=mm&r=g\",\"width\":96,\"height\":96,\"caption\":\"clubourense\"}},{\"@type\":\"WebPage\",\"@id\":\"https:\\\/\\\/clubourenseatletismo.es\\\/blog\\\/2016\\\/06\\\/02\\\/fin-de-semana-de-campeonatos\\\/#webpage\",\"url\":\"https:\\\/\\\/clubourenseatletismo.es\\\/blog\\\/2016\\\/06\\\/02\\\/fin-de-semana-de-campeonatos\\\/\",\"name\":\"Fin de semana de campeonatos | Club Ourense Atletismo\",\"description\":\"Este fin de semana nuestra atenci\\u00f3n estar\\u00e1 diversificada en cuatro frentes: dos campeonatos auton\\u00f3micos y otros dos nacionales. En C\\u00e1diz se disputa desde el mi\\u00e9rcoles hasta el domingo el Campeonato de Espa\\u00f1a de Atletismo Adaptado FEDDI por Selecciones Auton\\u00f3micas. Esta competici\\u00f3n tendr\\u00e1 representaci\\u00f3n de nuestro club de la mano del reciente Campe\\u00f3n de Espa\\u00f1a adaptado\",\"inLanguage\":\"es-ES\",\"isPartOf\":{\"@id\":\"https:\\\/\\\/clubourenseatletismo.es\\\/blog\\\/#website\"},\"breadcrumb\":{\"@id\":\"https:\\\/\\\/clubourenseatletismo.es\\\/blog\\\/2016\\\/06\\\/02\\\/fin-de-semana-de-campeonatos\\\/#breadcrumblist\"},\"author\":{\"@id\":\"https:\\\/\\\/clubourenseatletismo.es\\\/blog\\\/author\\\/clubourense\\\/#author\"},\"creator\":{\"@id\":\"https:\\\/\\\/clubourenseatletismo.es\\\/blog\\\/author\\\/clubourense\\\/#author\"},\"datePublished\":\"2016-06-02T12:14:28+02:00\",\"dateModified\":\"2016-06-03T08:06:54+02:00\"},{\"@type\":\"WebSite\",\"@id\":\"https:\\\/\\\/clubourenseatletismo.es\\\/blog\\\/#website\",\"url\":\"https:\\\/\\\/clubourenseatletismo.es\\\/blog\\\/\",\"name\":\"Club Ourense Atletismo\",\"description\":\"Escuela Ourense Atletismo\",\"inLanguage\":\"es-ES\",\"publisher\":{\"@id\":\"https:\\\/\\\/clubourenseatletismo.es\\\/blog\\\/#organization\"}}]}\n\t\t<\/script>\n\t\t<!-- All in One SEO -->\n\n","aioseo_head_json":{"title":"Fin de semana de campeonatos | Club Ourense Atletismo","description":"Este fin de semana nuestra atenci\u00f3n estar\u00e1 diversificada en cuatro frentes: dos campeonatos auton\u00f3micos y otros dos nacionales. En C\u00e1diz se disputa desde el mi\u00e9rcoles hasta el domingo el Campeonato de Espa\u00f1a de Atletismo Adaptado FEDDI por Selecciones Auton\u00f3micas. Esta competici\u00f3n tendr\u00e1 representaci\u00f3n de nuestro club de la mano del reciente Campe\u00f3n de Espa\u00f1a adaptado","canonical_url":"https:\/\/clubourenseatletismo.es\/blog\/2016\/06\/02\/fin-de-semana-de-campeonatos\/","robots":"max-image-preview:large","keywords":"","webmasterTools":{"miscellaneous":""},"schema":{"@context":"https:\/\/schema.org","@graph":[{"@type":"Article","@id":"https:\/\/clubourenseatletismo.es\/blog\/2016\/06\/02\/fin-de-semana-de-campeonatos\/#article","name":"Fin de semana de campeonatos | Club Ourense Atletismo","headline":"Fin de semana de campeonatos","author":{"@id":"https:\/\/clubourenseatletismo.es\/blog\/author\/clubourense\/#author"},"publisher":{"@id":"https:\/\/clubourenseatletismo.es\/blog\/#organization"},"image":{"@type":"ImageObject","url":"https:\/\/clubourenseatletismo.es\/blog\/wp-content\/uploads\/2019\/09\/cropped-LOGO-1.jpeg","@id":"https:\/\/clubourenseatletismo.es\/blog\/#articleImage","width":512,"height":512},"datePublished":"2016-06-02T12:14:28+02:00","dateModified":"2016-06-03T08:06:54+02:00","inLanguage":"es-ES","mainEntityOfPage":{"@id":"https:\/\/clubourenseatletismo.es\/blog\/2016\/06\/02\/fin-de-semana-de-campeonatos\/#webpage"},"isPartOf":{"@id":"https:\/\/clubourenseatletismo.es\/blog\/2016\/06\/02\/fin-de-semana-de-campeonatos\/#webpage"},"articleSection":"Adaptado, Club, Cpto. Gallego, Previa"},{"@type":"BreadcrumbList","@id":"https:\/\/clubourenseatletismo.es\/blog\/2016\/06\/02\/fin-de-semana-de-campeonatos\/#breadcrumblist","itemListElement":[{"@type":"ListItem","@id":"https:\/\/clubourenseatletismo.es\/blog#listItem","position":1,"name":"Inicio","item":"https:\/\/clubourenseatletismo.es\/blog","nextItem":{"@type":"ListItem","@id":"https:\/\/clubourenseatletismo.es\/blog\/category\/club\/#listItem","name":"Club"}},{"@type":"ListItem","@id":"https:\/\/clubourenseatletismo.es\/blog\/category\/club\/#listItem","position":2,"name":"Club","item":"https:\/\/clubourenseatletismo.es\/blog\/category\/club\/","nextItem":{"@type":"ListItem","@id":"https:\/\/clubourenseatletismo.es\/blog\/2016\/06\/02\/fin-de-semana-de-campeonatos\/#listItem","name":"Fin de semana de campeonatos"},"previousItem":{"@type":"ListItem","@id":"https:\/\/clubourenseatletismo.es\/blog#listItem","name":"Inicio"}},{"@type":"ListItem","@id":"https:\/\/clubourenseatletismo.es\/blog\/2016\/06\/02\/fin-de-semana-de-campeonatos\/#listItem","position":3,"name":"Fin de semana de campeonatos","previousItem":{"@type":"ListItem","@id":"https:\/\/clubourenseatletismo.es\/blog\/category\/club\/#listItem","name":"Club"}}]},{"@type":"Organization","@id":"https:\/\/clubourenseatletismo.es\/blog\/#organization","name":"Club Ourense Atletismo","description":"Escuela Ourense Atletismo","url":"https:\/\/clubourenseatletismo.es\/blog\/","telephone":"+34637157458","logo":{"@type":"ImageObject","url":"https:\/\/clubourenseatletismo.es\/blog\/wp-content\/uploads\/2019\/09\/cropped-LOGO-1.jpeg","@id":"https:\/\/clubourenseatletismo.es\/blog\/2016\/06\/02\/fin-de-semana-de-campeonatos\/#organizationLogo","width":512,"height":512},"image":{"@id":"https:\/\/clubourenseatletismo.es\/blog\/2016\/06\/02\/fin-de-semana-de-campeonatos\/#organizationLogo"},"sameAs":["https:\/\/www.facebook.com\/profile.php?id=100063516489280","https:\/\/www.instagram.com\/clubourenseatletismo\/"]},{"@type":"Person","@id":"https:\/\/clubourenseatletismo.es\/blog\/author\/clubourense\/#author","url":"https:\/\/clubourenseatletismo.es\/blog\/author\/clubourense\/","name":"clubourense","image":{"@type":"ImageObject","@id":"https:\/\/clubourenseatletismo.es\/blog\/2016\/06\/02\/fin-de-semana-de-campeonatos\/#authorImage","url":"https:\/\/secure.gravatar.com\/avatar\/054ff0256550e5d1d577fa683a74658acb2f33f773051c5f2e6e8de910594748?s=96&d=mm&r=g","width":96,"height":96,"caption":"clubourense"}},{"@type":"WebPage","@id":"https:\/\/clubourenseatletismo.es\/blog\/2016\/06\/02\/fin-de-semana-de-campeonatos\/#webpage","url":"https:\/\/clubourenseatletismo.es\/blog\/2016\/06\/02\/fin-de-semana-de-campeonatos\/","name":"Fin de semana de campeonatos | Club Ourense Atletismo","description":"Este fin de semana nuestra atenci\u00f3n estar\u00e1 diversificada en cuatro frentes: dos campeonatos auton\u00f3micos y otros dos nacionales. En C\u00e1diz se disputa desde el mi\u00e9rcoles hasta el domingo el Campeonato de Espa\u00f1a de Atletismo Adaptado FEDDI por Selecciones Auton\u00f3micas. Esta competici\u00f3n tendr\u00e1 representaci\u00f3n de nuestro club de la mano del reciente Campe\u00f3n de Espa\u00f1a adaptado","inLanguage":"es-ES","isPartOf":{"@id":"https:\/\/clubourenseatletismo.es\/blog\/#website"},"breadcrumb":{"@id":"https:\/\/clubourenseatletismo.es\/blog\/2016\/06\/02\/fin-de-semana-de-campeonatos\/#breadcrumblist"},"author":{"@id":"https:\/\/clubourenseatletismo.es\/blog\/author\/clubourense\/#author"},"creator":{"@id":"https:\/\/clubourenseatletismo.es\/blog\/author\/clubourense\/#author"},"datePublished":"2016-06-02T12:14:28+02:00","dateModified":"2016-06-03T08:06:54+02:00"},{"@type":"WebSite","@id":"https:\/\/clubourenseatletismo.es\/blog\/#website","url":"https:\/\/clubourenseatletismo.es\/blog\/","name":"Club Ourense Atletismo","description":"Escuela Ourense Atletismo","inLanguage":"es-ES","publisher":{"@id":"https:\/\/clubourenseatletismo.es\/blog\/#organization"}}]},"og:locale":"es_ES","og:site_name":"Club Ourense Atletismo | Escuela Ourense Atletismo","og:type":"article","og:title":"Fin de semana de campeonatos | Club Ourense Atletismo","og:description":"Este fin de semana nuestra atenci\u00f3n estar\u00e1 diversificada en cuatro frentes: dos campeonatos auton\u00f3micos y otros dos nacionales. En C\u00e1diz se disputa desde el mi\u00e9rcoles hasta el domingo el Campeonato de Espa\u00f1a de Atletismo Adaptado FEDDI por Selecciones Auton\u00f3micas. Esta competici\u00f3n tendr\u00e1 representaci\u00f3n de nuestro club de la mano del reciente Campe\u00f3n de Espa\u00f1a adaptado","og:url":"https:\/\/clubourenseatletismo.es\/blog\/2016\/06\/02\/fin-de-semana-de-campeonatos\/","article:published_time":"2016-06-02T10:14:28+00:00","article:modified_time":"2016-06-03T06:06:54+00:00","article:publisher":"https:\/\/www.facebook.com\/profile.php?id=100063516489280","twitter:card":"summary","twitter:title":"Fin de semana de campeonatos | Club Ourense Atletismo","twitter:description":"Este fin de semana nuestra atenci\u00f3n estar\u00e1 diversificada en cuatro frentes: dos campeonatos auton\u00f3micos y otros dos nacionales. En C\u00e1diz se disputa desde el mi\u00e9rcoles hasta el domingo el Campeonato de Espa\u00f1a de Atletismo Adaptado FEDDI por Selecciones Auton\u00f3micas. Esta competici\u00f3n tendr\u00e1 representaci\u00f3n de nuestro club de la mano del reciente Campe\u00f3n de Espa\u00f1a adaptado"},"aioseo_meta_data":{"post_id":"5045","title":null,"description":null,"keywords":null,"keyphrases":null,"primary_term":null,"canonical_url":null,"og_title":null,"og_description":null,"og_object_type":"default","og_image_type":"default","og_image_url":null,"og_image_width":null,"og_image_height":null,"og_image_custom_url":null,"og_image_custom_fields":null,"og_video":null,"og_custom_url":null,"og_article_section":null,"og_article_tags":null,"twitter_use_og":false,"twitter_card":"default","twitter_image_type":"default","twitter_image_url":null,"twitter_image_custom_url":null,"twitter_image_custom_fields":null,"twitter_title":null,"twitter_description":null,"schema":{"blockGraphs":[],"customGraphs":[],"default":{"data":{"Article":[],"Course":[],"Dataset":[],"FAQPage":[],"Movie":[],"Person":[],"Product":[],"ProductReview":[],"Car":[],"Recipe":[],"Service":[],"SoftwareApplication":[],"WebPage":[]},"graphName":"","isEnabled":true},"graphs":[]},"schema_type":null,"schema_type_options":null,"pillar_content":false,"robots_default":true,"robots_noindex":false,"robots_noarchive":false,"robots_nosnippet":false,"robots_nofollow":false,"robots_noimageindex":false,"robots_noodp":false,"robots_notranslate":false,"robots_max_snippet":null,"robots_max_videopreview":null,"robots_max_imagepreview":"large","priority":null,"frequency":null,"location":null,"local_seo":null,"breadcrumb_settings":null,"limit_modified_date":false,"ai":null,"created":"2020-12-24 11:28:33","updated":"2022-09-22 13:52:50","seo_analyzer_scan_date":null,"focus_keyword":null,"additional_keywords":null,"truseo_locale":null},"aioseo_breadcrumb":"<div class=\"aioseo-breadcrumbs\"><span class=\"aioseo-breadcrumb\">\n\t\t\t<a href=\"https:\/\/clubourenseatletismo.es\/blog\" title=\"Inicio\">Inicio<\/a>\n\t\t<\/span><span class=\"aioseo-breadcrumb-separator\">&raquo;<\/span><span class=\"aioseo-breadcrumb\">\n\t\t\t<a href=\"https:\/\/clubourenseatletismo.es\/blog\/category\/club\/\" title=\"Club\">Club<\/a>\n\t\t<\/span><span class=\"aioseo-breadcrumb-separator\">&raquo;<\/span><span class=\"aioseo-breadcrumb\">\n\t\t\tFin de semana de campeonatos\n\t\t<\/span><\/div>","aioseo_breadcrumb_json":[{"label":"Inicio","link":"https:\/\/clubourenseatletismo.es\/blog"},{"label":"Club","link":"https:\/\/clubourenseatletismo.es\/blog\/category\/club\/"},{"label":"Fin de semana de campeonatos","link":"https:\/\/clubourenseatletismo.es\/blog\/2016\/06\/02\/fin-de-semana-de-campeonatos\/"}],"_links":{"self":[{"href":"https:\/\/clubourenseatletismo.es\/blog\/wp-json\/wp\/v2\/posts\/5045","targetHints":{"allow":["GET"]}}],"collection":[{"href":"https:\/\/clubourenseatletismo.es\/blog\/wp-json\/wp\/v2\/posts"}],"about":[{"href":"https:\/\/clubourenseatletismo.es\/blog\/wp-json\/wp\/v2\/types\/post"}],"author":[{"embeddable":true,"href":"https:\/\/clubourenseatletismo.es\/blog\/wp-json\/wp\/v2\/users\/1"}],"replies":[{"embeddable":true,"href":"https:\/\/clubourenseatletismo.es\/blog\/wp-json\/wp\/v2\/comments?post=5045"}],"version-history":[{"count":8,"href":"https:\/\/clubourenseatletismo.es\/blog\/wp-json\/wp\/v2\/posts\/5045\/revisions"}],"predecessor-version":[{"id":5054,"href":"https:\/\/clubourenseatletismo.es\/blog\/wp-json\/wp\/v2\/posts\/5045\/revisions\/5054"}],"wp:attachment":[{"href":"https:\/\/clubourenseatletismo.es\/blog\/wp-json\/wp\/v2\/media?parent=5045"}],"wp:term":[{"taxonomy":"category","embeddable":true,"href":"https:\/\/clubourenseatletismo.es\/blog\/wp-json\/wp\/v2\/categories?post=5045"},{"taxonomy":"post_tag","embeddable":true,"href":"https:\/\/clubourenseatletismo.es\/blog\/wp-json\/wp\/v2\/tags?post=5045"}],"curies":[{"name":"wp","href":"https:\/\/api.w.org\/{rel}","templated":true}]}}