{"id":5026,"date":"2016-05-27T08:11:03","date_gmt":"2016-05-27T06:11:03","guid":{"rendered":"http:\/\/clubourenseatletismo.es\/blog\/?p=5026"},"modified":"2016-05-27T08:11:03","modified_gmt":"2016-05-27T06:11:03","slug":"fiesta-de-fin-de-curso-de-la-escuela-2","status":"publish","type":"post","link":"https:\/\/clubourenseatletismo.es\/blog\/2016\/05\/27\/fiesta-de-fin-de-curso-de-la-escuela-2\/","title":{"rendered":"Fiesta de fin de curso de la Escuela"},"content":{"rendered":"<p style=\"text-align: justify;\">Este pr\u00f3ximo martes, d\u00eda 31 de mayo, nuestra Escuela de Atletismo celebrar\u00e1 su tradicional <span style=\"color: #000000;\"><strong><span style=\"text-decoration: underline;\">fiesta de fin de curso 2015\/2016<\/span><\/strong><\/span>.<\/p>\n<p style=\"text-align: justify;\">Como viene siendo habitual, este encuentro est\u00e1 principalmente reservado para los alumnos de las categor\u00edas Prebenjam\u00edn, Benjam\u00edn y Alev\u00edn, dando comienzo a las 18:00 horas, y constar\u00e1 de las siguientes actividades:<\/p>\n<ul>\n<li style=\"text-align: justify;\">Charla t\u00e9cnica de Asics, patrocinada por Turini Sport, sobre la pisada del atleta y zapatillas.<\/li>\n<li style=\"text-align: justify;\">Una peque\u00f1a competici\u00f3n entre los asistentes, que finalizar\u00e1 con entrega de medallas.<\/li>\n<li style=\"text-align: justify;\">Una merienda final.<\/li>\n<\/ul>\n<p>Los alumnos de la Escuela podr\u00e1n tambi\u00e9n llevar a alg\u00fan amigo\/a, deseoso de iniciarse en nuestro mundillo atl\u00e9tico, pudiendo participar en todas las actividades. \u00a1Os esperamos!<\/p>\n","protected":false},"excerpt":{"rendered":"<p>Este pr\u00f3ximo martes, d\u00eda 31 de mayo, nuestra Escuela de Atletismo celebrar\u00e1 su tradicional fiesta de fin de curso 2015\/2016. Como viene siendo habitual, este encuentro est\u00e1 principalmente reservado para los alumnos de las categor\u00edas Prebenjam\u00edn, Benjam\u00edn y Alev\u00edn, dando comienzo a las 18:00 horas,&#8230;<\/p>\n","protected":false},"author":1,"featured_media":0,"comment_status":"closed","ping_status":"closed","sticky":false,"template":"","format":"standard","meta":{"footnotes":""},"categories":[6,7],"tags":[],"class_list":["post-5026","post","type-post","status-publish","format-standard","hentry","category-escuela","category-noticias"],"aioseo_notices":[],"_links":{"self":[{"href":"https:\/\/clubourenseatletismo.es\/blog\/wp-json\/wp\/v2\/posts\/5026","targetHints":{"allow":["GET"]}}],"collection":[{"href":"https:\/\/clubourenseatletismo.es\/blog\/wp-json\/wp\/v2\/posts"}],"about":[{"href":"https:\/\/clubourenseatletismo.es\/blog\/wp-json\/wp\/v2\/types\/post"}],"author":[{"embeddable":true,"href":"https:\/\/clubourenseatletismo.es\/blog\/wp-json\/wp\/v2\/users\/1"}],"replies":[{"embeddable":true,"href":"https:\/\/clubourenseatletismo.es\/blog\/wp-json\/wp\/v2\/comments?post=5026"}],"version-history":[{"count":1,"href":"https:\/\/clubourenseatletismo.es\/blog\/wp-json\/wp\/v2\/posts\/5026\/revisions"}],"predecessor-version":[{"id":5027,"href":"https:\/\/clubourenseatletismo.es\/blog\/wp-json\/wp\/v2\/posts\/5026\/revisions\/5027"}],"wp:attachment":[{"href":"https:\/\/clubourenseatletismo.es\/blog\/wp-json\/wp\/v2\/media?parent=5026"}],"wp:term":[{"taxonomy":"category","embeddable":true,"href":"https:\/\/clubourenseatletismo.es\/blog\/wp-json\/wp\/v2\/categories?post=5026"},{"taxonomy":"post_tag","embeddable":true,"href":"https:\/\/clubourenseatletismo.es\/blog\/wp-json\/wp\/v2\/tags?post=5026"}],"curies":[{"name":"wp","href":"https:\/\/api.w.org\/{rel}","templated":true}]}}