{"id":4808,"date":"2016-03-03T08:38:30","date_gmt":"2016-03-03T07:38:30","guid":{"rendered":"http:\/\/clubourenseatletismo.es\/blog\/?p=4808"},"modified":"2016-03-03T08:38:30","modified_gmt":"2016-03-03T07:38:30","slug":"alejandro-montero-campeon-gallego-de-cross-adaptado","status":"publish","type":"post","link":"https:\/\/clubourenseatletismo.es\/blog\/2016\/03\/03\/alejandro-montero-campeon-gallego-de-cross-adaptado\/","title":{"rendered":"Alejandro Montero, Campe\u00f3n Gallego de Cross adaptado"},"content":{"rendered":"<p style=\"text-align: justify;\">En la ma\u00f1ana de ayer, mi\u00e9rcoles, se disput\u00f3 en el Parque de Castrelos, en Vigo, el <span style=\"text-decoration: underline; color: #000000;\"><strong>Campeonato Gallego de Campo a Trav\u00e9s adaptado<\/strong><\/span>, para discapacitados intelectuales. Hasta all\u00ed se desplaz\u00f3 nuestro atleta <span style=\"color: #0000ff;\"><strong>Alejandro Montero<\/strong><\/span>, reciente bronce nacional de la especialidad adaptada, para tomar parte en la competici\u00f3n.<\/p>\n<p style=\"text-align: justify;\">Alejandro tuvo una brillante actuaci\u00f3n, logrando el t\u00edtulo de <span style=\"color: #800000;\"><em><strong>Campe\u00f3n Gallego<\/strong><\/em><\/span>, con lo que suma su segundo \u00e9xito importante de la temporada, al que seguir\u00e1n m\u00e1s con la temporada de pista.<\/p>\n<div id=\"attachment_4809\" style=\"width: 610px\" class=\"wp-caption aligncenter\"><img loading=\"lazy\" decoding=\"async\" aria-describedby=\"caption-attachment-4809\" class=\"size-full wp-image-4809\" src=\"http:\/\/clubourenseatletismo.es\/blog\/wp-content\/uploads\/2016\/03\/alex-alfredo.jpg\" alt=\"Alejandro Montero con su entrenador, Alfredo Gonz\u00e1lez.\" width=\"600\" height=\"503\" srcset=\"https:\/\/clubourenseatletismo.es\/blog\/wp-content\/uploads\/2016\/03\/alex-alfredo.jpg 600w, https:\/\/clubourenseatletismo.es\/blog\/wp-content\/uploads\/2016\/03\/alex-alfredo-300x252.jpg 300w\" sizes=\"auto, (max-width: 600px) 100vw, 600px\" \/><p id=\"caption-attachment-4809\" class=\"wp-caption-text\"><span style=\"color: #0000ff;\">Alejandro Montero con su entrenador, Alfredo Gonz\u00e1lez.<\/span><\/p><\/div>\n","protected":false},"excerpt":{"rendered":"<p>En la ma\u00f1ana de ayer, mi\u00e9rcoles, se disput\u00f3 en el Parque de Castrelos, en Vigo, el Campeonato Gallego de Campo a Trav\u00e9s adaptado, para discapacitados intelectuales. Hasta all\u00ed se desplaz\u00f3 nuestro atleta Alejandro Montero, reciente bronce nacional de la especialidad adaptada, para tomar parte en&#8230;<\/p>\n","protected":false},"author":1,"featured_media":0,"comment_status":"closed","ping_status":"closed","sticky":false,"template":"","format":"standard","meta":{"footnotes":""},"categories":[25,5,12,9],"tags":[],"class_list":["post-4808","post","type-post","status-publish","format-standard","hentry","category-adaptado","category-club","category-cpto-gallego","category-resultados"],"aioseo_notices":[],"aioseo_head":"\n\t\t<!-- All in One SEO 5.0.1.1 - aioseo.com -->\n\t<meta name=\"description\" content=\"En la ma\u00f1ana de ayer, mi\u00e9rcoles, se disput\u00f3 en el Parque de Castrelos, en Vigo, el Campeonato Gallego de Campo a Trav\u00e9s adaptado, para discapacitados intelectuales. Hasta all\u00ed se desplaz\u00f3 nuestro atleta Alejandro Montero, reciente bronce nacional de la especialidad adaptada, para tomar parte en la competici\u00f3n. Alejandro tuvo una brillante actuaci\u00f3n, logrando el t\u00edtulo\" \/>\n\t<meta name=\"robots\" content=\"max-image-preview:large\" \/>\n\t<meta name=\"author\" content=\"clubourense\"\/>\n\t<link rel=\"canonical\" href=\"https:\/\/clubourenseatletismo.es\/blog\/2016\/03\/03\/alejandro-montero-campeon-gallego-de-cross-adaptado\/\" \/>\n\t<meta name=\"generator\" content=\"All in One SEO (AIOSEO) 5.0.1.1\" \/>\n\t\t<meta property=\"og:locale\" content=\"es_ES\" \/>\n\t\t<meta property=\"og:site_name\" content=\"Club Ourense Atletismo | Escuela Ourense Atletismo\" \/>\n\t\t<meta property=\"og:type\" content=\"article\" \/>\n\t\t<meta property=\"og:title\" content=\"Alejandro Montero, Campe\u00f3n Gallego de Cross adaptado | Club Ourense Atletismo\" \/>\n\t\t<meta property=\"og:description\" content=\"En la ma\u00f1ana de ayer, mi\u00e9rcoles, se disput\u00f3 en el Parque de Castrelos, en Vigo, el Campeonato Gallego de Campo a Trav\u00e9s adaptado, para discapacitados intelectuales. Hasta all\u00ed se desplaz\u00f3 nuestro atleta Alejandro Montero, reciente bronce nacional de la especialidad adaptada, para tomar parte en la competici\u00f3n. Alejandro tuvo una brillante actuaci\u00f3n, logrando el t\u00edtulo\" \/>\n\t\t<meta property=\"og:url\" content=\"https:\/\/clubourenseatletismo.es\/blog\/2016\/03\/03\/alejandro-montero-campeon-gallego-de-cross-adaptado\/\" \/>\n\t\t<meta property=\"article:published_time\" content=\"2016-03-03T07:38:30+00:00\" \/>\n\t\t<meta property=\"article:modified_time\" content=\"2016-03-03T07:38:30+00:00\" \/>\n\t\t<meta property=\"article:publisher\" content=\"https:\/\/www.facebook.com\/profile.php?id=100063516489280\" \/>\n\t\t<meta name=\"twitter:card\" content=\"summary\" \/>\n\t\t<meta name=\"twitter:title\" content=\"Alejandro Montero, Campe\u00f3n Gallego de Cross adaptado | Club Ourense Atletismo\" \/>\n\t\t<meta name=\"twitter:description\" content=\"En la ma\u00f1ana de ayer, mi\u00e9rcoles, se disput\u00f3 en el Parque de Castrelos, en Vigo, el Campeonato Gallego de Campo a Trav\u00e9s adaptado, para discapacitados intelectuales. Hasta all\u00ed se desplaz\u00f3 nuestro atleta Alejandro Montero, reciente bronce nacional de la especialidad adaptada, para tomar parte en la competici\u00f3n. Alejandro tuvo una brillante actuaci\u00f3n, logrando el t\u00edtulo\" \/>\n\t\t<script type=\"application\/ld+json\" class=\"aioseo-schema\">\n\t\t\t{\"@context\":\"https:\\\/\\\/schema.org\",\"@graph\":[{\"@type\":\"Article\",\"@id\":\"https:\\\/\\\/clubourenseatletismo.es\\\/blog\\\/2016\\\/03\\\/03\\\/alejandro-montero-campeon-gallego-de-cross-adaptado\\\/#article\",\"name\":\"Alejandro Montero, Campe\\u00f3n Gallego de Cross adaptado | Club Ourense Atletismo\",\"headline\":\"Alejandro Montero, Campe\\u00f3n Gallego de Cross adaptado\",\"author\":{\"@id\":\"https:\\\/\\\/clubourenseatletismo.es\\\/blog\\\/author\\\/clubourense\\\/#author\"},\"publisher\":{\"@id\":\"https:\\\/\\\/clubourenseatletismo.es\\\/blog\\\/#organization\"},\"image\":{\"@type\":\"ImageObject\",\"url\":\"https:\\\/\\\/clubourenseatletismo.es\\\/blog\\\/wp-content\\\/uploads\\\/2016\\\/03\\\/alex-alfredo.jpg\",\"@id\":\"https:\\\/\\\/clubourenseatletismo.es\\\/blog\\\/2016\\\/03\\\/03\\\/alejandro-montero-campeon-gallego-de-cross-adaptado\\\/#articleImage\",\"width\":600,\"height\":503,\"caption\":\"Alejandro Montero con su entrenador, Alfredo Gonz\\u00e1lez.\"},\"datePublished\":\"2016-03-03T08:38:30+01:00\",\"dateModified\":\"2016-03-03T08:38:30+01:00\",\"inLanguage\":\"es-ES\",\"mainEntityOfPage\":{\"@id\":\"https:\\\/\\\/clubourenseatletismo.es\\\/blog\\\/2016\\\/03\\\/03\\\/alejandro-montero-campeon-gallego-de-cross-adaptado\\\/#webpage\"},\"isPartOf\":{\"@id\":\"https:\\\/\\\/clubourenseatletismo.es\\\/blog\\\/2016\\\/03\\\/03\\\/alejandro-montero-campeon-gallego-de-cross-adaptado\\\/#webpage\"},\"articleSection\":\"Adaptado, Club, Cpto. Gallego, Resultados\"},{\"@type\":\"BreadcrumbList\",\"@id\":\"https:\\\/\\\/clubourenseatletismo.es\\\/blog\\\/2016\\\/03\\\/03\\\/alejandro-montero-campeon-gallego-de-cross-adaptado\\\/#breadcrumblist\",\"itemListElement\":[{\"@type\":\"ListItem\",\"@id\":\"https:\\\/\\\/clubourenseatletismo.es\\\/blog#listItem\",\"position\":1,\"name\":\"Inicio\",\"item\":\"https:\\\/\\\/clubourenseatletismo.es\\\/blog\",\"nextItem\":{\"@type\":\"ListItem\",\"@id\":\"https:\\\/\\\/clubourenseatletismo.es\\\/blog\\\/category\\\/club\\\/#listItem\",\"name\":\"Club\"}},{\"@type\":\"ListItem\",\"@id\":\"https:\\\/\\\/clubourenseatletismo.es\\\/blog\\\/category\\\/club\\\/#listItem\",\"position\":2,\"name\":\"Club\",\"item\":\"https:\\\/\\\/clubourenseatletismo.es\\\/blog\\\/category\\\/club\\\/\",\"nextItem\":{\"@type\":\"ListItem\",\"@id\":\"https:\\\/\\\/clubourenseatletismo.es\\\/blog\\\/2016\\\/03\\\/03\\\/alejandro-montero-campeon-gallego-de-cross-adaptado\\\/#listItem\",\"name\":\"Alejandro Montero, Campe\\u00f3n Gallego de Cross adaptado\"},\"previousItem\":{\"@type\":\"ListItem\",\"@id\":\"https:\\\/\\\/clubourenseatletismo.es\\\/blog#listItem\",\"name\":\"Inicio\"}},{\"@type\":\"ListItem\",\"@id\":\"https:\\\/\\\/clubourenseatletismo.es\\\/blog\\\/2016\\\/03\\\/03\\\/alejandro-montero-campeon-gallego-de-cross-adaptado\\\/#listItem\",\"position\":3,\"name\":\"Alejandro Montero, Campe\\u00f3n Gallego de Cross adaptado\",\"previousItem\":{\"@type\":\"ListItem\",\"@id\":\"https:\\\/\\\/clubourenseatletismo.es\\\/blog\\\/category\\\/club\\\/#listItem\",\"name\":\"Club\"}}]},{\"@type\":\"Organization\",\"@id\":\"https:\\\/\\\/clubourenseatletismo.es\\\/blog\\\/#organization\",\"name\":\"Club Ourense Atletismo\",\"description\":\"Escuela Ourense Atletismo\",\"url\":\"https:\\\/\\\/clubourenseatletismo.es\\\/blog\\\/\",\"telephone\":\"+34637157458\",\"logo\":{\"@type\":\"ImageObject\",\"url\":\"https:\\\/\\\/clubourenseatletismo.es\\\/blog\\\/wp-content\\\/uploads\\\/2019\\\/09\\\/cropped-LOGO-1.jpeg\",\"@id\":\"https:\\\/\\\/clubourenseatletismo.es\\\/blog\\\/2016\\\/03\\\/03\\\/alejandro-montero-campeon-gallego-de-cross-adaptado\\\/#organizationLogo\",\"width\":512,\"height\":512},\"image\":{\"@id\":\"https:\\\/\\\/clubourenseatletismo.es\\\/blog\\\/2016\\\/03\\\/03\\\/alejandro-montero-campeon-gallego-de-cross-adaptado\\\/#organizationLogo\"},\"sameAs\":[\"https:\\\/\\\/www.facebook.com\\\/profile.php?id=100063516489280\",\"https:\\\/\\\/www.instagram.com\\\/clubourenseatletismo\\\/\"]},{\"@type\":\"Person\",\"@id\":\"https:\\\/\\\/clubourenseatletismo.es\\\/blog\\\/author\\\/clubourense\\\/#author\",\"url\":\"https:\\\/\\\/clubourenseatletismo.es\\\/blog\\\/author\\\/clubourense\\\/\",\"name\":\"clubourense\",\"image\":{\"@type\":\"ImageObject\",\"@id\":\"https:\\\/\\\/clubourenseatletismo.es\\\/blog\\\/2016\\\/03\\\/03\\\/alejandro-montero-campeon-gallego-de-cross-adaptado\\\/#authorImage\",\"url\":\"https:\\\/\\\/secure.gravatar.com\\\/avatar\\\/054ff0256550e5d1d577fa683a74658acb2f33f773051c5f2e6e8de910594748?s=96&d=mm&r=g\",\"width\":96,\"height\":96,\"caption\":\"clubourense\"}},{\"@type\":\"WebPage\",\"@id\":\"https:\\\/\\\/clubourenseatletismo.es\\\/blog\\\/2016\\\/03\\\/03\\\/alejandro-montero-campeon-gallego-de-cross-adaptado\\\/#webpage\",\"url\":\"https:\\\/\\\/clubourenseatletismo.es\\\/blog\\\/2016\\\/03\\\/03\\\/alejandro-montero-campeon-gallego-de-cross-adaptado\\\/\",\"name\":\"Alejandro Montero, Campe\\u00f3n Gallego de Cross adaptado | Club Ourense Atletismo\",\"description\":\"En la ma\\u00f1ana de ayer, mi\\u00e9rcoles, se disput\\u00f3 en el Parque de Castrelos, en Vigo, el Campeonato Gallego de Campo a Trav\\u00e9s adaptado, para discapacitados intelectuales. Hasta all\\u00ed se desplaz\\u00f3 nuestro atleta Alejandro Montero, reciente bronce nacional de la especialidad adaptada, para tomar parte en la competici\\u00f3n. Alejandro tuvo una brillante actuaci\\u00f3n, logrando el t\\u00edtulo\",\"inLanguage\":\"es-ES\",\"isPartOf\":{\"@id\":\"https:\\\/\\\/clubourenseatletismo.es\\\/blog\\\/#website\"},\"breadcrumb\":{\"@id\":\"https:\\\/\\\/clubourenseatletismo.es\\\/blog\\\/2016\\\/03\\\/03\\\/alejandro-montero-campeon-gallego-de-cross-adaptado\\\/#breadcrumblist\"},\"author\":{\"@id\":\"https:\\\/\\\/clubourenseatletismo.es\\\/blog\\\/author\\\/clubourense\\\/#author\"},\"creator\":{\"@id\":\"https:\\\/\\\/clubourenseatletismo.es\\\/blog\\\/author\\\/clubourense\\\/#author\"},\"datePublished\":\"2016-03-03T08:38:30+01:00\",\"dateModified\":\"2016-03-03T08:38:30+01:00\"},{\"@type\":\"WebSite\",\"@id\":\"https:\\\/\\\/clubourenseatletismo.es\\\/blog\\\/#website\",\"url\":\"https:\\\/\\\/clubourenseatletismo.es\\\/blog\\\/\",\"name\":\"Club Ourense Atletismo\",\"description\":\"Escuela Ourense Atletismo\",\"inLanguage\":\"es-ES\",\"publisher\":{\"@id\":\"https:\\\/\\\/clubourenseatletismo.es\\\/blog\\\/#organization\"}}]}\n\t\t<\/script>\n\t\t<!-- All in One SEO -->\n\n","aioseo_head_json":{"title":"Alejandro Montero, Campe\u00f3n Gallego de Cross adaptado | Club Ourense Atletismo","description":"En la ma\u00f1ana de ayer, mi\u00e9rcoles, se disput\u00f3 en el Parque de Castrelos, en Vigo, el Campeonato Gallego de Campo a Trav\u00e9s adaptado, para discapacitados intelectuales. Hasta all\u00ed se desplaz\u00f3 nuestro atleta Alejandro Montero, reciente bronce nacional de la especialidad adaptada, para tomar parte en la competici\u00f3n. Alejandro tuvo una brillante actuaci\u00f3n, logrando el t\u00edtulo","canonical_url":"https:\/\/clubourenseatletismo.es\/blog\/2016\/03\/03\/alejandro-montero-campeon-gallego-de-cross-adaptado\/","robots":"max-image-preview:large","keywords":"","webmasterTools":{"miscellaneous":""},"schema":{"@context":"https:\/\/schema.org","@graph":[{"@type":"Article","@id":"https:\/\/clubourenseatletismo.es\/blog\/2016\/03\/03\/alejandro-montero-campeon-gallego-de-cross-adaptado\/#article","name":"Alejandro Montero, Campe\u00f3n Gallego de Cross adaptado | Club Ourense Atletismo","headline":"Alejandro Montero, Campe\u00f3n Gallego de Cross adaptado","author":{"@id":"https:\/\/clubourenseatletismo.es\/blog\/author\/clubourense\/#author"},"publisher":{"@id":"https:\/\/clubourenseatletismo.es\/blog\/#organization"},"image":{"@type":"ImageObject","url":"https:\/\/clubourenseatletismo.es\/blog\/wp-content\/uploads\/2016\/03\/alex-alfredo.jpg","@id":"https:\/\/clubourenseatletismo.es\/blog\/2016\/03\/03\/alejandro-montero-campeon-gallego-de-cross-adaptado\/#articleImage","width":600,"height":503,"caption":"Alejandro Montero con su entrenador, Alfredo Gonz\u00e1lez."},"datePublished":"2016-03-03T08:38:30+01:00","dateModified":"2016-03-03T08:38:30+01:00","inLanguage":"es-ES","mainEntityOfPage":{"@id":"https:\/\/clubourenseatletismo.es\/blog\/2016\/03\/03\/alejandro-montero-campeon-gallego-de-cross-adaptado\/#webpage"},"isPartOf":{"@id":"https:\/\/clubourenseatletismo.es\/blog\/2016\/03\/03\/alejandro-montero-campeon-gallego-de-cross-adaptado\/#webpage"},"articleSection":"Adaptado, Club, Cpto. Gallego, Resultados"},{"@type":"BreadcrumbList","@id":"https:\/\/clubourenseatletismo.es\/blog\/2016\/03\/03\/alejandro-montero-campeon-gallego-de-cross-adaptado\/#breadcrumblist","itemListElement":[{"@type":"ListItem","@id":"https:\/\/clubourenseatletismo.es\/blog#listItem","position":1,"name":"Inicio","item":"https:\/\/clubourenseatletismo.es\/blog","nextItem":{"@type":"ListItem","@id":"https:\/\/clubourenseatletismo.es\/blog\/category\/club\/#listItem","name":"Club"}},{"@type":"ListItem","@id":"https:\/\/clubourenseatletismo.es\/blog\/category\/club\/#listItem","position":2,"name":"Club","item":"https:\/\/clubourenseatletismo.es\/blog\/category\/club\/","nextItem":{"@type":"ListItem","@id":"https:\/\/clubourenseatletismo.es\/blog\/2016\/03\/03\/alejandro-montero-campeon-gallego-de-cross-adaptado\/#listItem","name":"Alejandro Montero, Campe\u00f3n Gallego de Cross adaptado"},"previousItem":{"@type":"ListItem","@id":"https:\/\/clubourenseatletismo.es\/blog#listItem","name":"Inicio"}},{"@type":"ListItem","@id":"https:\/\/clubourenseatletismo.es\/blog\/2016\/03\/03\/alejandro-montero-campeon-gallego-de-cross-adaptado\/#listItem","position":3,"name":"Alejandro Montero, Campe\u00f3n Gallego de Cross adaptado","previousItem":{"@type":"ListItem","@id":"https:\/\/clubourenseatletismo.es\/blog\/category\/club\/#listItem","name":"Club"}}]},{"@type":"Organization","@id":"https:\/\/clubourenseatletismo.es\/blog\/#organization","name":"Club Ourense Atletismo","description":"Escuela Ourense Atletismo","url":"https:\/\/clubourenseatletismo.es\/blog\/","telephone":"+34637157458","logo":{"@type":"ImageObject","url":"https:\/\/clubourenseatletismo.es\/blog\/wp-content\/uploads\/2019\/09\/cropped-LOGO-1.jpeg","@id":"https:\/\/clubourenseatletismo.es\/blog\/2016\/03\/03\/alejandro-montero-campeon-gallego-de-cross-adaptado\/#organizationLogo","width":512,"height":512},"image":{"@id":"https:\/\/clubourenseatletismo.es\/blog\/2016\/03\/03\/alejandro-montero-campeon-gallego-de-cross-adaptado\/#organizationLogo"},"sameAs":["https:\/\/www.facebook.com\/profile.php?id=100063516489280","https:\/\/www.instagram.com\/clubourenseatletismo\/"]},{"@type":"Person","@id":"https:\/\/clubourenseatletismo.es\/blog\/author\/clubourense\/#author","url":"https:\/\/clubourenseatletismo.es\/blog\/author\/clubourense\/","name":"clubourense","image":{"@type":"ImageObject","@id":"https:\/\/clubourenseatletismo.es\/blog\/2016\/03\/03\/alejandro-montero-campeon-gallego-de-cross-adaptado\/#authorImage","url":"https:\/\/secure.gravatar.com\/avatar\/054ff0256550e5d1d577fa683a74658acb2f33f773051c5f2e6e8de910594748?s=96&d=mm&r=g","width":96,"height":96,"caption":"clubourense"}},{"@type":"WebPage","@id":"https:\/\/clubourenseatletismo.es\/blog\/2016\/03\/03\/alejandro-montero-campeon-gallego-de-cross-adaptado\/#webpage","url":"https:\/\/clubourenseatletismo.es\/blog\/2016\/03\/03\/alejandro-montero-campeon-gallego-de-cross-adaptado\/","name":"Alejandro Montero, Campe\u00f3n Gallego de Cross adaptado | Club Ourense Atletismo","description":"En la ma\u00f1ana de ayer, mi\u00e9rcoles, se disput\u00f3 en el Parque de Castrelos, en Vigo, el Campeonato Gallego de Campo a Trav\u00e9s adaptado, para discapacitados intelectuales. Hasta all\u00ed se desplaz\u00f3 nuestro atleta Alejandro Montero, reciente bronce nacional de la especialidad adaptada, para tomar parte en la competici\u00f3n. Alejandro tuvo una brillante actuaci\u00f3n, logrando el t\u00edtulo","inLanguage":"es-ES","isPartOf":{"@id":"https:\/\/clubourenseatletismo.es\/blog\/#website"},"breadcrumb":{"@id":"https:\/\/clubourenseatletismo.es\/blog\/2016\/03\/03\/alejandro-montero-campeon-gallego-de-cross-adaptado\/#breadcrumblist"},"author":{"@id":"https:\/\/clubourenseatletismo.es\/blog\/author\/clubourense\/#author"},"creator":{"@id":"https:\/\/clubourenseatletismo.es\/blog\/author\/clubourense\/#author"},"datePublished":"2016-03-03T08:38:30+01:00","dateModified":"2016-03-03T08:38:30+01:00"},{"@type":"WebSite","@id":"https:\/\/clubourenseatletismo.es\/blog\/#website","url":"https:\/\/clubourenseatletismo.es\/blog\/","name":"Club Ourense Atletismo","description":"Escuela Ourense Atletismo","inLanguage":"es-ES","publisher":{"@id":"https:\/\/clubourenseatletismo.es\/blog\/#organization"}}]},"og:locale":"es_ES","og:site_name":"Club Ourense Atletismo | Escuela Ourense Atletismo","og:type":"article","og:title":"Alejandro Montero, Campe\u00f3n Gallego de Cross adaptado | Club Ourense Atletismo","og:description":"En la ma\u00f1ana de ayer, mi\u00e9rcoles, se disput\u00f3 en el Parque de Castrelos, en Vigo, el Campeonato Gallego de Campo a Trav\u00e9s adaptado, para discapacitados intelectuales. Hasta all\u00ed se desplaz\u00f3 nuestro atleta Alejandro Montero, reciente bronce nacional de la especialidad adaptada, para tomar parte en la competici\u00f3n. Alejandro tuvo una brillante actuaci\u00f3n, logrando el t\u00edtulo","og:url":"https:\/\/clubourenseatletismo.es\/blog\/2016\/03\/03\/alejandro-montero-campeon-gallego-de-cross-adaptado\/","article:published_time":"2016-03-03T07:38:30+00:00","article:modified_time":"2016-03-03T07:38:30+00:00","article:publisher":"https:\/\/www.facebook.com\/profile.php?id=100063516489280","twitter:card":"summary","twitter:title":"Alejandro Montero, Campe\u00f3n Gallego de Cross adaptado | Club Ourense Atletismo","twitter:description":"En la ma\u00f1ana de ayer, mi\u00e9rcoles, se disput\u00f3 en el Parque de Castrelos, en Vigo, el Campeonato Gallego de Campo a Trav\u00e9s adaptado, para discapacitados intelectuales. Hasta all\u00ed se desplaz\u00f3 nuestro atleta Alejandro Montero, reciente bronce nacional de la especialidad adaptada, para tomar parte en la competici\u00f3n. Alejandro tuvo una brillante actuaci\u00f3n, logrando el t\u00edtulo"},"aioseo_meta_data":{"post_id":"4808","title":null,"description":null,"keywords":null,"keyphrases":null,"primary_term":null,"canonical_url":null,"og_title":null,"og_description":null,"og_object_type":"default","og_image_type":"default","og_image_url":null,"og_image_width":null,"og_image_height":null,"og_image_custom_url":null,"og_image_custom_fields":null,"og_video":null,"og_custom_url":null,"og_article_section":null,"og_article_tags":null,"twitter_use_og":false,"twitter_card":"default","twitter_image_type":"default","twitter_image_url":null,"twitter_image_custom_url":null,"twitter_image_custom_fields":null,"twitter_title":null,"twitter_description":null,"schema":{"blockGraphs":[],"customGraphs":[],"default":{"data":{"Article":[],"Course":[],"Dataset":[],"FAQPage":[],"Movie":[],"Person":[],"Product":[],"ProductReview":[],"Car":[],"Recipe":[],"Service":[],"SoftwareApplication":[],"WebPage":[]},"graphName":"","isEnabled":true},"graphs":[]},"schema_type":null,"schema_type_options":null,"pillar_content":false,"robots_default":true,"robots_noindex":false,"robots_noarchive":false,"robots_nosnippet":false,"robots_nofollow":false,"robots_noimageindex":false,"robots_noodp":false,"robots_notranslate":false,"robots_max_snippet":null,"robots_max_videopreview":null,"robots_max_imagepreview":"large","priority":null,"frequency":null,"location":null,"local_seo":null,"breadcrumb_settings":null,"limit_modified_date":false,"ai":null,"created":"2020-12-24 11:24:07","updated":"2022-09-14 03:15:18","seo_analyzer_scan_date":null,"focus_keyword":null,"additional_keywords":null,"truseo_locale":null},"aioseo_breadcrumb":"<div class=\"aioseo-breadcrumbs\"><span class=\"aioseo-breadcrumb\">\n\t\t\t<a href=\"https:\/\/clubourenseatletismo.es\/blog\" title=\"Inicio\">Inicio<\/a>\n\t\t<\/span><span class=\"aioseo-breadcrumb-separator\">&raquo;<\/span><span class=\"aioseo-breadcrumb\">\n\t\t\t<a href=\"https:\/\/clubourenseatletismo.es\/blog\/category\/club\/\" title=\"Club\">Club<\/a>\n\t\t<\/span><span class=\"aioseo-breadcrumb-separator\">&raquo;<\/span><span class=\"aioseo-breadcrumb\">\n\t\t\tAlejandro Montero, Campe\u00f3n Gallego de Cross adaptado\n\t\t<\/span><\/div>","aioseo_breadcrumb_json":[{"label":"Inicio","link":"https:\/\/clubourenseatletismo.es\/blog"},{"label":"Club","link":"https:\/\/clubourenseatletismo.es\/blog\/category\/club\/"},{"label":"Alejandro Montero, Campe\u00f3n Gallego de Cross adaptado","link":"https:\/\/clubourenseatletismo.es\/blog\/2016\/03\/03\/alejandro-montero-campeon-gallego-de-cross-adaptado\/"}],"_links":{"self":[{"href":"https:\/\/clubourenseatletismo.es\/blog\/wp-json\/wp\/v2\/posts\/4808","targetHints":{"allow":["GET"]}}],"collection":[{"href":"https:\/\/clubourenseatletismo.es\/blog\/wp-json\/wp\/v2\/posts"}],"about":[{"href":"https:\/\/clubourenseatletismo.es\/blog\/wp-json\/wp\/v2\/types\/post"}],"author":[{"embeddable":true,"href":"https:\/\/clubourenseatletismo.es\/blog\/wp-json\/wp\/v2\/users\/1"}],"replies":[{"embeddable":true,"href":"https:\/\/clubourenseatletismo.es\/blog\/wp-json\/wp\/v2\/comments?post=4808"}],"version-history":[{"count":1,"href":"https:\/\/clubourenseatletismo.es\/blog\/wp-json\/wp\/v2\/posts\/4808\/revisions"}],"predecessor-version":[{"id":4810,"href":"https:\/\/clubourenseatletismo.es\/blog\/wp-json\/wp\/v2\/posts\/4808\/revisions\/4810"}],"wp:attachment":[{"href":"https:\/\/clubourenseatletismo.es\/blog\/wp-json\/wp\/v2\/media?parent=4808"}],"wp:term":[{"taxonomy":"category","embeddable":true,"href":"https:\/\/clubourenseatletismo.es\/blog\/wp-json\/wp\/v2\/categories?post=4808"},{"taxonomy":"post_tag","embeddable":true,"href":"https:\/\/clubourenseatletismo.es\/blog\/wp-json\/wp\/v2\/tags?post=4808"}],"curies":[{"name":"wp","href":"https:\/\/api.w.org\/{rel}","templated":true}]}}