{"id":4772,"date":"2016-02-25T11:08:27","date_gmt":"2016-02-25T10:08:27","guid":{"rendered":"http:\/\/clubourenseatletismo.es\/blog\/?p=4772"},"modified":"2016-02-25T11:08:27","modified_gmt":"2016-02-25T10:08:27","slug":"importante-aplazamiento-del-cross-escolar","status":"publish","type":"post","link":"https:\/\/clubourenseatletismo.es\/blog\/2016\/02\/25\/importante-aplazamiento-del-cross-escolar\/","title":{"rendered":"IMPORTANTE: APLAZAMIENTO DEL CROSS ESCOLAR"},"content":{"rendered":"<p style=\"text-align: justify;\">Esta ma\u00f1ana recibimos una notificaci\u00f3n del Servizo de Deportes de Ourense, en relaci\u00f3n a la Final Provincial de Cross Escolar, que se iba a disputar este s\u00e1bado. Se comunica lo siguiente:<\/p>\n<p style=\"text-align: justify;\"><span style=\"color: #0000ff;\">En vista de la previsi\u00f3n metereol\u00f3gica anunciada para este fin de semana en la provincia de Ourense , en el que se iba a celebrar el Campeonato Provincial XOGADE de campo a trav\u00e9s en el Complejo Deportivo de Monterrey, y una vez consultado al Servicio de Emergencias de la Xunta de Galicia, que nos comenta la situaci\u00f3n de alerta amarilla por nevadas, se toma la decisi\u00f3n de aplazarlo.<\/span><\/p>\n<p><span style=\"color: #0000ff;\">El Campeonato se celebrar\u00e1 el pr\u00f3ximo <span style=\"text-decoration: underline;\"><span style=\"color: #800000; text-decoration: underline;\">DOMINGO, 6 DE MARZO<\/span><\/span> con el mismo horario (a partir de las 11:00)<\/span>.<\/p>\n<p>&nbsp;<\/p>\n","protected":false},"excerpt":{"rendered":"<p>Esta ma\u00f1ana recibimos una notificaci\u00f3n del Servizo de Deportes de Ourense, en relaci\u00f3n a la Final Provincial de Cross Escolar, que se iba a disputar este s\u00e1bado. Se comunica lo siguiente: En vista de la previsi\u00f3n metereol\u00f3gica anunciada para este fin de semana en la&#8230;<\/p>\n","protected":false},"author":1,"featured_media":0,"comment_status":"closed","ping_status":"closed","sticky":false,"template":"","format":"standard","meta":{"footnotes":""},"categories":[6,7,10],"tags":[],"class_list":["post-4772","post","type-post","status-publish","format-standard","hentry","category-escuela","category-noticias","category-importante"],"aioseo_notices":[],"_links":{"self":[{"href":"https:\/\/clubourenseatletismo.es\/blog\/wp-json\/wp\/v2\/posts\/4772","targetHints":{"allow":["GET"]}}],"collection":[{"href":"https:\/\/clubourenseatletismo.es\/blog\/wp-json\/wp\/v2\/posts"}],"about":[{"href":"https:\/\/clubourenseatletismo.es\/blog\/wp-json\/wp\/v2\/types\/post"}],"author":[{"embeddable":true,"href":"https:\/\/clubourenseatletismo.es\/blog\/wp-json\/wp\/v2\/users\/1"}],"replies":[{"embeddable":true,"href":"https:\/\/clubourenseatletismo.es\/blog\/wp-json\/wp\/v2\/comments?post=4772"}],"version-history":[{"count":5,"href":"https:\/\/clubourenseatletismo.es\/blog\/wp-json\/wp\/v2\/posts\/4772\/revisions"}],"predecessor-version":[{"id":4777,"href":"https:\/\/clubourenseatletismo.es\/blog\/wp-json\/wp\/v2\/posts\/4772\/revisions\/4777"}],"wp:attachment":[{"href":"https:\/\/clubourenseatletismo.es\/blog\/wp-json\/wp\/v2\/media?parent=4772"}],"wp:term":[{"taxonomy":"category","embeddable":true,"href":"https:\/\/clubourenseatletismo.es\/blog\/wp-json\/wp\/v2\/categories?post=4772"},{"taxonomy":"post_tag","embeddable":true,"href":"https:\/\/clubourenseatletismo.es\/blog\/wp-json\/wp\/v2\/tags?post=4772"}],"curies":[{"name":"wp","href":"https:\/\/api.w.org\/{rel}","templated":true}]}}