{"id":4613,"date":"2016-01-28T08:06:43","date_gmt":"2016-01-28T07:06:43","guid":{"rendered":"http:\/\/clubourenseatletismo.es\/blog\/?p=4613"},"modified":"2016-01-28T08:06:43","modified_gmt":"2016-01-28T07:06:43","slug":"campo-a-traves-para-finalizar-el-mes-de-enero","status":"publish","type":"post","link":"https:\/\/clubourenseatletismo.es\/blog\/2016\/01\/28\/campo-a-traves-para-finalizar-el-mes-de-enero\/","title":{"rendered":"Campo a Trav\u00e9s para finalizar el mes de enero"},"content":{"rendered":"<p style=\"text-align: justify;\">El mes de enero finalizar\u00e1 este pr\u00f3ximo fin de semana con campo a trav\u00e9s. Por un lado, un buen n\u00famero de nuestros atletas se desplazar\u00e1n el domingo\u00a0hasta la localidad lucense de Friol para tomar parte, al igual que el pasado a\u00f1o, en tres competiciones: el <span style=\"color: #000000; text-decoration: underline;\"><strong>Memorial Alejandro Lorenzo de Campo a Trav\u00e9s<\/strong><\/span> para categor\u00edas menores (hasta infantil); el <span style=\"color: #000000; text-decoration: underline;\"><strong>Campeonato Gallego Cadete-Juvenil de Cross<\/strong><\/span>, individual y por equipos; y el <span style=\"text-decoration: underline;\"><strong><span style=\"color: #000000; text-decoration: underline;\">Campeonato Gallego de Cross Corto por Equipos<\/span><\/strong><\/span>.<\/p>\n<p style=\"text-align: justify;\">La competici\u00f3n dar\u00e1 inicio con el Memorial, a las 10:30 horas de la ma\u00f1ana, con las pruebas para benjamines; a las 11:55 horas est\u00e1 previsto el inicio del Campeonato Cadete-Juvenil con la disputa de la prueba cadete femenina; y\u00a0a partir de las 13:30 horas dar\u00e1 inicio el Cross Corto, con la prueba femenina. De no mediar problemas, estaremos presentes en todas las categor\u00edas.<\/p>\n<p style=\"text-align: justify;\"><img loading=\"lazy\" decoding=\"async\" class=\"aligncenter wp-image-4616\" src=\"http:\/\/clubourenseatletismo.es\/blog\/wp-content\/uploads\/2016\/01\/HorariosFriol.jpg\" alt=\"HorariosFriol\" width=\"550\" height=\"552\" srcset=\"https:\/\/clubourenseatletismo.es\/blog\/wp-content\/uploads\/2016\/01\/HorariosFriol.jpg 789w, https:\/\/clubourenseatletismo.es\/blog\/wp-content\/uploads\/2016\/01\/HorariosFriol-150x150.jpg 150w, https:\/\/clubourenseatletismo.es\/blog\/wp-content\/uploads\/2016\/01\/HorariosFriol-298x300.jpg 298w, https:\/\/clubourenseatletismo.es\/blog\/wp-content\/uploads\/2016\/01\/HorariosFriol-768x772.jpg 768w, https:\/\/clubourenseatletismo.es\/blog\/wp-content\/uploads\/2016\/01\/HorariosFriol-144x144.jpg 144w\" sizes=\"auto, (max-width: 550px) 100vw, 550px\" \/><\/p>\n<p style=\"text-align: justify;\">Las pruebas Cadete y Juvenil son clasificatorias tanto para el <span style=\"text-decoration: underline;\">Campeonato de Espa\u00f1a de Cross por Equipos<\/span> (a nivel colectivo), como para el <span style=\"text-decoration: underline;\">Campeonato de Espa\u00f1a CSD de Cross por Selecciones Auton\u00f3micas<\/span>, y el objetivo de nuestros atletas ser\u00e1 el de intentar su clasificaci\u00f3n tanto para uno como para el otro: el a\u00f1o pasado nuestro equipo cadete femenino ya viaj\u00f3 al Nacional por equipos, y este a\u00f1o intentaremos meter a m\u00e1s equipos en el mismo. De igual forma, tendremos a alg\u00fan atleta luchando por las primeras posiciones individuales que les dar\u00e1 acceso a la Selecci\u00f3n Gallega, clasific\u00e1ndose directamente los tres primeros cadetes y los cuatro primeros juveniles.<\/p>\n<p style=\"text-align: justify;\"><span style=\"background-color: #ffff00;\"><span style=\"text-decoration: underline;\"><strong>NOTA<\/strong><\/span>: habr\u00e1 autob\u00fas para desplazarse, que saldr\u00e1 a las 8:00 de la ma\u00f1ana desde el Pabell\u00f3n de Os Remedios, con regreso al finalizar la competici\u00f3n. Se recomienda llevar algo de comer, y os recordamos que debeis ir documentados (DNI o Licencia RFEA) y llevar imperdibles para el dorsal.<\/span><\/p>\n<p style=\"text-align: center;\"><a class=\"fasc-button fasc-size-medium fasc-type-glossy fasc-rounded-medium fasc-ico-before dashicons-format-aside\" style=\"background-color: #218562; color: #ffffff;\" href=\"http:\/\/www.atletismogalego.org\/CIRCULARES\/Circular%202-2016.pdf\" target=\"_blank\" data-fasc-style=\"background-color:#218562;color:#ffffff;\">REG. MEMORIAL<\/a>\u00a0\u00a0\u00a0\u00a0\u00a0\u00a0\u00a0<a class=\"fasc-button fasc-size-medium fasc-type-glossy fasc-rounded-medium fasc-ico-before dashicons-format-aside\" style=\"background-color: #218562; color: #ffffff;\" href=\"http:\/\/www.atletismogalego.org\/CIRCULARES\/Circular%201-2016.pdf\" target=\"_blank\" data-fasc-style=\"background-color:#218562;color:#ffffff;\">REG. CAD-JUV<\/a>\u00a0\u00a0\u00a0\u00a0\u00a0\u00a0 <a class=\"fasc-button fasc-size-medium fasc-type-glossy fasc-rounded-medium fasc-ico-before dashicons-format-aside\" style=\"background-color: #218562; color: #ffffff;\" href=\"http:\/\/www.atletismogalego.org\/CIRCULARES\/Circular%203-2016.pdf\" target=\"_blank\" data-fasc-style=\"background-color:#218562;color:#ffffff;\">REG. CROSS CORTO<\/a><\/p>\n<p style=\"text-align: center;\"><a class=\"fasc-button fasc-size-medium fasc-type-glossy fasc-rounded-medium fasc-ico-before dashicons-groups\" style=\"background-color: #324994; color: #ffffff;\" href=\"http:\/\/www.atletismogalego.com\/insalejandrolorenzo.pdf\" target=\"_blank\" data-fasc-style=\"background-color:#324994;color:#ffffff;\">INSCRITOS MEMORIAL<\/a> \u00a0\u00a0\u00a0\u00a0\u00a0<a class=\"fasc-button fasc-size-medium fasc-type-glossy fasc-rounded-medium fasc-ico-before dashicons-groups\" style=\"background-color: #324994; color: #ffffff;\" href=\"http:\/\/www.atletismogalego.com\/inscadetexuvenil.pdf\" target=\"_blank\" data-fasc-style=\"background-color:#324994;color:#ffffff;\">INSCRITOS CAD-JUV<\/a> \u00a0\u00a0\u00a0 <a class=\"fasc-button fasc-size-medium fasc-type-glossy fasc-rounded-medium fasc-ico-before dashicons-groups\" style=\"background-color: #324994; color: #ffffff;\" href=\"http:\/\/www.atletismogalego.com\/inscrosscorto.pdf\" target=\"_blank\" data-fasc-style=\"background-color:#324994;color:#ffffff;\">INSCRITOS CORTO<\/a><\/p>\n<h3 style=\"text-align: justify;\"><span style=\"text-decoration: underline;\"><span style=\"color: #0000ff; text-decoration: underline;\">CPTO. DE ESPA\u00d1A FEDDI DE CAMPO A TRAV\u00c9S<\/span><\/span><\/h3>\n<p style=\"text-align: justify;\">Tambi\u00e9n tendremos representaci\u00f3n del Club en este campeonato nacional para deportistas con discapacidad (estrenando as\u00ed nuestra nueva secci\u00f3n). Santander acoge durante el fin de semana el Campeonato de Espa\u00f1a de Cross para deportistas con discapacidad intelectual. Hasta all\u00ed se desplazar\u00e1 nuestro atleta <strong><span style=\"color: #0000ff;\">Alejandro Montero<\/span><\/strong> junto con su entrenador, <strong><span style=\"color: #0000ff;\">Alfredo Gonz\u00e1lez<\/span><\/strong>, para tomar parte en la competici\u00f3n de aproximadamente 5000 metros, que se desarrollar\u00e1 en la ma\u00f1ana del s\u00e1bado. Nuestro representante acude con mucha ilusi\u00f3n, y seguro que lograr\u00e1 un gran resultado.<\/p>\n<p style=\"text-align: center;\"><a class=\"fasc-button fasc-size-medium fasc-type-glossy fasc-rounded-medium fasc-ico-before dashicons-format-aside\" style=\"background-color: #218562; color: #ffffff;\" href=\"http:\/\/www.feddi.org\/upload\/circulares\/CONVOCATORIA%20CTO%20ESPA\u00d1A%20DE%20CAMPO%20A%20TRAV\u00c9S,%20SANTANDER%202016.pdf\" target=\"_blank\" data-fasc-style=\"background-color:#218562;color:#ffffff;\">REGLAMENTO<\/a><\/p>\n","protected":false},"excerpt":{"rendered":"<p>El mes de enero finalizar\u00e1 este pr\u00f3ximo fin de semana con campo a trav\u00e9s. Por un lado, un buen n\u00famero de nuestros atletas se desplazar\u00e1n el domingo\u00a0hasta la localidad lucense de Friol para tomar parte, al igual que el pasado a\u00f1o, en tres competiciones: el&#8230;<\/p>\n","protected":false},"author":1,"featured_media":0,"comment_status":"closed","ping_status":"closed","sticky":false,"template":"","format":"standard","meta":{"footnotes":""},"categories":[5,6,8],"tags":[],"class_list":["post-4613","post","type-post","status-publish","format-standard","hentry","category-club","category-escuela","category-previa"],"aioseo_notices":[],"_links":{"self":[{"href":"https:\/\/clubourenseatletismo.es\/blog\/wp-json\/wp\/v2\/posts\/4613","targetHints":{"allow":["GET"]}}],"collection":[{"href":"https:\/\/clubourenseatletismo.es\/blog\/wp-json\/wp\/v2\/posts"}],"about":[{"href":"https:\/\/clubourenseatletismo.es\/blog\/wp-json\/wp\/v2\/types\/post"}],"author":[{"embeddable":true,"href":"https:\/\/clubourenseatletismo.es\/blog\/wp-json\/wp\/v2\/users\/1"}],"replies":[{"embeddable":true,"href":"https:\/\/clubourenseatletismo.es\/blog\/wp-json\/wp\/v2\/comments?post=4613"}],"version-history":[{"count":8,"href":"https:\/\/clubourenseatletismo.es\/blog\/wp-json\/wp\/v2\/posts\/4613\/revisions"}],"predecessor-version":[{"id":4623,"href":"https:\/\/clubourenseatletismo.es\/blog\/wp-json\/wp\/v2\/posts\/4613\/revisions\/4623"}],"wp:attachment":[{"href":"https:\/\/clubourenseatletismo.es\/blog\/wp-json\/wp\/v2\/media?parent=4613"}],"wp:term":[{"taxonomy":"category","embeddable":true,"href":"https:\/\/clubourenseatletismo.es\/blog\/wp-json\/wp\/v2\/categories?post=4613"},{"taxonomy":"post_tag","embeddable":true,"href":"https:\/\/clubourenseatletismo.es\/blog\/wp-json\/wp\/v2\/tags?post=4613"}],"curies":[{"name":"wp","href":"https:\/\/api.w.org\/{rel}","templated":true}]}}