{"id":4479,"date":"2015-12-31T14:51:35","date_gmt":"2015-12-31T13:51:35","guid":{"rendered":"http:\/\/clubourenseatletismo.es\/blog\/?p=4479"},"modified":"2016-01-01T21:23:15","modified_gmt":"2016-01-01T20:23:15","slug":"1a-jornada-copa-diputacion-inscripcion-y-nuevo-horario","status":"publish","type":"post","link":"https:\/\/clubourenseatletismo.es\/blog\/2015\/12\/31\/1a-jornada-copa-diputacion-inscripcion-y-nuevo-horario\/","title":{"rendered":"1\u00aa Jornada Copa Diputaci\u00f3n: inscripci\u00f3n y nuevo horario"},"content":{"rendered":"<p style=\"text-align: justify;\">Ya disponemos de datos de la <span style=\"text-decoration: underline; color: #000000;\"><strong>1\u00aa Jornada de la XXXIII Copa Diputaci\u00f3n<\/strong><\/span>, que se va a disputar en el M\u00f3dulo Cubierto del Pabell\u00f3n de Os Remedios este s\u00e1bado.<\/p>\n<div style=\"width: 610px\" class=\"wp-caption aligncenter\"><a href=\"http:\/\/www.fgatletismo.es\/ourense\/wp-content\/uploads\/Copa%20Diputacion%202016%20-%20Calendario%281%29.png\" target=\"_blank\"><img loading=\"lazy\" decoding=\"async\" src=\"http:\/\/www.fgatletismo.es\/ourense\/wp-content\/uploads\/Copa%20Diputacion%202016%20-%20Calendario%281%29.png\" alt=\"\" width=\"600\" height=\"425\" \/><\/a><p class=\"wp-caption-text\"><em><span style=\"color: #0000ff;\">Cartel de la XXXIII Copa Diputaci\u00f3n<\/span><\/em><\/p><\/div>\n<p style=\"text-align: justify;\">Tras las inscripciones recibidas, se modifica el horario al no haber altetas inscritos para alguna prueba masculina de vallas, adelant\u00e1ndose el resto de pruebas. En los enlaces a continuaci\u00f3n podeis encontrar el nuevo horario y la lista de atletas inscritos.<\/p>\n<p style=\"text-align: center;\"><a class=\"fasc-button fasc-size-medium fasc-type-glossy fasc-rounded-medium fasc-ico-before dashicons-format-aside\" style=\"background-color: #218562; color: #ffffff;\" href=\"http:\/\/www.fgatletismo.es\/ourense\/wp-content\/uploads\/2016-01-02%201%20Xornada%20XXXIII%20Copa%20Deputacion%20OURENSE%20RECTIFICADO.pdf\" target=\"_blank\" data-fasc-style=\"background-color:#218562;color:#ffffff;\">HORARIO (<em>modificado<\/em>)<\/a> \u00a0\u00a0\u00a0\u00a0\u00a0\u00a0\u00a0\u00a0 <a class=\"fasc-button fasc-size-medium fasc-type-glossy fasc-rounded-medium fasc-ico-before dashicons-groups\" style=\"background-color: #324994; color: #ffffff;\" href=\"http:\/\/www.fgatletismo.es\/ourense\/wp-content\/uploads\/2016-01-02%20Listado%20Inscritos%201%20Xornada%20Copa%20Deputacion.pdf\" target=\"_blank\" data-fasc-style=\"background-color:#324994;color:#ffffff;\">INSCRITOS<\/a><\/p>\n<p style=\"text-align: justify;\">El domingo dar\u00e1 tambi\u00e9n inicio el <span style=\"color: #000000; text-decoration: underline;\"><strong>I Circuito Series Municipales de Atletismo<\/strong><\/span>, que se disputa en Vigo a lo largo de ocho jornadas repartidas por toda la temporada. La primera jornada prev\u00e9 la disputa de un buen n\u00famero de pruebas, dando comienzo a las 10:30 horas de la ma\u00f1ana.<\/p>\n<p style=\"text-align: center;\"><a class=\"fasc-button fasc-size-medium fasc-type-glossy fasc-rounded-medium fasc-ico-before dashicons-format-aside\" style=\"background-color: #218562; color: #ffffff;\" href=\"http:\/\/www.atletismogalego.com\/hv030116.pdf\" target=\"_blank\" data-fasc-style=\"background-color:#218562;color:#ffffff;\">HORARIO<\/a>\u00a0\u00a0\u00a0\u00a0\u00a0\u00a0\u00a0\u00a0 <a class=\"fasc-button fasc-size-medium fasc-type-glossy fasc-rounded-medium fasc-ico-before dashicons-groups\" style=\"background-color: #324994; color: #ffffff;\" href=\"http:\/\/www.atletismogalego.com\/insvigo030116.pdf\" target=\"_blank\" data-fasc-style=\"background-color:#324994;color:#ffffff;\">INSCRITOS<\/a><\/p>\n","protected":false},"excerpt":{"rendered":"<p>Ya disponemos de datos de la 1\u00aa Jornada de la XXXIII Copa Diputaci\u00f3n, que se va a disputar en el M\u00f3dulo Cubierto del Pabell\u00f3n de Os Remedios este s\u00e1bado. Tras las inscripciones recibidas, se modifica el horario al no haber altetas inscritos para alguna prueba&#8230;<\/p>\n","protected":false},"author":1,"featured_media":0,"comment_status":"closed","ping_status":"closed","sticky":false,"template":"","format":"standard","meta":{"footnotes":""},"categories":[5,7,8],"tags":[],"class_list":["post-4479","post","type-post","status-publish","format-standard","hentry","category-club","category-noticias","category-previa"],"aioseo_notices":[],"aioseo_head":"\n\t\t<!-- All in One SEO 5.0.1.1 - aioseo.com -->\n\t<meta name=\"description\" content=\"Ya disponemos de datos de la 1\u00aa Jornada de la XXXIII Copa Diputaci\u00f3n, que se va a disputar en el M\u00f3dulo Cubierto del Pabell\u00f3n de Os Remedios este s\u00e1bado. Tras las inscripciones recibidas, se modifica el horario al no haber altetas inscritos para alguna prueba masculina de vallas, adelant\u00e1ndose el resto de pruebas. En los\" \/>\n\t<meta name=\"robots\" content=\"max-image-preview:large\" \/>\n\t<meta name=\"author\" content=\"clubourense\"\/>\n\t<link rel=\"canonical\" href=\"https:\/\/clubourenseatletismo.es\/blog\/2015\/12\/31\/1a-jornada-copa-diputacion-inscripcion-y-nuevo-horario\/\" \/>\n\t<meta name=\"generator\" content=\"All in One SEO (AIOSEO) 5.0.1.1\" \/>\n\t\t<meta property=\"og:locale\" content=\"es_ES\" \/>\n\t\t<meta property=\"og:site_name\" content=\"Club Ourense Atletismo | Escuela Ourense Atletismo\" \/>\n\t\t<meta property=\"og:type\" content=\"article\" \/>\n\t\t<meta property=\"og:title\" content=\"1\u00aa Jornada Copa Diputaci\u00f3n: inscripci\u00f3n y nuevo horario | Club Ourense Atletismo\" \/>\n\t\t<meta property=\"og:description\" content=\"Ya disponemos de datos de la 1\u00aa Jornada de la XXXIII Copa Diputaci\u00f3n, que se va a disputar en el M\u00f3dulo Cubierto del Pabell\u00f3n de Os Remedios este s\u00e1bado. Tras las inscripciones recibidas, se modifica el horario al no haber altetas inscritos para alguna prueba masculina de vallas, adelant\u00e1ndose el resto de pruebas. En los\" \/>\n\t\t<meta property=\"og:url\" content=\"https:\/\/clubourenseatletismo.es\/blog\/2015\/12\/31\/1a-jornada-copa-diputacion-inscripcion-y-nuevo-horario\/\" \/>\n\t\t<meta property=\"article:published_time\" content=\"2015-12-31T13:51:35+00:00\" \/>\n\t\t<meta property=\"article:modified_time\" content=\"2016-01-01T20:23:15+00:00\" \/>\n\t\t<meta property=\"article:publisher\" content=\"https:\/\/www.facebook.com\/profile.php?id=100063516489280\" \/>\n\t\t<meta name=\"twitter:card\" content=\"summary\" \/>\n\t\t<meta name=\"twitter:title\" content=\"1\u00aa Jornada Copa Diputaci\u00f3n: inscripci\u00f3n y nuevo horario | Club Ourense Atletismo\" \/>\n\t\t<meta name=\"twitter:description\" content=\"Ya disponemos de datos de la 1\u00aa Jornada de la XXXIII Copa Diputaci\u00f3n, que se va a disputar en el M\u00f3dulo Cubierto del Pabell\u00f3n de Os Remedios este s\u00e1bado. Tras las inscripciones recibidas, se modifica el horario al no haber altetas inscritos para alguna prueba masculina de vallas, adelant\u00e1ndose el resto de pruebas. En los\" \/>\n\t\t<script type=\"application\/ld+json\" class=\"aioseo-schema\">\n\t\t\t{\"@context\":\"https:\\\/\\\/schema.org\",\"@graph\":[{\"@type\":\"Article\",\"@id\":\"https:\\\/\\\/clubourenseatletismo.es\\\/blog\\\/2015\\\/12\\\/31\\\/1a-jornada-copa-diputacion-inscripcion-y-nuevo-horario\\\/#article\",\"name\":\"1\\u00aa Jornada Copa Diputaci\\u00f3n: inscripci\\u00f3n y nuevo horario | Club Ourense Atletismo\",\"headline\":\"1\\u00aa Jornada Copa Diputaci\\u00f3n: inscripci\\u00f3n y nuevo horario\",\"author\":{\"@id\":\"https:\\\/\\\/clubourenseatletismo.es\\\/blog\\\/author\\\/clubourense\\\/#author\"},\"publisher\":{\"@id\":\"https:\\\/\\\/clubourenseatletismo.es\\\/blog\\\/#organization\"},\"image\":{\"@type\":\"ImageObject\",\"url\":\"http:\\\/\\\/www.fgatletismo.es\\\/ourense\\\/wp-content\\\/uploads\\\/Copa%20Diputacion%202016%20-%20Calendario%281%29.png\",\"@id\":\"https:\\\/\\\/clubourenseatletismo.es\\\/blog\\\/2015\\\/12\\\/31\\\/1a-jornada-copa-diputacion-inscripcion-y-nuevo-horario\\\/#articleImage\"},\"datePublished\":\"2015-12-31T14:51:35+01:00\",\"dateModified\":\"2016-01-01T21:23:15+01:00\",\"inLanguage\":\"es-ES\",\"mainEntityOfPage\":{\"@id\":\"https:\\\/\\\/clubourenseatletismo.es\\\/blog\\\/2015\\\/12\\\/31\\\/1a-jornada-copa-diputacion-inscripcion-y-nuevo-horario\\\/#webpage\"},\"isPartOf\":{\"@id\":\"https:\\\/\\\/clubourenseatletismo.es\\\/blog\\\/2015\\\/12\\\/31\\\/1a-jornada-copa-diputacion-inscripcion-y-nuevo-horario\\\/#webpage\"},\"articleSection\":\"Club, Noticias, Previa\"},{\"@type\":\"BreadcrumbList\",\"@id\":\"https:\\\/\\\/clubourenseatletismo.es\\\/blog\\\/2015\\\/12\\\/31\\\/1a-jornada-copa-diputacion-inscripcion-y-nuevo-horario\\\/#breadcrumblist\",\"itemListElement\":[{\"@type\":\"ListItem\",\"@id\":\"https:\\\/\\\/clubourenseatletismo.es\\\/blog#listItem\",\"position\":1,\"name\":\"Inicio\",\"item\":\"https:\\\/\\\/clubourenseatletismo.es\\\/blog\",\"nextItem\":{\"@type\":\"ListItem\",\"@id\":\"https:\\\/\\\/clubourenseatletismo.es\\\/blog\\\/category\\\/club\\\/#listItem\",\"name\":\"Club\"}},{\"@type\":\"ListItem\",\"@id\":\"https:\\\/\\\/clubourenseatletismo.es\\\/blog\\\/category\\\/club\\\/#listItem\",\"position\":2,\"name\":\"Club\",\"item\":\"https:\\\/\\\/clubourenseatletismo.es\\\/blog\\\/category\\\/club\\\/\",\"nextItem\":{\"@type\":\"ListItem\",\"@id\":\"https:\\\/\\\/clubourenseatletismo.es\\\/blog\\\/2015\\\/12\\\/31\\\/1a-jornada-copa-diputacion-inscripcion-y-nuevo-horario\\\/#listItem\",\"name\":\"1\\u00aa Jornada Copa Diputaci\\u00f3n: inscripci\\u00f3n y nuevo horario\"},\"previousItem\":{\"@type\":\"ListItem\",\"@id\":\"https:\\\/\\\/clubourenseatletismo.es\\\/blog#listItem\",\"name\":\"Inicio\"}},{\"@type\":\"ListItem\",\"@id\":\"https:\\\/\\\/clubourenseatletismo.es\\\/blog\\\/2015\\\/12\\\/31\\\/1a-jornada-copa-diputacion-inscripcion-y-nuevo-horario\\\/#listItem\",\"position\":3,\"name\":\"1\\u00aa Jornada Copa Diputaci\\u00f3n: inscripci\\u00f3n y nuevo horario\",\"previousItem\":{\"@type\":\"ListItem\",\"@id\":\"https:\\\/\\\/clubourenseatletismo.es\\\/blog\\\/category\\\/club\\\/#listItem\",\"name\":\"Club\"}}]},{\"@type\":\"Organization\",\"@id\":\"https:\\\/\\\/clubourenseatletismo.es\\\/blog\\\/#organization\",\"name\":\"Club Ourense Atletismo\",\"description\":\"Escuela Ourense Atletismo\",\"url\":\"https:\\\/\\\/clubourenseatletismo.es\\\/blog\\\/\",\"telephone\":\"+34637157458\",\"logo\":{\"@type\":\"ImageObject\",\"url\":\"https:\\\/\\\/clubourenseatletismo.es\\\/blog\\\/wp-content\\\/uploads\\\/2019\\\/09\\\/cropped-LOGO-1.jpeg\",\"@id\":\"https:\\\/\\\/clubourenseatletismo.es\\\/blog\\\/2015\\\/12\\\/31\\\/1a-jornada-copa-diputacion-inscripcion-y-nuevo-horario\\\/#organizationLogo\",\"width\":512,\"height\":512},\"image\":{\"@id\":\"https:\\\/\\\/clubourenseatletismo.es\\\/blog\\\/2015\\\/12\\\/31\\\/1a-jornada-copa-diputacion-inscripcion-y-nuevo-horario\\\/#organizationLogo\"},\"sameAs\":[\"https:\\\/\\\/www.facebook.com\\\/profile.php?id=100063516489280\",\"https:\\\/\\\/www.instagram.com\\\/clubourenseatletismo\\\/\"]},{\"@type\":\"Person\",\"@id\":\"https:\\\/\\\/clubourenseatletismo.es\\\/blog\\\/author\\\/clubourense\\\/#author\",\"url\":\"https:\\\/\\\/clubourenseatletismo.es\\\/blog\\\/author\\\/clubourense\\\/\",\"name\":\"clubourense\",\"image\":{\"@type\":\"ImageObject\",\"@id\":\"https:\\\/\\\/clubourenseatletismo.es\\\/blog\\\/2015\\\/12\\\/31\\\/1a-jornada-copa-diputacion-inscripcion-y-nuevo-horario\\\/#authorImage\",\"url\":\"https:\\\/\\\/secure.gravatar.com\\\/avatar\\\/054ff0256550e5d1d577fa683a74658acb2f33f773051c5f2e6e8de910594748?s=96&d=mm&r=g\",\"width\":96,\"height\":96,\"caption\":\"clubourense\"}},{\"@type\":\"WebPage\",\"@id\":\"https:\\\/\\\/clubourenseatletismo.es\\\/blog\\\/2015\\\/12\\\/31\\\/1a-jornada-copa-diputacion-inscripcion-y-nuevo-horario\\\/#webpage\",\"url\":\"https:\\\/\\\/clubourenseatletismo.es\\\/blog\\\/2015\\\/12\\\/31\\\/1a-jornada-copa-diputacion-inscripcion-y-nuevo-horario\\\/\",\"name\":\"1\\u00aa Jornada Copa Diputaci\\u00f3n: inscripci\\u00f3n y nuevo horario | Club Ourense Atletismo\",\"description\":\"Ya disponemos de datos de la 1\\u00aa Jornada de la XXXIII Copa Diputaci\\u00f3n, que se va a disputar en el M\\u00f3dulo Cubierto del Pabell\\u00f3n de Os Remedios este s\\u00e1bado. Tras las inscripciones recibidas, se modifica el horario al no haber altetas inscritos para alguna prueba masculina de vallas, adelant\\u00e1ndose el resto de pruebas. En los\",\"inLanguage\":\"es-ES\",\"isPartOf\":{\"@id\":\"https:\\\/\\\/clubourenseatletismo.es\\\/blog\\\/#website\"},\"breadcrumb\":{\"@id\":\"https:\\\/\\\/clubourenseatletismo.es\\\/blog\\\/2015\\\/12\\\/31\\\/1a-jornada-copa-diputacion-inscripcion-y-nuevo-horario\\\/#breadcrumblist\"},\"author\":{\"@id\":\"https:\\\/\\\/clubourenseatletismo.es\\\/blog\\\/author\\\/clubourense\\\/#author\"},\"creator\":{\"@id\":\"https:\\\/\\\/clubourenseatletismo.es\\\/blog\\\/author\\\/clubourense\\\/#author\"},\"datePublished\":\"2015-12-31T14:51:35+01:00\",\"dateModified\":\"2016-01-01T21:23:15+01:00\"},{\"@type\":\"WebSite\",\"@id\":\"https:\\\/\\\/clubourenseatletismo.es\\\/blog\\\/#website\",\"url\":\"https:\\\/\\\/clubourenseatletismo.es\\\/blog\\\/\",\"name\":\"Club Ourense Atletismo\",\"description\":\"Escuela Ourense Atletismo\",\"inLanguage\":\"es-ES\",\"publisher\":{\"@id\":\"https:\\\/\\\/clubourenseatletismo.es\\\/blog\\\/#organization\"}}]}\n\t\t<\/script>\n\t\t<!-- All in One SEO -->\n\n","aioseo_head_json":{"title":"1\u00aa Jornada Copa Diputaci\u00f3n: inscripci\u00f3n y nuevo horario | Club Ourense Atletismo","description":"Ya disponemos de datos de la 1\u00aa Jornada de la XXXIII Copa Diputaci\u00f3n, que se va a disputar en el M\u00f3dulo Cubierto del Pabell\u00f3n de Os Remedios este s\u00e1bado. Tras las inscripciones recibidas, se modifica el horario al no haber altetas inscritos para alguna prueba masculina de vallas, adelant\u00e1ndose el resto de pruebas. En los","canonical_url":"https:\/\/clubourenseatletismo.es\/blog\/2015\/12\/31\/1a-jornada-copa-diputacion-inscripcion-y-nuevo-horario\/","robots":"max-image-preview:large","keywords":"","webmasterTools":{"miscellaneous":""},"schema":{"@context":"https:\/\/schema.org","@graph":[{"@type":"Article","@id":"https:\/\/clubourenseatletismo.es\/blog\/2015\/12\/31\/1a-jornada-copa-diputacion-inscripcion-y-nuevo-horario\/#article","name":"1\u00aa Jornada Copa Diputaci\u00f3n: inscripci\u00f3n y nuevo horario | Club Ourense Atletismo","headline":"1\u00aa Jornada Copa Diputaci\u00f3n: inscripci\u00f3n y nuevo horario","author":{"@id":"https:\/\/clubourenseatletismo.es\/blog\/author\/clubourense\/#author"},"publisher":{"@id":"https:\/\/clubourenseatletismo.es\/blog\/#organization"},"image":{"@type":"ImageObject","url":"http:\/\/www.fgatletismo.es\/ourense\/wp-content\/uploads\/Copa%20Diputacion%202016%20-%20Calendario%281%29.png","@id":"https:\/\/clubourenseatletismo.es\/blog\/2015\/12\/31\/1a-jornada-copa-diputacion-inscripcion-y-nuevo-horario\/#articleImage"},"datePublished":"2015-12-31T14:51:35+01:00","dateModified":"2016-01-01T21:23:15+01:00","inLanguage":"es-ES","mainEntityOfPage":{"@id":"https:\/\/clubourenseatletismo.es\/blog\/2015\/12\/31\/1a-jornada-copa-diputacion-inscripcion-y-nuevo-horario\/#webpage"},"isPartOf":{"@id":"https:\/\/clubourenseatletismo.es\/blog\/2015\/12\/31\/1a-jornada-copa-diputacion-inscripcion-y-nuevo-horario\/#webpage"},"articleSection":"Club, Noticias, Previa"},{"@type":"BreadcrumbList","@id":"https:\/\/clubourenseatletismo.es\/blog\/2015\/12\/31\/1a-jornada-copa-diputacion-inscripcion-y-nuevo-horario\/#breadcrumblist","itemListElement":[{"@type":"ListItem","@id":"https:\/\/clubourenseatletismo.es\/blog#listItem","position":1,"name":"Inicio","item":"https:\/\/clubourenseatletismo.es\/blog","nextItem":{"@type":"ListItem","@id":"https:\/\/clubourenseatletismo.es\/blog\/category\/club\/#listItem","name":"Club"}},{"@type":"ListItem","@id":"https:\/\/clubourenseatletismo.es\/blog\/category\/club\/#listItem","position":2,"name":"Club","item":"https:\/\/clubourenseatletismo.es\/blog\/category\/club\/","nextItem":{"@type":"ListItem","@id":"https:\/\/clubourenseatletismo.es\/blog\/2015\/12\/31\/1a-jornada-copa-diputacion-inscripcion-y-nuevo-horario\/#listItem","name":"1\u00aa Jornada Copa Diputaci\u00f3n: inscripci\u00f3n y nuevo horario"},"previousItem":{"@type":"ListItem","@id":"https:\/\/clubourenseatletismo.es\/blog#listItem","name":"Inicio"}},{"@type":"ListItem","@id":"https:\/\/clubourenseatletismo.es\/blog\/2015\/12\/31\/1a-jornada-copa-diputacion-inscripcion-y-nuevo-horario\/#listItem","position":3,"name":"1\u00aa Jornada Copa Diputaci\u00f3n: inscripci\u00f3n y nuevo horario","previousItem":{"@type":"ListItem","@id":"https:\/\/clubourenseatletismo.es\/blog\/category\/club\/#listItem","name":"Club"}}]},{"@type":"Organization","@id":"https:\/\/clubourenseatletismo.es\/blog\/#organization","name":"Club Ourense Atletismo","description":"Escuela Ourense Atletismo","url":"https:\/\/clubourenseatletismo.es\/blog\/","telephone":"+34637157458","logo":{"@type":"ImageObject","url":"https:\/\/clubourenseatletismo.es\/blog\/wp-content\/uploads\/2019\/09\/cropped-LOGO-1.jpeg","@id":"https:\/\/clubourenseatletismo.es\/blog\/2015\/12\/31\/1a-jornada-copa-diputacion-inscripcion-y-nuevo-horario\/#organizationLogo","width":512,"height":512},"image":{"@id":"https:\/\/clubourenseatletismo.es\/blog\/2015\/12\/31\/1a-jornada-copa-diputacion-inscripcion-y-nuevo-horario\/#organizationLogo"},"sameAs":["https:\/\/www.facebook.com\/profile.php?id=100063516489280","https:\/\/www.instagram.com\/clubourenseatletismo\/"]},{"@type":"Person","@id":"https:\/\/clubourenseatletismo.es\/blog\/author\/clubourense\/#author","url":"https:\/\/clubourenseatletismo.es\/blog\/author\/clubourense\/","name":"clubourense","image":{"@type":"ImageObject","@id":"https:\/\/clubourenseatletismo.es\/blog\/2015\/12\/31\/1a-jornada-copa-diputacion-inscripcion-y-nuevo-horario\/#authorImage","url":"https:\/\/secure.gravatar.com\/avatar\/054ff0256550e5d1d577fa683a74658acb2f33f773051c5f2e6e8de910594748?s=96&d=mm&r=g","width":96,"height":96,"caption":"clubourense"}},{"@type":"WebPage","@id":"https:\/\/clubourenseatletismo.es\/blog\/2015\/12\/31\/1a-jornada-copa-diputacion-inscripcion-y-nuevo-horario\/#webpage","url":"https:\/\/clubourenseatletismo.es\/blog\/2015\/12\/31\/1a-jornada-copa-diputacion-inscripcion-y-nuevo-horario\/","name":"1\u00aa Jornada Copa Diputaci\u00f3n: inscripci\u00f3n y nuevo horario | Club Ourense Atletismo","description":"Ya disponemos de datos de la 1\u00aa Jornada de la XXXIII Copa Diputaci\u00f3n, que se va a disputar en el M\u00f3dulo Cubierto del Pabell\u00f3n de Os Remedios este s\u00e1bado. Tras las inscripciones recibidas, se modifica el horario al no haber altetas inscritos para alguna prueba masculina de vallas, adelant\u00e1ndose el resto de pruebas. En los","inLanguage":"es-ES","isPartOf":{"@id":"https:\/\/clubourenseatletismo.es\/blog\/#website"},"breadcrumb":{"@id":"https:\/\/clubourenseatletismo.es\/blog\/2015\/12\/31\/1a-jornada-copa-diputacion-inscripcion-y-nuevo-horario\/#breadcrumblist"},"author":{"@id":"https:\/\/clubourenseatletismo.es\/blog\/author\/clubourense\/#author"},"creator":{"@id":"https:\/\/clubourenseatletismo.es\/blog\/author\/clubourense\/#author"},"datePublished":"2015-12-31T14:51:35+01:00","dateModified":"2016-01-01T21:23:15+01:00"},{"@type":"WebSite","@id":"https:\/\/clubourenseatletismo.es\/blog\/#website","url":"https:\/\/clubourenseatletismo.es\/blog\/","name":"Club Ourense Atletismo","description":"Escuela Ourense Atletismo","inLanguage":"es-ES","publisher":{"@id":"https:\/\/clubourenseatletismo.es\/blog\/#organization"}}]},"og:locale":"es_ES","og:site_name":"Club Ourense Atletismo | Escuela Ourense Atletismo","og:type":"article","og:title":"1\u00aa Jornada Copa Diputaci\u00f3n: inscripci\u00f3n y nuevo horario | Club Ourense Atletismo","og:description":"Ya disponemos de datos de la 1\u00aa Jornada de la XXXIII Copa Diputaci\u00f3n, que se va a disputar en el M\u00f3dulo Cubierto del Pabell\u00f3n de Os Remedios este s\u00e1bado. Tras las inscripciones recibidas, se modifica el horario al no haber altetas inscritos para alguna prueba masculina de vallas, adelant\u00e1ndose el resto de pruebas. En los","og:url":"https:\/\/clubourenseatletismo.es\/blog\/2015\/12\/31\/1a-jornada-copa-diputacion-inscripcion-y-nuevo-horario\/","article:published_time":"2015-12-31T13:51:35+00:00","article:modified_time":"2016-01-01T20:23:15+00:00","article:publisher":"https:\/\/www.facebook.com\/profile.php?id=100063516489280","twitter:card":"summary","twitter:title":"1\u00aa Jornada Copa Diputaci\u00f3n: inscripci\u00f3n y nuevo horario | Club Ourense Atletismo","twitter:description":"Ya disponemos de datos de la 1\u00aa Jornada de la XXXIII Copa Diputaci\u00f3n, que se va a disputar en el M\u00f3dulo Cubierto del Pabell\u00f3n de Os Remedios este s\u00e1bado. Tras las inscripciones recibidas, se modifica el horario al no haber altetas inscritos para alguna prueba masculina de vallas, adelant\u00e1ndose el resto de pruebas. En los"},"aioseo_meta_data":{"post_id":"4479","title":null,"description":null,"keywords":null,"keyphrases":null,"primary_term":null,"canonical_url":null,"og_title":null,"og_description":null,"og_object_type":"default","og_image_type":"default","og_image_url":null,"og_image_width":null,"og_image_height":null,"og_image_custom_url":null,"og_image_custom_fields":null,"og_video":null,"og_custom_url":null,"og_article_section":null,"og_article_tags":null,"twitter_use_og":false,"twitter_card":"default","twitter_image_type":"default","twitter_image_url":null,"twitter_image_custom_url":null,"twitter_image_custom_fields":null,"twitter_title":null,"twitter_description":null,"schema":{"blockGraphs":[],"customGraphs":[],"default":{"data":{"Article":[],"Course":[],"Dataset":[],"FAQPage":[],"Movie":[],"Person":[],"Product":[],"ProductReview":[],"Car":[],"Recipe":[],"Service":[],"SoftwareApplication":[],"WebPage":[]},"graphName":"","isEnabled":true},"graphs":[]},"schema_type":null,"schema_type_options":null,"pillar_content":false,"robots_default":true,"robots_noindex":false,"robots_noarchive":false,"robots_nosnippet":false,"robots_nofollow":false,"robots_noimageindex":false,"robots_noodp":false,"robots_notranslate":false,"robots_max_snippet":null,"robots_max_videopreview":null,"robots_max_imagepreview":"large","priority":null,"frequency":null,"location":null,"local_seo":null,"breadcrumb_settings":null,"limit_modified_date":false,"ai":null,"created":"2020-12-24 11:24:06","updated":"2022-09-17 21:51:16","seo_analyzer_scan_date":null,"focus_keyword":null,"additional_keywords":null,"truseo_locale":null},"aioseo_breadcrumb":"<div class=\"aioseo-breadcrumbs\"><span class=\"aioseo-breadcrumb\">\n\t\t\t<a href=\"https:\/\/clubourenseatletismo.es\/blog\" title=\"Inicio\">Inicio<\/a>\n\t\t<\/span><span class=\"aioseo-breadcrumb-separator\">&raquo;<\/span><span class=\"aioseo-breadcrumb\">\n\t\t\t<a href=\"https:\/\/clubourenseatletismo.es\/blog\/category\/club\/\" title=\"Club\">Club<\/a>\n\t\t<\/span><span class=\"aioseo-breadcrumb-separator\">&raquo;<\/span><span class=\"aioseo-breadcrumb\">\n\t\t\t1\u00aa Jornada Copa Diputaci\u00f3n: inscripci\u00f3n y nuevo horario\n\t\t<\/span><\/div>","aioseo_breadcrumb_json":[{"label":"Inicio","link":"https:\/\/clubourenseatletismo.es\/blog"},{"label":"Club","link":"https:\/\/clubourenseatletismo.es\/blog\/category\/club\/"},{"label":"1\u00aa Jornada Copa Diputaci\u00f3n: inscripci\u00f3n y nuevo horario","link":"https:\/\/clubourenseatletismo.es\/blog\/2015\/12\/31\/1a-jornada-copa-diputacion-inscripcion-y-nuevo-horario\/"}],"_links":{"self":[{"href":"https:\/\/clubourenseatletismo.es\/blog\/wp-json\/wp\/v2\/posts\/4479","targetHints":{"allow":["GET"]}}],"collection":[{"href":"https:\/\/clubourenseatletismo.es\/blog\/wp-json\/wp\/v2\/posts"}],"about":[{"href":"https:\/\/clubourenseatletismo.es\/blog\/wp-json\/wp\/v2\/types\/post"}],"author":[{"embeddable":true,"href":"https:\/\/clubourenseatletismo.es\/blog\/wp-json\/wp\/v2\/users\/1"}],"replies":[{"embeddable":true,"href":"https:\/\/clubourenseatletismo.es\/blog\/wp-json\/wp\/v2\/comments?post=4479"}],"version-history":[{"count":8,"href":"https:\/\/clubourenseatletismo.es\/blog\/wp-json\/wp\/v2\/posts\/4479\/revisions"}],"predecessor-version":[{"id":4487,"href":"https:\/\/clubourenseatletismo.es\/blog\/wp-json\/wp\/v2\/posts\/4479\/revisions\/4487"}],"wp:attachment":[{"href":"https:\/\/clubourenseatletismo.es\/blog\/wp-json\/wp\/v2\/media?parent=4479"}],"wp:term":[{"taxonomy":"category","embeddable":true,"href":"https:\/\/clubourenseatletismo.es\/blog\/wp-json\/wp\/v2\/categories?post=4479"},{"taxonomy":"post_tag","embeddable":true,"href":"https:\/\/clubourenseatletismo.es\/blog\/wp-json\/wp\/v2\/tags?post=4479"}],"curies":[{"name":"wp","href":"https:\/\/api.w.org\/{rel}","templated":true}]}}