{"id":4105,"date":"2015-07-21T08:49:02","date_gmt":"2015-07-21T06:49:02","guid":{"rendered":"http:\/\/clubourenseatletismo.es\/blog\/?p=4105"},"modified":"2015-07-21T08:49:02","modified_gmt":"2015-07-21T06:49:02","slug":"elena-freiria-a-la-seleccion-absoluta","status":"publish","type":"post","link":"https:\/\/clubourenseatletismo.es\/blog\/2015\/07\/21\/elena-freiria-a-la-seleccion-absoluta\/","title":{"rendered":"Elena Freir\u00eda, a la Selecci\u00f3n Absoluta"},"content":{"rendered":"<div id=\"attachment_4107\" style=\"width: 210px\" class=\"wp-caption alignleft\"><img loading=\"lazy\" decoding=\"async\" aria-describedby=\"caption-attachment-4107\" class=\" wp-image-4107\" src=\"http:\/\/clubourenseatletismo.es\/blog\/wp-content\/uploads\/2015\/07\/elena.gif\" alt=\"Elena Freir\u00eda\" width=\"200\" height=\"287\" \/><p id=\"caption-attachment-4107\" class=\"wp-caption-text\"><span style=\"color: #0000ff;\">Elena Freir\u00eda<\/span><\/p><\/div>\n<p style=\"text-align: justify;\">Nuestra saltadora juvenil <span style=\"color: #0000ff;\"><strong>Elena Freir\u00eda<\/strong><\/span> ha sido convocada por la FGA para tomar parte en la prueba de triple salto del <span style=\"text-decoration: underline; color: #000000;\"><strong>Campeonato de Espa\u00f1a de Federaciones Auton\u00f3micas<\/strong><\/span> con la Selecci\u00f3n Gallega Absoluta, tras su victoria en el reciente Campeonato Gallego disputado en las pistas Josefina Salgado, en Pereiro de Aguiar.<\/p>\n<p style=\"text-align: justify;\">Elena consigui\u00f3 vencer en la prueba gracias a un mejor intento de 11,24 metros que, adem\u00e1s, supusieron mejor marca personal.<\/p>\n<p style=\"text-align: justify;\">La competici\u00f3n se desarrollar\u00e1 en la localidad asturiana de Gij\u00f3n, el s\u00e1bado d\u00eda 25, en doble jornada de ma\u00f1ana y tarde, estando programado el triple femenino a las 10:00 horas de la ma\u00f1ana.<\/p>\n<p style=\"text-align: center;\"><a class=\"fasc-button fasc-size-medium fasc-type-glossy fasc-rounded-medium fasc-ico-before dashicons-format-aside\" style=\"background-color: #218562; color: #ffffff;\" href=\"http:\/\/www.atletismogalego.org\/CIRCULARES\/Circular52-2015.pdf\" target=\"_blank\" data-fasc-style=\"background-color:#218562;color:#ffffff;\">CIRCULAR FGA<\/a> \u00a0\u00a0\u00a0\u00a0\u00a0\u00a0\u00a0\u00a0 <a class=\"fasc-button fasc-size-medium fasc-type-glossy fasc-rounded-medium fasc-ico-before dashicons-format-aside\" style=\"background-color: #218562; color: #ffffff;\" href=\"http:\/\/www.rfea.es\/normas\/pdf\/reglamento2015\/08_fed_autonomicas.pdf\" target=\"_blank\" data-fasc-style=\"background-color:#218562;color:#ffffff;\">REGLAMENTO<\/a><\/p>\n","protected":false},"excerpt":{"rendered":"<p>Nuestra saltadora juvenil Elena Freir\u00eda ha sido convocada por la FGA para tomar parte en la prueba de triple salto del Campeonato de Espa\u00f1a de Federaciones Auton\u00f3micas con la Selecci\u00f3n Gallega Absoluta, tras su victoria en el reciente Campeonato Gallego disputado en las pistas Josefina&#8230;<\/p>\n","protected":false},"author":1,"featured_media":0,"comment_status":"closed","ping_status":"closed","sticky":false,"template":"","format":"standard","meta":{"footnotes":""},"categories":[5,11,7,22],"tags":[],"class_list":["post-4105","post","type-post","status-publish","format-standard","hentry","category-club","category-cpto-nacional","category-noticias","category-seleccion-gal"],"aioseo_notices":[],"_links":{"self":[{"href":"https:\/\/clubourenseatletismo.es\/blog\/wp-json\/wp\/v2\/posts\/4105","targetHints":{"allow":["GET"]}}],"collection":[{"href":"https:\/\/clubourenseatletismo.es\/blog\/wp-json\/wp\/v2\/posts"}],"about":[{"href":"https:\/\/clubourenseatletismo.es\/blog\/wp-json\/wp\/v2\/types\/post"}],"author":[{"embeddable":true,"href":"https:\/\/clubourenseatletismo.es\/blog\/wp-json\/wp\/v2\/users\/1"}],"replies":[{"embeddable":true,"href":"https:\/\/clubourenseatletismo.es\/blog\/wp-json\/wp\/v2\/comments?post=4105"}],"version-history":[{"count":3,"href":"https:\/\/clubourenseatletismo.es\/blog\/wp-json\/wp\/v2\/posts\/4105\/revisions"}],"predecessor-version":[{"id":4110,"href":"https:\/\/clubourenseatletismo.es\/blog\/wp-json\/wp\/v2\/posts\/4105\/revisions\/4110"}],"wp:attachment":[{"href":"https:\/\/clubourenseatletismo.es\/blog\/wp-json\/wp\/v2\/media?parent=4105"}],"wp:term":[{"taxonomy":"category","embeddable":true,"href":"https:\/\/clubourenseatletismo.es\/blog\/wp-json\/wp\/v2\/categories?post=4105"},{"taxonomy":"post_tag","embeddable":true,"href":"https:\/\/clubourenseatletismo.es\/blog\/wp-json\/wp\/v2\/tags?post=4105"}],"curies":[{"name":"wp","href":"https:\/\/api.w.org\/{rel}","templated":true}]}}