{"id":3634,"date":"2015-03-01T09:47:38","date_gmt":"2015-03-01T08:47:38","guid":{"rendered":"http:\/\/clubourenseatletismo.es\/blog\/?p=3634"},"modified":"2015-03-01T09:47:38","modified_gmt":"2015-03-01T08:47:38","slug":"resultados-gallego-cadete","status":"publish","type":"post","link":"https:\/\/clubourenseatletismo.es\/blog\/2015\/03\/01\/resultados-gallego-cadete\/","title":{"rendered":"Resultados Gallego Cadete"},"content":{"rendered":"<p style=\"text-align: justify;\">A lo largo de la jornada del s\u00e1bado se disput\u00f3 en el Palacio de Deportes de Riazor el <span style=\"text-decoration: underline; color: #000000;\"><strong>Campeonato Gallego Cadete en Pista Cubierta<\/strong><\/span>. Competici\u00f3n que coincide con el Nacional de Cross por Clubs, raz\u00f3n por la que las pruebas de fondo (1000 y 3000 metros) no se disputaron, ya que se incluyeron en el pasado Gallego de menores, restando mucha de nuestra posible participaci\u00f3n en este torneo.<\/p>\n<p style=\"text-align: justify;\">Unicamente tres participantes tuvimos en liza en Coru\u00f1a ayer, y todas en la categor\u00eda femenina. <span style=\"color: #0000ff;\"><strong>Sheila Gon\u00e7alves<\/strong><\/span>, como se esperaba, fue la m\u00e1s activa, y a punto estuvo de subir al podio. Tom\u00f3 parte en la multitudinaria prueba de los 50 metros lisos (nada menos que 16 eliminatorias y 3 semifinales), donde logr\u00f3 imponerse tanto en su eliminatoria (7.13) como en su semifinal (7.14), aunque en la final no pudo acreditar esos cronos y se tuvo que conformar con el cuarto puesto (7.19). Tambi\u00e9n tom\u00f3 parte en la prueba de salto de altura, donde con 1,35 metros tan solo pudo lograr un sexto puesto.<\/p>\n<p style=\"text-align: justify;\">Tambi\u00e9n tom\u00f3 parte en los 50 metros <strong><span style=\"color: #0000ff;\">Laura Feij\u00f3o<\/span><\/strong>, tercera de la eliminatoria 14, con un crono de 7.68, as\u00ed como en la prueba de 300 metros, donde fue segunda de la 7\u00aa serie con 49.81 segundos. Por \u00faltimo, la vallista <strong><span style=\"color: #0000ff;\">Flor G\u00f3mez<\/span><\/strong> tom\u00f3 parte en las semifinales de los 50 metros vallas, donde logr\u00f3 un tiempo de 8.92 segundos (iguala el r\u00e9cord del club de la categor\u00eda), siendo segunda en su serie, pero insuficiente para pasar a la final.<\/p>\n<p style=\"text-align: center;\"><a class=\"fasc-button fasc-size-medium fasc-type-glossy fasc-rounded-medium fasc-ico-before dashicons-media-spreadsheet\" style=\"background-color: #d40f0f; color: #ffffff;\" href=\"http:\/\/www.atletismogalego.com\/Resultados201415\/Coruna\/rc280215.pdf\" target=\"_blank\" data-fasc-style=\"background-color:#d40f0f;color:#ffffff;\">Resultados<\/a><\/p>\n","protected":false},"excerpt":{"rendered":"<p>A lo largo de la jornada del s\u00e1bado se disput\u00f3 en el Palacio de Deportes de Riazor el Campeonato Gallego Cadete en Pista Cubierta. Competici\u00f3n que coincide con el Nacional de Cross por Clubs, raz\u00f3n por la que las pruebas de fondo (1000 y 3000&#8230;<\/p>\n","protected":false},"author":1,"featured_media":0,"comment_status":"closed","ping_status":"closed","sticky":false,"template":"","format":"standard","meta":{"footnotes":""},"categories":[5,6,9],"tags":[],"class_list":["post-3634","post","type-post","status-publish","format-standard","hentry","category-club","category-escuela","category-resultados"],"aioseo_notices":[],"_links":{"self":[{"href":"https:\/\/clubourenseatletismo.es\/blog\/wp-json\/wp\/v2\/posts\/3634","targetHints":{"allow":["GET"]}}],"collection":[{"href":"https:\/\/clubourenseatletismo.es\/blog\/wp-json\/wp\/v2\/posts"}],"about":[{"href":"https:\/\/clubourenseatletismo.es\/blog\/wp-json\/wp\/v2\/types\/post"}],"author":[{"embeddable":true,"href":"https:\/\/clubourenseatletismo.es\/blog\/wp-json\/wp\/v2\/users\/1"}],"replies":[{"embeddable":true,"href":"https:\/\/clubourenseatletismo.es\/blog\/wp-json\/wp\/v2\/comments?post=3634"}],"version-history":[{"count":2,"href":"https:\/\/clubourenseatletismo.es\/blog\/wp-json\/wp\/v2\/posts\/3634\/revisions"}],"predecessor-version":[{"id":3636,"href":"https:\/\/clubourenseatletismo.es\/blog\/wp-json\/wp\/v2\/posts\/3634\/revisions\/3636"}],"wp:attachment":[{"href":"https:\/\/clubourenseatletismo.es\/blog\/wp-json\/wp\/v2\/media?parent=3634"}],"wp:term":[{"taxonomy":"category","embeddable":true,"href":"https:\/\/clubourenseatletismo.es\/blog\/wp-json\/wp\/v2\/categories?post=3634"},{"taxonomy":"post_tag","embeddable":true,"href":"https:\/\/clubourenseatletismo.es\/blog\/wp-json\/wp\/v2\/tags?post=3634"}],"curies":[{"name":"wp","href":"https:\/\/api.w.org\/{rel}","templated":true}]}}