{"id":2695,"date":"2014-05-18T10:16:34","date_gmt":"2014-05-18T08:16:34","guid":{"rendered":"http:\/\/clubourenseatletismo.es\/blog\/?p=2695"},"modified":"2014-05-18T19:40:04","modified_gmt":"2014-05-18T17:40:04","slug":"10-medallas-y-dos-minimas-en-el-gallego-cadete","status":"publish","type":"post","link":"https:\/\/clubourenseatletismo.es\/blog\/2014\/05\/18\/10-medallas-y-dos-minimas-en-el-gallego-cadete\/","title":{"rendered":"10 medallas y dos M\u00ednimas en el Gallego Cadete"},"content":{"rendered":"<p style=\"text-align: justify;\">Nada menos que \u00a1<strong>10 medallas<\/strong>! es el bot\u00edn que se han tra\u00eddo nuestr@s atletas desde Vilagarc\u00eda en la jornada del s\u00e1bado, donde se disput\u00f3 con mucho calor el <span style=\"text-decoration: underline; color: #000000;\"><strong>Campeonato Gallego Cadete al aire libre<\/strong><\/span>. Una jornada espectacular en algunas pruebas, y en la que nuestr@s chic@s dieron todo para conseguir este gran resultado. Se repartieron 4 oros, 3 platas y 3 bronces.<\/p>\n<p style=\"text-align: justify;\">Los <span style=\"text-decoration: underline;\">oros<\/span> fueron para la vallista <span style=\"color: #0000ff;\"><strong>Laura Gonz\u00e1lez<\/strong><\/span>, en los 300 vallas, quien tras una semifinal donde no se encontr\u00f3 bien, sali\u00f3 en la final de la tarde por la calle 1, con referencia de todas sus contrincantes, y domin\u00f3 ya practicamente desde el inicio, logrando en meta casi medio segundo de ventaja sobre la segunda, 49.18 segundos, y a 8 cent\u00e9simas de su marca personal. <span style=\"color: #0000ff;\"><strong>Abraham Rodr\u00edguez<\/strong><\/span> acudi\u00f3 al Vilagarc\u00eda lastrado por unas inoportunas molestias de garganta, y tras ir a remolque gran parte de la carrera de 600 metros, en los \u00faltimos 150 dio todo un recital demostrando su gran poder\u00edo final y rematando en 1:28:83, siendo el \u00fanico atleta en bajar de 1:30. <span style=\"color: #0000ff;\"><strong>Arantxa P\u00e9rez<\/strong><\/span> fue tambi\u00e9n la mejor en los 1000 metros, con un tiempo de 3:13.98, cerca de su plusmarca de la semana pasada, domin\u00f3 la prueba de principio a fin con una gran confianza y seguridad. Finalmente, el cuarto oro fue para la saltadora <span style=\"color: #0000ff;\"><strong>Elena Freir\u00eda<\/strong><\/span>, en el salto de longitud, con una gran marca de 5,15 metros, con viento legal, que adem\u00e1s son <span style=\"color: #800000;\"><em><strong>m\u00ednima nacional cadete<\/strong><\/em><\/span> para la prueba.<\/p>\n<p style=\"text-align: justify;\">Tres fueron las <span style=\"text-decoration: underline;\">platas<\/span> logradas. La primera de ellas fue para <span style=\"color: #0000ff;\"><strong>Sheila Gon\u00e7alves<\/strong><\/span> en el salto de altura: en una competici\u00f3n tremendamente re\u00f1ida, y que tuvo que ir al desempate, logr\u00f3 el segundo puesto con un gran salto de 1,47 metros, no pudiendo con la altura de desempate (1,50), ya que le coincidi\u00f3 este con las semifinales de los 100 metros, con lo que su estado no era el id\u00f3neo. <span style=\"color: #0000ff;\"><strong>Elena Freir\u00eda<\/strong><\/span> repet\u00eda podio en el triple salto, con un magn\u00edfico salto de 11,51 metros, en una prueba espectacular en la que salt\u00f3 hasta dos veces esta medida, pero la ganadora Saray Amoedo le arrebat\u00f3 el oro en el \u00faltimo intento por tan solo dos cent\u00edmetros. L\u00e1stima de la marca, pues no consigui\u00f3 hacer ning\u00fan salto v\u00e1lido por el viento. Su hermana, <span style=\"color: #0000ff;\"><strong>Paula Freir\u00eda<\/strong><\/span> logr\u00f3 la plata en la longitud, con una marca de 4,82 metros, aunque bastante nerviosa durante toda la competici\u00f3n.<\/p>\n<p style=\"text-align: justify;\">En cuanto a los <span style=\"text-decoration: underline;\">bronces<\/span>, la citada <strong><span style=\"color: #0000ff;\">Paula Freir\u00eda<\/span><\/strong> lograr\u00eda el de la prueba de triple, en un concurso tambi\u00e9n muy bueno, con cinco saltos por encima de 10,50 metros, y logrando la medalla con 10,87 metros, por desgracia invalidados por el viento. Aunque al contrario que su hermana, s\u00ed logr\u00f3 uno v\u00e1lido de 10,82 metros, que le vale para lograr la <span style=\"color: #800000;\"><em><strong>m\u00ednima nacional cadete<\/strong><\/em><\/span> en la prueba. <span style=\"color: #0000ff;\"><strong>Adriana Ferreiro<\/strong><\/span> logr\u00f3 el segundo bronce, en la siempre dif\u00edcil prueba de 1500 Obst\u00e1culos, disputada casi a las dos de la tarde, pues en su horario inicial (sobre las 11:30) hubo problemas con los obst\u00e1culos; bajo esas condiciones, su crono de 6:24.55 se qued\u00f3 lejos de su mejor prestaci\u00f3n. Por \u00faltimo, su hermana <span style=\"color: #0000ff;\"><strong>Daniela Ferreiro<\/strong><\/span> logr\u00f3 la \u00faltima medalla de bronce, en la prueba de los 3000 metros, disputada tambi\u00e9n a mediod\u00eda, con un tiempo de 12:05.48, tambi\u00e9n algo alejado de su marca de O Barco de la semana pasada.<\/p>\n<p style=\"text-align: justify;\">En cuanto al resto de la expedici\u00f3n ourensanista, <span style=\"color: #0000ff;\"><strong>Angel V\u00e1zquez<\/strong><\/span> logr\u00f3 el 6\u00ba puesto en los 1000 metros, en una muy buena carrera con un gran final, que le permiti\u00f3 bajar de los 3 minutos (2:59.90); <span style=\"color: #0000ff;\"><strong>Jes\u00fas \u00c1lvarez<\/strong><\/span>, muy mermado por los problemas f\u00edsicos durante toda la temporada, sali\u00f3 valiente en los 1500 Obst\u00e1culos, pero solamente pudo aspirar al 6\u00ba puesto. En cuanto a las chicas, <span style=\"color: #0000ff;\"><strong>Sheila Gon\u00e7alves<\/strong><\/span> se qued\u00f3 a un puesto de la medalla en los 100 metros, tras estar tanto en semis como en la propia final por debajo de la m\u00ednima nacional (13.01 y 13.08, respectivamente), pero en ambos casos el viento anul\u00f3 las marcas; en los 600 metros <span style=\"color: #0000ff;\"><strong>Isla V\u00e1zquez<\/strong><\/span> sali\u00f3 en la final A (la m\u00e1s r\u00e1pida), lo que la condicion\u00f3 bastante, siendo octava con 1:58.21; en los 1000 metros partici\u00f3 <span style=\"color: #0000ff;\"><strong>Ant\u00eda Rodr\u00edguez<\/strong><\/span>, que logr\u00f3 el quinto puesto con 3:30.25, marca personal; <span style=\"color: #0000ff;\"><strong>Esther Parada<\/strong><\/span> tuvo un fuerte tropez\u00f3n en la prueba de 100 vallas, lo que le releg\u00f3 a la \u00faltima posici\u00f3n de su semifinal, y tom\u00f3 parte en el triple, donde fue octava; <span style=\"color: #0000ff;\"><strong>Eva Parada<\/strong><\/span> logr\u00f3 el quinto puesto en el peso, a muy poca distancia de la medalla, con 8,40 metros, y fue sexta en los 3 kil\u00f3metros marcha; y <span style=\"color: #0000ff;\"><strong>Ainhoa Guerreiro<\/strong><\/span> logr\u00f3 mejorar su marca en martillo, para lograr la d\u00e9cima posici\u00f3n.<\/p>\n<div id=\"attachment_2697\" style=\"width: 560px\" class=\"wp-caption aligncenter\"><a href=\"http:\/\/clubourenseatletismo.es\/archivo\/imagenes\/IMG_9505.JPG\"><img loading=\"lazy\" decoding=\"async\" aria-describedby=\"caption-attachment-2697\" class=\"wp-image-2697 size-full\" src=\"http:\/\/clubourenseatletismo.es\/blog\/wp-content\/uploads\/2014\/05\/IMG_9505_p.jpg\" alt=\"\" width=\"550\" height=\"290\" srcset=\"https:\/\/clubourenseatletismo.es\/blog\/wp-content\/uploads\/2014\/05\/IMG_9505_p.jpg 550w, https:\/\/clubourenseatletismo.es\/blog\/wp-content\/uploads\/2014\/05\/IMG_9505_p-300x158.jpg 300w\" sizes=\"auto, (max-width: 550px) 100vw, 550px\" \/><\/a><p id=\"caption-attachment-2697\" class=\"wp-caption-text\"><span style=\"color: #0000ff;\">Foto de familia del grupo ourensanista. Elena y Paula Freir\u00eda ya iban camino de Alcorc\u00f3n.<\/span><\/p><\/div>\n<p style=\"text-align: justify;\">Antes de finalizar la competici\u00f3n, Elena y Paula Freir\u00eda tomaron camino hacia Alcorc\u00f3n, donde en la ma\u00f1ana del domingo tomar\u00edan parte con el Atletismo Lucus en la Liga de Clubs de Primera Divisi\u00f3n.<\/p>\n<p style=\"text-align: justify;\">Con estos resultados, casi podemos confirmar la presencia de al menos tres atletas en la Selecci\u00f3n Gallega que competir\u00e1 en 15 d\u00edas en Valladolid en el <span style=\"text-decoration: underline; color: #000000;\"><strong>Campeonato de Espa\u00f1a Cadete CSD por Selecciones Auton\u00f3micas<\/strong><\/span>: estar\u00e1n seguro <span style=\"color: #0000ff;\"><strong>Abraham Rodr\u00edguez<\/strong><\/span>, <strong><span style=\"color: #0000ff;\">Elena Freir\u00eda<\/span><\/strong> y <span style=\"color: #0000ff;\"><strong>Laura Gonz\u00e1lez<\/strong><\/span>, estando pendientes de la posible inclusi\u00f3n de <span style=\"color: #0000ff;\"><strong>Paula Freir\u00eda<\/strong><\/span> y <span style=\"color: #0000ff;\"><strong>Arantxa P\u00e9rez<\/strong><\/span>. En unos d\u00edas, sabremos la decisi\u00f3n de la Direcci\u00f3n T\u00e9cnica de la FGA.<\/p>\n<p style=\"text-align: justify;\">[<a href=\"http:\/\/www.atletismogalego.com\/Resultados201314\/Pontevedra\/rp170514.pdf\" target=\"_blank\"><span style=\"color: #800000;\">Resultados<\/span><\/a>]\u00a0 [<a href=\"https:\/\/plus.google.com\/photos\/105867142004461372316\/albums\/6014813401169521649\" target=\"_blank\"><span style=\"color: #800000;\"><strong>FOTOS<\/strong><\/span><\/a>]<\/p>\n","protected":false},"excerpt":{"rendered":"<p>Nada menos que \u00a110 medallas! es el bot\u00edn que se han tra\u00eddo nuestr@s atletas desde Vilagarc\u00eda en la jornada del s\u00e1bado, donde se disput\u00f3 con mucho calor el Campeonato Gallego Cadete al aire libre. Una jornada espectacular en algunas pruebas, y en la que nuestr@s&#8230;<\/p>\n","protected":false},"author":1,"featured_media":0,"comment_status":"closed","ping_status":"closed","sticky":false,"template":"","format":"standard","meta":{"footnotes":""},"categories":[5,12,6,9],"tags":[],"class_list":["post-2695","post","type-post","status-publish","format-standard","hentry","category-club","category-cpto-gallego","category-escuela","category-resultados"],"aioseo_notices":[],"_links":{"self":[{"href":"https:\/\/clubourenseatletismo.es\/blog\/wp-json\/wp\/v2\/posts\/2695","targetHints":{"allow":["GET"]}}],"collection":[{"href":"https:\/\/clubourenseatletismo.es\/blog\/wp-json\/wp\/v2\/posts"}],"about":[{"href":"https:\/\/clubourenseatletismo.es\/blog\/wp-json\/wp\/v2\/types\/post"}],"author":[{"embeddable":true,"href":"https:\/\/clubourenseatletismo.es\/blog\/wp-json\/wp\/v2\/users\/1"}],"replies":[{"embeddable":true,"href":"https:\/\/clubourenseatletismo.es\/blog\/wp-json\/wp\/v2\/comments?post=2695"}],"version-history":[{"count":0,"href":"https:\/\/clubourenseatletismo.es\/blog\/wp-json\/wp\/v2\/posts\/2695\/revisions"}],"wp:attachment":[{"href":"https:\/\/clubourenseatletismo.es\/blog\/wp-json\/wp\/v2\/media?parent=2695"}],"wp:term":[{"taxonomy":"category","embeddable":true,"href":"https:\/\/clubourenseatletismo.es\/blog\/wp-json\/wp\/v2\/categories?post=2695"},{"taxonomy":"post_tag","embeddable":true,"href":"https:\/\/clubourenseatletismo.es\/blog\/wp-json\/wp\/v2\/tags?post=2695"}],"curies":[{"name":"wp","href":"https:\/\/api.w.org\/{rel}","templated":true}]}}