{"id":2523,"date":"2014-04-06T19:59:21","date_gmt":"2014-04-06T17:59:21","guid":{"rendered":"http:\/\/clubourenseatletismo.es\/blog\/?p=2523"},"modified":"2014-04-06T19:59:21","modified_gmt":"2014-04-06T17:59:21","slug":"resultados-segunda-jornada-escolar-en-pista","status":"publish","type":"post","link":"https:\/\/clubourenseatletismo.es\/blog\/2014\/04\/06\/resultados-segunda-jornada-escolar-en-pista\/","title":{"rendered":"Resultados segunda jornada escolar en pista"},"content":{"rendered":"<div id=\"attachment_2524\" style=\"width: 210px\" class=\"wp-caption alignleft\"><img loading=\"lazy\" decoding=\"async\" aria-describedby=\"caption-attachment-2524\" class=\" wp-image-2524\" alt=\"\" src=\"http:\/\/clubourenseatletismo.es\/blog\/wp-content\/uploads\/2014\/04\/Aroa.jpg\" width=\"200\" height=\"326\" srcset=\"https:\/\/clubourenseatletismo.es\/blog\/wp-content\/uploads\/2014\/04\/Aroa.jpg 250w, https:\/\/clubourenseatletismo.es\/blog\/wp-content\/uploads\/2014\/04\/Aroa-184x300.jpg 184w\" sizes=\"auto, (max-width: 200px) 100vw, 200px\" \/><p id=\"caption-attachment-2524\" class=\"wp-caption-text\"><span style=\"color: #0000ff;\">Aroa Gonz\u00e1lez<\/span><\/p><\/div>\n<p style=\"text-align: justify;\">En la jornada del s\u00e1bado se disput\u00f3 en las pistas de Monterrey la <span style=\"text-decoration: underline; color: #000000;\"><strong>2\u00aa Jornada Previa Escolar XOGADE en Pista<\/strong><\/span>, con una numerosa presencia de nuestros j\u00f3venes atletas de la escuela, que rindieron de forma destacada. Adem\u00e1s de los resultados globales, nuestr@s atletas llegaron a batir hasta <span style=\"text-decoration: underline;\">siete R\u00e9cords del Club<\/span> en las distintas categor\u00edas, igual\u00e1ndose otro m\u00e1s.<\/p>\n<p style=\"text-align: justify;\">Los atletas de nuestra escuela que lograron la victoria en sus respectivas pruebas fueron <strong><span style=\"color: #0000ff;\">Pablo Rodr\u00edguez<\/span> <\/strong>(pelota alev\u00edn); <span style=\"color: #0000ff;\"><strong>Aar\u00f3n Su\u00e1rez<\/strong> <\/span>(longitud alev\u00edn); <span style=\"color: #0000ff;\"><strong>Pablo Nurchi<\/strong> <\/span>(triple infantil); <span style=\"color: #0000ff;\"><strong>Aroa Gonz\u00e1lez<\/strong> <\/span>(50 metros benjam\u00edn); <strong><span style=\"color: #0000ff;\">Ux\u00eda Jard\u00f3n<\/span> <\/strong>(peso benjam\u00edn); <strong><span style=\"color: #0000ff;\">Alexandre \u00c1lvarez<\/span> <\/strong>(2000 metros alev\u00edn); e <strong><span style=\"color: #0000ff;\">Itz\u00edar Manso<\/span> <\/strong>(1000 metros infantil).<\/p>\n<p style=\"text-align: justify;\">Segundos puestos lograron <span style=\"color: #0000ff;\"><strong>Ver\u00f3nica N\u00fa\u00f1ez<\/strong> <\/span>(pelota y peso alev\u00edn); <strong><span style=\"color: #0000ff;\">Martina Fern\u00e1ndez<\/span> <\/strong>(1000 metros alev\u00edn); <strong><span style=\"color: #0000ff;\">Lucas Outeiri\u00f1o<\/span> <\/strong>(triple infantil); <strong><span style=\"color: #0000ff;\">Jacobo Gonz\u00e1lez<\/span> <\/strong>(pelota y peso benjam\u00edn); <strong><span style=\"color: #0000ff;\">Roi Gonz\u00e1lez<\/span> <\/strong>(peso alev\u00edn); <strong><span style=\"color: #0000ff;\">Alvaro D\u00edaz\u00a0<\/span> <\/strong>(2000 metros alev\u00edn); <strong><span style=\"color: #0000ff;\">Aroa Gonz\u00e1lez<\/span> <\/strong>(altura benjam\u00edn); y <strong><span style=\"color: #0000ff;\">Nayeli Iglesias<\/span> <\/strong>(1000 metros infantil).<\/p>\n<p style=\"text-align: justify;\">Terceros puestos fueron para <span style=\"color: #0000ff;\"><strong>Ana N\u00f3voa<\/strong> <\/span>(pelota benjam\u00edn); <strong><span style=\"color: #0000ff;\">Mateo Cruz<\/span> <\/strong>(altura benjam\u00edn); <strong><span style=\"color: #0000ff;\">Sara Dos Santos<\/span> <\/strong>(altura infantil); <strong><span style=\"color: #0000ff;\">Nayeli Iglesias<\/span> <\/strong>(80 vallas infantil); y <span style=\"color: #0000ff;\"><strong>Rebeca V\u00e1zquez<\/strong><\/span> (1000 infantil).<\/p>\n<p style=\"text-align: justify;\">En cuanto a los r\u00e9cords citados anteriormente, <strong><span style=\"color: #0000ff;\">Aroa Gonz\u00e1lez<\/span> <\/strong>logr\u00f3 igualar el de los 50 metros benjam\u00edn, adem\u00e1s de conseguir el de altura; <strong><span style=\"color: #0000ff;\">Ux\u00eda Jard\u00f3n<\/span> <\/strong>consigui\u00f3 el de peso benjam\u00edn; <span style=\"color: #0000ff;\"><strong>Jacobo Gonz\u00e1lez<\/strong> <\/span>tambi\u00e9n logr\u00f3 el de peso benjam\u00edn (en ambos casos con el artefecto de 1 kg); <strong><span style=\"color: #0000ff;\">Ana N\u00f3voa<\/span> <\/strong>se hizo con el de pelota benjam\u00edn y <span style=\"color: #0000ff;\"><strong>Pablo Rodr\u00edguez<\/strong> <\/span>con el de pelota alev\u00edn; <span style=\"color: #0000ff;\"><strong>Mateo Cruz<\/strong> <\/span>logr\u00f3 el de altura benjam\u00edn; y tanto <strong><span style=\"color: #0000ff;\">Pablo Nurchi<\/span> <\/strong>como <span style=\"color: #0000ff;\"><strong>Lucas Outeiri\u00f1o<\/strong><span style=\"color: #000000;\"> (que lograron la misma marca)<\/span> <\/span>se hicieron con el de triple salto infantil.<\/p>\n<p style=\"text-align: justify;\">[<a href=\"http:\/\/www.atletismogalego.com\/Resultados201314\/Ourense\/ro050414.pdf\" target=\"_blank\"><span style=\"color: #800000;\">Resultados<\/span><\/a>]<\/p>\n<p style=\"text-align: justify;\">[<a href=\"https:\/\/plus.google.com\/u\/0\/photos\/105867142004461372316\/albums\/5999070469958237393\" target=\"_blank\"><span style=\"color: #800000;\"><strong>FOTOS<\/strong><\/span><\/a>]\u00a0 [<span style=\"color: #800000;\"><a href=\"https:\/\/plus.google.com\/photos\/103997573394829878724\/albums\/5998937815851095073?authkey=CLj637mmyqqOaw\" target=\"_blank\"><span style=\"color: #800000;\"><strong>FOTOS<\/strong><\/span><\/a> \u00a9 Alberto D\u00edaz<\/span>]<\/p>\n<p style=\"text-align: justify;\">El mismo s\u00e1bado, otro de nuestos atletas, el monfortino <span style=\"color: #0000ff;\"><strong>Alejandro D\u00edaz<\/strong><\/span>, compiti\u00f3 en la <span style=\"text-decoration: underline; color: #000000;\"><strong>IX Milla Internacional de Bilbao<\/strong><\/span>, en la prueba Juvenil-J\u00fanior, donde logr\u00f3 el 11\u00ba puesto de la clasificaci\u00f3n conjunta, siendo el 4\u00ba clasificado entre los juveniles.<\/p>\n<p style=\"text-align: justify;\">[<a href=\"http:\/\/resultados.rfea.es\/2014\/resultados\/ruta\/milla_bilbao.pdf\" target=\"_blank\"><span style=\"color: #800000;\">Resultados<\/span><\/a>]<\/p>\n<p style=\"text-align: justify;\">Tambi\u00e9n en la ma\u00f1ana de hoy domingo, <span style=\"color: #0000ff;\"><strong>Alejandro Montero<\/strong> <\/span>se desplaz\u00f3 hasta Vigo para disputar el <strong><span style=\"text-decoration: underline;\"><span style=\"color: #000000; text-decoration: underline;\">XV Medio Marat\u00f3n Gran Bah\u00eda Vig-Bay 2014<\/span><\/span><\/strong>, prueba que en esta misma semana sali\u00f3 del calendario oficial de la Federaci\u00f3n Gallega (con lo que las marcas no son v\u00e1lidas), logrando en su primera incursi\u00f3n un tiempo de 1h 31:33, logrando el puesto 159 de su categor\u00eda (640 de la general).<\/p>\n<p style=\"text-align: justify;\">[<span style=\"color: #800000;\"><a href=\"http:\/\/www.championchipnorte.com\/resultados-externos\/tiempos\/id\/573?c=VIGO-NIGR%C3%81N-BAYONA.%20DISTANCIA:%2021097%20M\" target=\"_blank\"><span style=\"color: #800000;\">Resultados<\/span><\/a><\/span>]<\/p>\n","protected":false},"excerpt":{"rendered":"<p>En la jornada del s\u00e1bado se disput\u00f3 en las pistas de Monterrey la 2\u00aa Jornada Previa Escolar XOGADE en Pista, con una numerosa presencia de nuestros j\u00f3venes atletas de la escuela, que rindieron de forma destacada. Adem\u00e1s de los resultados globales, nuestr@s atletas llegaron a&#8230;<\/p>\n","protected":false},"author":1,"featured_media":0,"comment_status":"closed","ping_status":"closed","sticky":false,"template":"","format":"standard","meta":{"footnotes":""},"categories":[5,6,9],"tags":[],"class_list":["post-2523","post","type-post","status-publish","format-standard","hentry","category-club","category-escuela","category-resultados"],"aioseo_notices":[],"_links":{"self":[{"href":"https:\/\/clubourenseatletismo.es\/blog\/wp-json\/wp\/v2\/posts\/2523","targetHints":{"allow":["GET"]}}],"collection":[{"href":"https:\/\/clubourenseatletismo.es\/blog\/wp-json\/wp\/v2\/posts"}],"about":[{"href":"https:\/\/clubourenseatletismo.es\/blog\/wp-json\/wp\/v2\/types\/post"}],"author":[{"embeddable":true,"href":"https:\/\/clubourenseatletismo.es\/blog\/wp-json\/wp\/v2\/users\/1"}],"replies":[{"embeddable":true,"href":"https:\/\/clubourenseatletismo.es\/blog\/wp-json\/wp\/v2\/comments?post=2523"}],"version-history":[{"count":0,"href":"https:\/\/clubourenseatletismo.es\/blog\/wp-json\/wp\/v2\/posts\/2523\/revisions"}],"wp:attachment":[{"href":"https:\/\/clubourenseatletismo.es\/blog\/wp-json\/wp\/v2\/media?parent=2523"}],"wp:term":[{"taxonomy":"category","embeddable":true,"href":"https:\/\/clubourenseatletismo.es\/blog\/wp-json\/wp\/v2\/categories?post=2523"},{"taxonomy":"post_tag","embeddable":true,"href":"https:\/\/clubourenseatletismo.es\/blog\/wp-json\/wp\/v2\/tags?post=2523"}],"curies":[{"name":"wp","href":"https:\/\/api.w.org\/{rel}","templated":true}]}}