{"id":2095,"date":"2014-01-22T08:43:13","date_gmt":"2014-01-22T07:43:13","guid":{"rendered":"http:\/\/clubourenseatletismo.es\/blog\/?p=2095"},"modified":"2014-01-23T10:03:41","modified_gmt":"2014-01-23T09:03:41","slug":"cadete-juvenil-y-cross-corto-campeonatos-gallegos-para-este-fin-de-semana","status":"publish","type":"post","link":"https:\/\/clubourenseatletismo.es\/blog\/2014\/01\/22\/cadete-juvenil-y-cross-corto-campeonatos-gallegos-para-este-fin-de-semana\/","title":{"rendered":"Cadete-Juvenil y Cross Corto, Campeonatos Gallegos para este fin de semana"},"content":{"rendered":"<p style=\"text-align: justify;\">Comienzan a partir de este fin de semana una serie de Campeonatos Auton\u00f3micos en los que tendremos presencia, y que se disputar\u00e1n practicamente seguidos. Este pr\u00f3ximo domingo se inicia esta andadura de nuestros atletas en Friol, con la disputa de dos de esos campeonatos.<\/p>\n<div id=\"attachment_2120\" style=\"width: 226px\" class=\"wp-caption alignleft\"><a href=\"http:\/\/www.concellodefriol.es\/UserFiles\/Files\/cartel_DOS.pdf\" target=\"_blank\"><img loading=\"lazy\" decoding=\"async\" aria-describedby=\"caption-attachment-2120\" class=\" wp-image-2120\" style=\"margin-right: 2px; margin-left: 2px;\" alt=\"\" src=\"http:\/\/clubourenseatletismo.es\/blog\/wp-content\/uploads\/2014\/01\/Portapapeles011.jpg\" width=\"216\" height=\"302\" srcset=\"https:\/\/clubourenseatletismo.es\/blog\/wp-content\/uploads\/2014\/01\/Portapapeles011.jpg 300w, https:\/\/clubourenseatletismo.es\/blog\/wp-content\/uploads\/2014\/01\/Portapapeles011-214x300.jpg 214w\" sizes=\"auto, (max-width: 216px) 100vw, 216px\" \/><\/a><p id=\"caption-attachment-2120\" class=\"wp-caption-text\"><span style=\"color: #0000ff;\">Cartel del Campeonato<\/span><\/p><\/div>\n<p style=\"text-align: justify;\">La localidad lucense acoge el <span style=\"text-decoration: underline; color: #000000;\"><strong>Campeonato Gallego Cadete-Juvenil de Cross<\/strong><\/span>, individual y por equipos, y el <span style=\"text-decoration: underline; color: #000000;\"><strong>Campeonato Gallego de Cross Corto por Equipos<\/strong><\/span>. El circuito se sit\u00faa en la parroquia de Prado, a algo menos de 1 kil\u00f3metro de la zona urbana de Friol, en direcci\u00f3n a Sobrado dos Monxes. Simult\u00e1neamente, y como viene siendo habitual, se disputar\u00e1 el <strong><span style=\"text-decoration: underline;\"><span style=\"color: #000000; text-decoration: underline;\">Memorial Alejandro Lorenzo de Cross<\/span><\/span><\/strong> para las categor\u00edas benjam\u00edn hasta infantil. Nuestra presencia all\u00ed ser\u00e1 amplia, pues llevaremos equipos en las categor\u00edas benjam\u00edn masculino y femenino, alev\u00edn masculino y femenino, e infantil femenino (Memorial); ambos equipos cadetes y juveniles para el gallego de dichas categor\u00edas; y equipo masculino de Cross Corto. En total, desplazaremos a cerca de <span style=\"text-decoration: underline;\">50 atletas aproximadamente<\/span> en busca de buenos resultados colectivos, y alg\u00fan que otro podio individual. En las categor\u00edas cadete y juvenil, adem\u00e1s, los cuatro primeros clasificados de cada carrera ser\u00e1n autom\u00e1ticamente seleccionados para participar con Galicia en el <span style=\"text-decoration: underline; color: #000000;\"><strong>Cpto. de Espa\u00f1a CSD de Cross Cad-Juv<\/strong><\/span>, que se disputar\u00e1 en M\u00f3stoles el pr\u00f3ximo domingo 23 de febrero.<\/p>\n<p style=\"text-align: justify; padding-left: 30px;\"><span style=\"color: #000000;\"><em><span style=\"text-decoration: underline;\"><strong>NOTA<\/strong><\/span><\/em>: habr\u00e1 un autob\u00fas para desplazar a los atletas, que saldr\u00e1 a las <strong>08:00 horas<\/strong> desde el Pabell\u00f3n. Se regresa a la conclusi\u00f3n de las pruebas y entrega de trofeos (<em>se recomienda llevar algo de comer<\/em>). <span style=\"text-decoration: underline;\">Los atletas ir\u00e1n provistos de su DNI para identificarse en c\u00e1mara de llamadas<\/span>.<br \/>\n<\/span><\/p>\n<p style=\"text-align: justify;\">[<a href=\"http:\/\/www.atletismogalego.org\/CIRCULARES\/Circular%2072-2013.pdf\" target=\"_blank\"><span style=\"color: #800000;\">Memorial<\/span><\/a>]\u00a0 [<a href=\"http:\/\/www.atletismogalego.org\/CIRCULARES\/Circular%2073-2013.pdf\" target=\"_blank\"><span style=\"color: #800000;\">Cadete-Juvenil<\/span><\/a>]\u00a0 [<a href=\"http:\/\/www.atletismogalego.org\/CIRCULARES\/Circular%2074-2013.pdf\" target=\"_blank\"><span style=\"color: #800000;\">Cross Corto<\/span><\/a>]<\/p>\n<p style=\"text-align: justify;\">[<span style=\"color: #800000;\"><a href=\"http:\/\/www.atletismogalego.com\/insalejandrolorenzo2014.pdf\" target=\"_blank\"><span style=\"color: #800000;\">Inscr Memorial<\/span><\/a><\/span>]\u00a0 [<a href=\"http:\/\/www.atletismogalego.com\/inscadetexuvenil2014.pdf\" target=\"_blank\"><span style=\"color: #800000;\">Inscr Cad-Juv<\/span><\/a>]\u00a0 [<a href=\"http:\/\/www.atletismogalego.com\/inscrosscorto2014.pdf\" target=\"_blank\"><span style=\"color: #800000;\">Inscr Corto<\/span><\/a>]<\/p>\n<p style=\"text-align: justify;\">[<span style=\"background-color: #ffff00;\"><a href=\"http:\/\/www.fgatletismo.es\/lugo\/wp-content\/uploads\/2014\/01\/PlanoCircuito.jpg\" target=\"_blank\"><span style=\"color: #800000; background-color: #ffff00;\"><strong>CIRCUITO<\/strong><\/span><\/a><\/span>]\u00a0 [<span style=\"background-color: #ffff00;\"><a href=\"http:\/\/www.fgatletismo.es\/lugo\/wp-content\/uploads\/2014\/01\/Circuito2.pdf\" target=\"_blank\"><span style=\"color: #800000; background-color: #ffff00;\"><strong>DISTANCIAS Y RECORRIDOS<\/strong><\/span><\/a><\/span>]<\/p>\n<p style=\"text-align: justify;\">Previamente, el s\u00e1bado habr\u00e1 opciones de pista para los no fondistas. En las pistas Gregorio P\u00e9rez Rivera de Lugo se disputa la <span style=\"text-decoration: underline; color: #000000;\"><strong>1\u00aa Jornada Trofeo Copa Diputaci\u00f3n de Lugo<\/strong><\/span>, en horario matinal, donde varios de nuestros atletas estar\u00e1n presentes; mientras que ya por la tarde el m\u00f3dulo cubierto del Pabell\u00f3n de Os Remedios de Ourense acoge la <span style=\"text-decoration: underline; color: #000000;\"><strong>3\u00aa Jornada XXXI Copa Diputaci\u00f3n en Pista<\/strong><\/span>, con un horario muy similar al del pasado s\u00e1bado, y donde volveremos a tener en liza a nuestros velocistas y saltadores.<\/p>\n<p style=\"text-align: justify;\">[<a href=\"http:\/\/www.atletismogalego.com\/hlu250114.pdf\" target=\"_blank\"><span style=\"color: #800000;\">Horario Lugo<\/span><\/a>]<\/p>\n<p style=\"text-align: justify;\">[<a href=\"http:\/\/www.fgatletismo.es\/ourense\/wp-content\/uploads\/25-01-2014%20XXXI%20Copa%20Deputacion%20OURENSE%203%20Xornada%20RECTIFICADO.pdf\" target=\"_blank\"><span style=\"color: #800000;\">Horario Ourense <strong><em>RECTIFICADO<\/em><\/strong><\/span><\/a>]\u00a0 [<a href=\"http:\/\/www.fgatletismo.es\/ourense\/wp-content\/uploads\/2014-01-25%203%20Xornada%20Copa%20Deputacion%20Modulo%20Ourense.pdf\" target=\"_blank\"><strong><span style=\"color: #800000;\">INSCRITOS<\/span><\/strong><\/a>]<\/p>\n","protected":false},"excerpt":{"rendered":"<p>Comienzan a partir de este fin de semana una serie de Campeonatos Auton\u00f3micos en los que tendremos presencia, y que se disputar\u00e1n practicamente seguidos. Este pr\u00f3ximo domingo se inicia esta andadura de nuestros atletas en Friol, con la disputa de dos de esos campeonatos. La&#8230;<\/p>\n","protected":false},"author":1,"featured_media":0,"comment_status":"closed","ping_status":"closed","sticky":false,"template":"","format":"standard","meta":{"footnotes":""},"categories":[5,12,6,8],"tags":[],"class_list":["post-2095","post","type-post","status-publish","format-standard","hentry","category-club","category-cpto-gallego","category-escuela","category-previa"],"aioseo_notices":[],"aioseo_head":"\n\t\t<!-- All in One SEO 5.0.1.1 - aioseo.com -->\n\t<meta name=\"description\" content=\"Comienzan a partir de este fin de semana una serie de Campeonatos Auton\u00f3micos en los que tendremos presencia, y que se disputar\u00e1n practicamente seguidos. Este pr\u00f3ximo domingo se inicia esta andadura de nuestros atletas en Friol, con la disputa de dos de esos campeonatos. La localidad lucense acoge el Campeonato Gallego Cadete-Juvenil de Cross, individual\" \/>\n\t<meta name=\"robots\" content=\"max-image-preview:large\" \/>\n\t<meta name=\"author\" content=\"clubourense\"\/>\n\t<link rel=\"canonical\" href=\"https:\/\/clubourenseatletismo.es\/blog\/2014\/01\/22\/cadete-juvenil-y-cross-corto-campeonatos-gallegos-para-este-fin-de-semana\/\" \/>\n\t<meta name=\"generator\" content=\"All in One SEO (AIOSEO) 5.0.1.1\" \/>\n\t\t<meta property=\"og:locale\" content=\"es_ES\" \/>\n\t\t<meta property=\"og:site_name\" content=\"Club Ourense Atletismo | Escuela Ourense Atletismo\" \/>\n\t\t<meta property=\"og:type\" content=\"article\" \/>\n\t\t<meta property=\"og:title\" content=\"Cadete-Juvenil y Cross Corto, Campeonatos Gallegos para este fin de semana | Club Ourense Atletismo\" \/>\n\t\t<meta property=\"og:description\" content=\"Comienzan a partir de este fin de semana una serie de Campeonatos Auton\u00f3micos en los que tendremos presencia, y que se disputar\u00e1n practicamente seguidos. Este pr\u00f3ximo domingo se inicia esta andadura de nuestros atletas en Friol, con la disputa de dos de esos campeonatos. La localidad lucense acoge el Campeonato Gallego Cadete-Juvenil de Cross, individual\" \/>\n\t\t<meta property=\"og:url\" content=\"https:\/\/clubourenseatletismo.es\/blog\/2014\/01\/22\/cadete-juvenil-y-cross-corto-campeonatos-gallegos-para-este-fin-de-semana\/\" \/>\n\t\t<meta property=\"article:published_time\" content=\"2014-01-22T07:43:13+00:00\" \/>\n\t\t<meta property=\"article:modified_time\" content=\"2014-01-23T09:03:41+00:00\" \/>\n\t\t<meta property=\"article:publisher\" content=\"https:\/\/www.facebook.com\/profile.php?id=100063516489280\" \/>\n\t\t<meta name=\"twitter:card\" content=\"summary\" \/>\n\t\t<meta name=\"twitter:title\" content=\"Cadete-Juvenil y Cross Corto, Campeonatos Gallegos para este fin de semana | Club Ourense Atletismo\" \/>\n\t\t<meta name=\"twitter:description\" content=\"Comienzan a partir de este fin de semana una serie de Campeonatos Auton\u00f3micos en los que tendremos presencia, y que se disputar\u00e1n practicamente seguidos. Este pr\u00f3ximo domingo se inicia esta andadura de nuestros atletas en Friol, con la disputa de dos de esos campeonatos. La localidad lucense acoge el Campeonato Gallego Cadete-Juvenil de Cross, individual\" \/>\n\t\t<script type=\"application\/ld+json\" class=\"aioseo-schema\">\n\t\t\t{\"@context\":\"https:\\\/\\\/schema.org\",\"@graph\":[{\"@type\":\"Article\",\"@id\":\"https:\\\/\\\/clubourenseatletismo.es\\\/blog\\\/2014\\\/01\\\/22\\\/cadete-juvenil-y-cross-corto-campeonatos-gallegos-para-este-fin-de-semana\\\/#article\",\"name\":\"Cadete-Juvenil y Cross Corto, Campeonatos Gallegos para este fin de semana | Club Ourense Atletismo\",\"headline\":\"Cadete-Juvenil y Cross Corto, Campeonatos Gallegos para este fin de semana\",\"author\":{\"@id\":\"https:\\\/\\\/clubourenseatletismo.es\\\/blog\\\/author\\\/clubourense\\\/#author\"},\"publisher\":{\"@id\":\"https:\\\/\\\/clubourenseatletismo.es\\\/blog\\\/#organization\"},\"image\":{\"@type\":\"ImageObject\",\"url\":\"https:\\\/\\\/clubourenseatletismo.es\\\/blog\\\/wp-content\\\/uploads\\\/2014\\\/01\\\/Portapapeles011.jpg\",\"@id\":\"https:\\\/\\\/clubourenseatletismo.es\\\/blog\\\/2014\\\/01\\\/22\\\/cadete-juvenil-y-cross-corto-campeonatos-gallegos-para-este-fin-de-semana\\\/#articleImage\",\"width\":300,\"height\":420},\"datePublished\":\"2014-01-22T08:43:13+01:00\",\"dateModified\":\"2014-01-23T10:03:41+01:00\",\"inLanguage\":\"es-ES\",\"mainEntityOfPage\":{\"@id\":\"https:\\\/\\\/clubourenseatletismo.es\\\/blog\\\/2014\\\/01\\\/22\\\/cadete-juvenil-y-cross-corto-campeonatos-gallegos-para-este-fin-de-semana\\\/#webpage\"},\"isPartOf\":{\"@id\":\"https:\\\/\\\/clubourenseatletismo.es\\\/blog\\\/2014\\\/01\\\/22\\\/cadete-juvenil-y-cross-corto-campeonatos-gallegos-para-este-fin-de-semana\\\/#webpage\"},\"articleSection\":\"Club, Cpto. Gallego, Escuela, Previa\"},{\"@type\":\"BreadcrumbList\",\"@id\":\"https:\\\/\\\/clubourenseatletismo.es\\\/blog\\\/2014\\\/01\\\/22\\\/cadete-juvenil-y-cross-corto-campeonatos-gallegos-para-este-fin-de-semana\\\/#breadcrumblist\",\"itemListElement\":[{\"@type\":\"ListItem\",\"@id\":\"https:\\\/\\\/clubourenseatletismo.es\\\/blog#listItem\",\"position\":1,\"name\":\"Inicio\",\"item\":\"https:\\\/\\\/clubourenseatletismo.es\\\/blog\",\"nextItem\":{\"@type\":\"ListItem\",\"@id\":\"https:\\\/\\\/clubourenseatletismo.es\\\/blog\\\/category\\\/club\\\/#listItem\",\"name\":\"Club\"}},{\"@type\":\"ListItem\",\"@id\":\"https:\\\/\\\/clubourenseatletismo.es\\\/blog\\\/category\\\/club\\\/#listItem\",\"position\":2,\"name\":\"Club\",\"item\":\"https:\\\/\\\/clubourenseatletismo.es\\\/blog\\\/category\\\/club\\\/\",\"nextItem\":{\"@type\":\"ListItem\",\"@id\":\"https:\\\/\\\/clubourenseatletismo.es\\\/blog\\\/2014\\\/01\\\/22\\\/cadete-juvenil-y-cross-corto-campeonatos-gallegos-para-este-fin-de-semana\\\/#listItem\",\"name\":\"Cadete-Juvenil y Cross Corto, Campeonatos Gallegos para este fin de semana\"},\"previousItem\":{\"@type\":\"ListItem\",\"@id\":\"https:\\\/\\\/clubourenseatletismo.es\\\/blog#listItem\",\"name\":\"Inicio\"}},{\"@type\":\"ListItem\",\"@id\":\"https:\\\/\\\/clubourenseatletismo.es\\\/blog\\\/2014\\\/01\\\/22\\\/cadete-juvenil-y-cross-corto-campeonatos-gallegos-para-este-fin-de-semana\\\/#listItem\",\"position\":3,\"name\":\"Cadete-Juvenil y Cross Corto, Campeonatos Gallegos para este fin de semana\",\"previousItem\":{\"@type\":\"ListItem\",\"@id\":\"https:\\\/\\\/clubourenseatletismo.es\\\/blog\\\/category\\\/club\\\/#listItem\",\"name\":\"Club\"}}]},{\"@type\":\"Organization\",\"@id\":\"https:\\\/\\\/clubourenseatletismo.es\\\/blog\\\/#organization\",\"name\":\"Club Ourense Atletismo\",\"description\":\"Escuela Ourense Atletismo\",\"url\":\"https:\\\/\\\/clubourenseatletismo.es\\\/blog\\\/\",\"telephone\":\"+34637157458\",\"logo\":{\"@type\":\"ImageObject\",\"url\":\"https:\\\/\\\/clubourenseatletismo.es\\\/blog\\\/wp-content\\\/uploads\\\/2019\\\/09\\\/cropped-LOGO-1.jpeg\",\"@id\":\"https:\\\/\\\/clubourenseatletismo.es\\\/blog\\\/2014\\\/01\\\/22\\\/cadete-juvenil-y-cross-corto-campeonatos-gallegos-para-este-fin-de-semana\\\/#organizationLogo\",\"width\":512,\"height\":512},\"image\":{\"@id\":\"https:\\\/\\\/clubourenseatletismo.es\\\/blog\\\/2014\\\/01\\\/22\\\/cadete-juvenil-y-cross-corto-campeonatos-gallegos-para-este-fin-de-semana\\\/#organizationLogo\"},\"sameAs\":[\"https:\\\/\\\/www.facebook.com\\\/profile.php?id=100063516489280\",\"https:\\\/\\\/www.instagram.com\\\/clubourenseatletismo\\\/\"]},{\"@type\":\"Person\",\"@id\":\"https:\\\/\\\/clubourenseatletismo.es\\\/blog\\\/author\\\/clubourense\\\/#author\",\"url\":\"https:\\\/\\\/clubourenseatletismo.es\\\/blog\\\/author\\\/clubourense\\\/\",\"name\":\"clubourense\",\"image\":{\"@type\":\"ImageObject\",\"@id\":\"https:\\\/\\\/clubourenseatletismo.es\\\/blog\\\/2014\\\/01\\\/22\\\/cadete-juvenil-y-cross-corto-campeonatos-gallegos-para-este-fin-de-semana\\\/#authorImage\",\"url\":\"https:\\\/\\\/secure.gravatar.com\\\/avatar\\\/054ff0256550e5d1d577fa683a74658acb2f33f773051c5f2e6e8de910594748?s=96&d=mm&r=g\",\"width\":96,\"height\":96,\"caption\":\"clubourense\"}},{\"@type\":\"WebPage\",\"@id\":\"https:\\\/\\\/clubourenseatletismo.es\\\/blog\\\/2014\\\/01\\\/22\\\/cadete-juvenil-y-cross-corto-campeonatos-gallegos-para-este-fin-de-semana\\\/#webpage\",\"url\":\"https:\\\/\\\/clubourenseatletismo.es\\\/blog\\\/2014\\\/01\\\/22\\\/cadete-juvenil-y-cross-corto-campeonatos-gallegos-para-este-fin-de-semana\\\/\",\"name\":\"Cadete-Juvenil y Cross Corto, Campeonatos Gallegos para este fin de semana | Club Ourense Atletismo\",\"description\":\"Comienzan a partir de este fin de semana una serie de Campeonatos Auton\\u00f3micos en los que tendremos presencia, y que se disputar\\u00e1n practicamente seguidos. Este pr\\u00f3ximo domingo se inicia esta andadura de nuestros atletas en Friol, con la disputa de dos de esos campeonatos. La localidad lucense acoge el Campeonato Gallego Cadete-Juvenil de Cross, individual\",\"inLanguage\":\"es-ES\",\"isPartOf\":{\"@id\":\"https:\\\/\\\/clubourenseatletismo.es\\\/blog\\\/#website\"},\"breadcrumb\":{\"@id\":\"https:\\\/\\\/clubourenseatletismo.es\\\/blog\\\/2014\\\/01\\\/22\\\/cadete-juvenil-y-cross-corto-campeonatos-gallegos-para-este-fin-de-semana\\\/#breadcrumblist\"},\"author\":{\"@id\":\"https:\\\/\\\/clubourenseatletismo.es\\\/blog\\\/author\\\/clubourense\\\/#author\"},\"creator\":{\"@id\":\"https:\\\/\\\/clubourenseatletismo.es\\\/blog\\\/author\\\/clubourense\\\/#author\"},\"datePublished\":\"2014-01-22T08:43:13+01:00\",\"dateModified\":\"2014-01-23T10:03:41+01:00\"},{\"@type\":\"WebSite\",\"@id\":\"https:\\\/\\\/clubourenseatletismo.es\\\/blog\\\/#website\",\"url\":\"https:\\\/\\\/clubourenseatletismo.es\\\/blog\\\/\",\"name\":\"Club Ourense Atletismo\",\"description\":\"Escuela Ourense Atletismo\",\"inLanguage\":\"es-ES\",\"publisher\":{\"@id\":\"https:\\\/\\\/clubourenseatletismo.es\\\/blog\\\/#organization\"}}]}\n\t\t<\/script>\n\t\t<!-- All in One SEO -->\n\n","aioseo_head_json":{"title":"Cadete-Juvenil y Cross Corto, Campeonatos Gallegos para este fin de semana | Club Ourense Atletismo","description":"Comienzan a partir de este fin de semana una serie de Campeonatos Auton\u00f3micos en los que tendremos presencia, y que se disputar\u00e1n practicamente seguidos. Este pr\u00f3ximo domingo se inicia esta andadura de nuestros atletas en Friol, con la disputa de dos de esos campeonatos. La localidad lucense acoge el Campeonato Gallego Cadete-Juvenil de Cross, individual","canonical_url":"https:\/\/clubourenseatletismo.es\/blog\/2014\/01\/22\/cadete-juvenil-y-cross-corto-campeonatos-gallegos-para-este-fin-de-semana\/","robots":"max-image-preview:large","keywords":"","webmasterTools":{"miscellaneous":""},"schema":{"@context":"https:\/\/schema.org","@graph":[{"@type":"Article","@id":"https:\/\/clubourenseatletismo.es\/blog\/2014\/01\/22\/cadete-juvenil-y-cross-corto-campeonatos-gallegos-para-este-fin-de-semana\/#article","name":"Cadete-Juvenil y Cross Corto, Campeonatos Gallegos para este fin de semana | Club Ourense Atletismo","headline":"Cadete-Juvenil y Cross Corto, Campeonatos Gallegos para este fin de semana","author":{"@id":"https:\/\/clubourenseatletismo.es\/blog\/author\/clubourense\/#author"},"publisher":{"@id":"https:\/\/clubourenseatletismo.es\/blog\/#organization"},"image":{"@type":"ImageObject","url":"https:\/\/clubourenseatletismo.es\/blog\/wp-content\/uploads\/2014\/01\/Portapapeles011.jpg","@id":"https:\/\/clubourenseatletismo.es\/blog\/2014\/01\/22\/cadete-juvenil-y-cross-corto-campeonatos-gallegos-para-este-fin-de-semana\/#articleImage","width":300,"height":420},"datePublished":"2014-01-22T08:43:13+01:00","dateModified":"2014-01-23T10:03:41+01:00","inLanguage":"es-ES","mainEntityOfPage":{"@id":"https:\/\/clubourenseatletismo.es\/blog\/2014\/01\/22\/cadete-juvenil-y-cross-corto-campeonatos-gallegos-para-este-fin-de-semana\/#webpage"},"isPartOf":{"@id":"https:\/\/clubourenseatletismo.es\/blog\/2014\/01\/22\/cadete-juvenil-y-cross-corto-campeonatos-gallegos-para-este-fin-de-semana\/#webpage"},"articleSection":"Club, Cpto. Gallego, Escuela, Previa"},{"@type":"BreadcrumbList","@id":"https:\/\/clubourenseatletismo.es\/blog\/2014\/01\/22\/cadete-juvenil-y-cross-corto-campeonatos-gallegos-para-este-fin-de-semana\/#breadcrumblist","itemListElement":[{"@type":"ListItem","@id":"https:\/\/clubourenseatletismo.es\/blog#listItem","position":1,"name":"Inicio","item":"https:\/\/clubourenseatletismo.es\/blog","nextItem":{"@type":"ListItem","@id":"https:\/\/clubourenseatletismo.es\/blog\/category\/club\/#listItem","name":"Club"}},{"@type":"ListItem","@id":"https:\/\/clubourenseatletismo.es\/blog\/category\/club\/#listItem","position":2,"name":"Club","item":"https:\/\/clubourenseatletismo.es\/blog\/category\/club\/","nextItem":{"@type":"ListItem","@id":"https:\/\/clubourenseatletismo.es\/blog\/2014\/01\/22\/cadete-juvenil-y-cross-corto-campeonatos-gallegos-para-este-fin-de-semana\/#listItem","name":"Cadete-Juvenil y Cross Corto, Campeonatos Gallegos para este fin de semana"},"previousItem":{"@type":"ListItem","@id":"https:\/\/clubourenseatletismo.es\/blog#listItem","name":"Inicio"}},{"@type":"ListItem","@id":"https:\/\/clubourenseatletismo.es\/blog\/2014\/01\/22\/cadete-juvenil-y-cross-corto-campeonatos-gallegos-para-este-fin-de-semana\/#listItem","position":3,"name":"Cadete-Juvenil y Cross Corto, Campeonatos Gallegos para este fin de semana","previousItem":{"@type":"ListItem","@id":"https:\/\/clubourenseatletismo.es\/blog\/category\/club\/#listItem","name":"Club"}}]},{"@type":"Organization","@id":"https:\/\/clubourenseatletismo.es\/blog\/#organization","name":"Club Ourense Atletismo","description":"Escuela Ourense Atletismo","url":"https:\/\/clubourenseatletismo.es\/blog\/","telephone":"+34637157458","logo":{"@type":"ImageObject","url":"https:\/\/clubourenseatletismo.es\/blog\/wp-content\/uploads\/2019\/09\/cropped-LOGO-1.jpeg","@id":"https:\/\/clubourenseatletismo.es\/blog\/2014\/01\/22\/cadete-juvenil-y-cross-corto-campeonatos-gallegos-para-este-fin-de-semana\/#organizationLogo","width":512,"height":512},"image":{"@id":"https:\/\/clubourenseatletismo.es\/blog\/2014\/01\/22\/cadete-juvenil-y-cross-corto-campeonatos-gallegos-para-este-fin-de-semana\/#organizationLogo"},"sameAs":["https:\/\/www.facebook.com\/profile.php?id=100063516489280","https:\/\/www.instagram.com\/clubourenseatletismo\/"]},{"@type":"Person","@id":"https:\/\/clubourenseatletismo.es\/blog\/author\/clubourense\/#author","url":"https:\/\/clubourenseatletismo.es\/blog\/author\/clubourense\/","name":"clubourense","image":{"@type":"ImageObject","@id":"https:\/\/clubourenseatletismo.es\/blog\/2014\/01\/22\/cadete-juvenil-y-cross-corto-campeonatos-gallegos-para-este-fin-de-semana\/#authorImage","url":"https:\/\/secure.gravatar.com\/avatar\/054ff0256550e5d1d577fa683a74658acb2f33f773051c5f2e6e8de910594748?s=96&d=mm&r=g","width":96,"height":96,"caption":"clubourense"}},{"@type":"WebPage","@id":"https:\/\/clubourenseatletismo.es\/blog\/2014\/01\/22\/cadete-juvenil-y-cross-corto-campeonatos-gallegos-para-este-fin-de-semana\/#webpage","url":"https:\/\/clubourenseatletismo.es\/blog\/2014\/01\/22\/cadete-juvenil-y-cross-corto-campeonatos-gallegos-para-este-fin-de-semana\/","name":"Cadete-Juvenil y Cross Corto, Campeonatos Gallegos para este fin de semana | Club Ourense Atletismo","description":"Comienzan a partir de este fin de semana una serie de Campeonatos Auton\u00f3micos en los que tendremos presencia, y que se disputar\u00e1n practicamente seguidos. Este pr\u00f3ximo domingo se inicia esta andadura de nuestros atletas en Friol, con la disputa de dos de esos campeonatos. La localidad lucense acoge el Campeonato Gallego Cadete-Juvenil de Cross, individual","inLanguage":"es-ES","isPartOf":{"@id":"https:\/\/clubourenseatletismo.es\/blog\/#website"},"breadcrumb":{"@id":"https:\/\/clubourenseatletismo.es\/blog\/2014\/01\/22\/cadete-juvenil-y-cross-corto-campeonatos-gallegos-para-este-fin-de-semana\/#breadcrumblist"},"author":{"@id":"https:\/\/clubourenseatletismo.es\/blog\/author\/clubourense\/#author"},"creator":{"@id":"https:\/\/clubourenseatletismo.es\/blog\/author\/clubourense\/#author"},"datePublished":"2014-01-22T08:43:13+01:00","dateModified":"2014-01-23T10:03:41+01:00"},{"@type":"WebSite","@id":"https:\/\/clubourenseatletismo.es\/blog\/#website","url":"https:\/\/clubourenseatletismo.es\/blog\/","name":"Club Ourense Atletismo","description":"Escuela Ourense Atletismo","inLanguage":"es-ES","publisher":{"@id":"https:\/\/clubourenseatletismo.es\/blog\/#organization"}}]},"og:locale":"es_ES","og:site_name":"Club Ourense Atletismo | Escuela Ourense Atletismo","og:type":"article","og:title":"Cadete-Juvenil y Cross Corto, Campeonatos Gallegos para este fin de semana | Club Ourense Atletismo","og:description":"Comienzan a partir de este fin de semana una serie de Campeonatos Auton\u00f3micos en los que tendremos presencia, y que se disputar\u00e1n practicamente seguidos. Este pr\u00f3ximo domingo se inicia esta andadura de nuestros atletas en Friol, con la disputa de dos de esos campeonatos. La localidad lucense acoge el Campeonato Gallego Cadete-Juvenil de Cross, individual","og:url":"https:\/\/clubourenseatletismo.es\/blog\/2014\/01\/22\/cadete-juvenil-y-cross-corto-campeonatos-gallegos-para-este-fin-de-semana\/","article:published_time":"2014-01-22T07:43:13+00:00","article:modified_time":"2014-01-23T09:03:41+00:00","article:publisher":"https:\/\/www.facebook.com\/profile.php?id=100063516489280","twitter:card":"summary","twitter:title":"Cadete-Juvenil y Cross Corto, Campeonatos Gallegos para este fin de semana | Club Ourense Atletismo","twitter:description":"Comienzan a partir de este fin de semana una serie de Campeonatos Auton\u00f3micos en los que tendremos presencia, y que se disputar\u00e1n practicamente seguidos. Este pr\u00f3ximo domingo se inicia esta andadura de nuestros atletas en Friol, con la disputa de dos de esos campeonatos. La localidad lucense acoge el Campeonato Gallego Cadete-Juvenil de Cross, individual"},"aioseo_meta_data":{"post_id":"2095","title":null,"description":null,"keywords":null,"keyphrases":null,"primary_term":null,"canonical_url":null,"og_title":null,"og_description":null,"og_object_type":"default","og_image_type":"default","og_image_url":null,"og_image_width":null,"og_image_height":null,"og_image_custom_url":null,"og_image_custom_fields":null,"og_video":null,"og_custom_url":null,"og_article_section":null,"og_article_tags":null,"twitter_use_og":false,"twitter_card":"default","twitter_image_type":"default","twitter_image_url":null,"twitter_image_custom_url":null,"twitter_image_custom_fields":null,"twitter_title":null,"twitter_description":null,"schema":{"blockGraphs":[],"customGraphs":[],"default":{"data":{"Article":[],"Course":[],"Dataset":[],"FAQPage":[],"Movie":[],"Person":[],"Product":[],"ProductReview":[],"Car":[],"Recipe":[],"Service":[],"SoftwareApplication":[],"WebPage":[]},"graphName":"","isEnabled":true},"graphs":[]},"schema_type":null,"schema_type_options":null,"pillar_content":false,"robots_default":true,"robots_noindex":false,"robots_noarchive":false,"robots_nosnippet":false,"robots_nofollow":false,"robots_noimageindex":false,"robots_noodp":false,"robots_notranslate":false,"robots_max_snippet":null,"robots_max_videopreview":null,"robots_max_imagepreview":"large","priority":null,"frequency":null,"location":null,"local_seo":null,"breadcrumb_settings":null,"limit_modified_date":false,"ai":null,"created":"2020-12-24 11:17:11","updated":"2022-09-21 02:41:51","seo_analyzer_scan_date":null,"focus_keyword":null,"additional_keywords":null,"truseo_locale":null},"aioseo_breadcrumb":"<div class=\"aioseo-breadcrumbs\"><span class=\"aioseo-breadcrumb\">\n\t\t\t<a href=\"https:\/\/clubourenseatletismo.es\/blog\" title=\"Inicio\">Inicio<\/a>\n\t\t<\/span><span class=\"aioseo-breadcrumb-separator\">&raquo;<\/span><span class=\"aioseo-breadcrumb\">\n\t\t\t<a href=\"https:\/\/clubourenseatletismo.es\/blog\/category\/club\/\" title=\"Club\">Club<\/a>\n\t\t<\/span><span class=\"aioseo-breadcrumb-separator\">&raquo;<\/span><span class=\"aioseo-breadcrumb\">\n\t\t\tCadete-Juvenil y Cross Corto, Campeonatos Gallegos para este fin de semana\n\t\t<\/span><\/div>","aioseo_breadcrumb_json":[{"label":"Inicio","link":"https:\/\/clubourenseatletismo.es\/blog"},{"label":"Club","link":"https:\/\/clubourenseatletismo.es\/blog\/category\/club\/"},{"label":"Cadete-Juvenil y Cross Corto, Campeonatos Gallegos para este fin de semana","link":"https:\/\/clubourenseatletismo.es\/blog\/2014\/01\/22\/cadete-juvenil-y-cross-corto-campeonatos-gallegos-para-este-fin-de-semana\/"}],"_links":{"self":[{"href":"https:\/\/clubourenseatletismo.es\/blog\/wp-json\/wp\/v2\/posts\/2095","targetHints":{"allow":["GET"]}}],"collection":[{"href":"https:\/\/clubourenseatletismo.es\/blog\/wp-json\/wp\/v2\/posts"}],"about":[{"href":"https:\/\/clubourenseatletismo.es\/blog\/wp-json\/wp\/v2\/types\/post"}],"author":[{"embeddable":true,"href":"https:\/\/clubourenseatletismo.es\/blog\/wp-json\/wp\/v2\/users\/1"}],"replies":[{"embeddable":true,"href":"https:\/\/clubourenseatletismo.es\/blog\/wp-json\/wp\/v2\/comments?post=2095"}],"version-history":[{"count":0,"href":"https:\/\/clubourenseatletismo.es\/blog\/wp-json\/wp\/v2\/posts\/2095\/revisions"}],"wp:attachment":[{"href":"https:\/\/clubourenseatletismo.es\/blog\/wp-json\/wp\/v2\/media?parent=2095"}],"wp:term":[{"taxonomy":"category","embeddable":true,"href":"https:\/\/clubourenseatletismo.es\/blog\/wp-json\/wp\/v2\/categories?post=2095"},{"taxonomy":"post_tag","embeddable":true,"href":"https:\/\/clubourenseatletismo.es\/blog\/wp-json\/wp\/v2\/tags?post=2095"}],"curies":[{"name":"wp","href":"https:\/\/api.w.org\/{rel}","templated":true}]}}