{"id":2053,"date":"2014-01-12T17:09:45","date_gmt":"2014-01-12T16:09:45","guid":{"rendered":"http:\/\/clubourenseatletismo.es\/blog\/?p=2053"},"modified":"2014-01-16T10:20:15","modified_gmt":"2014-01-16T09:20:15","slug":"resultados-cross-de-ribadavia-provincial-absoluto","status":"publish","type":"post","link":"https:\/\/clubourenseatletismo.es\/blog\/2014\/01\/12\/resultados-cross-de-ribadavia-provincial-absoluto\/","title":{"rendered":"Resultados Cross de Ribadavia &#8211; Provincial Absoluto"},"content":{"rendered":"<p style=\"text-align: justify;\">El circuito de \u00abA Veronza\u00bb, de Ribadavia, acogi\u00f3 esta ma\u00f1ana el <span style=\"text-decoration: underline; color: #000000;\"><strong>Cross de Ribadavia 2014 &#8211; Campeonato Provincial Absoluto de Cross<\/strong><\/span>. Fue una ma\u00f1ana muy lluviosa, que dej\u00f3 calados sobre todo a los m\u00e1s peque\u00f1os, y que dio una peque\u00f1a tregua a los corredores absolutos. La participaci\u00f3n fue bastante amplia, sobre todo en las pruebas absolutas, con corredores de varias provincias.<\/p>\n<p style=\"text-align: justify;\">Por lo que respecta a los nuestros, hay que destacar las actuaciones de los m\u00e1s\u00a0 j\u00f3venes, que lograron subir al podio hasta en 11 ocasiones. Ya en la primera carrera, la cadete-juvenil hombres, <strong><span style=\"color: #0000ff;\">Abraham Rodr\u00edguez<\/span> <\/strong>(6\u00ba) y <strong><span style=\"color: #0000ff;\">Angel V\u00e1zquez<\/span> <\/strong>(8\u00ba) fueron primero y segundo de la categor\u00eda cadete. <strong><span style=\"color: #0000ff;\">Xo\u00e1n Eusebio Iglesias<\/span><\/strong>, en el 5\u00ba lugar de la carrera, ocup\u00f3 esta misma plaza en juveniles, siendo adem\u00e1s el segundo ourensano. En la prueba femenina, nuestras cadetes <strong><span style=\"color: #0000ff;\">Ant\u00eda Rodr\u00edguez<\/span><\/strong>, <strong><span style=\"color: #0000ff;\">Adriana Ferreiro<\/span> <\/strong>y <strong><span style=\"color: #0000ff;\">Esther Parada<\/span> <\/strong>lograban los 2\u00ba, 3\u00ba y 4\u00ba puestos de la prueba y de la categor\u00eda. El podio infantil femenino fue copado por nuestras atletas, con una inmensa <strong><span style=\"color: #0000ff;\">Itz\u00edar Manso<\/span><\/strong>, seguida de cerca por <span style=\"color: #0000ff;\"><strong>Nayeli Iglesias<\/strong> <\/span>y por <span style=\"color: #0000ff;\"><strong>Rebeca V\u00e1zquez<\/strong><\/span>, tambi\u00e9n una gran carrera para ellas. <span style=\"color: #0000ff;\"><strong>Alvaro D\u00edaz<\/strong> <\/span>fue el vencedor de la categor\u00eda alev\u00edn masculino. Y tambi\u00e9n se logr\u00f3 el triplete en la categor\u00eda benjam\u00edn femenino, con <strong><span style=\"color: #0000ff;\">Aroa Gonz\u00e1lez<\/span> <\/strong>primera, <strong><span style=\"color: #0000ff;\">Mar D\u00edaz<\/span> <\/strong>segunda y <strong><span style=\"color: #0000ff;\">Menc\u00eda Luis<\/span> <\/strong>tercera.<\/p>\n<p style=\"text-align: justify;\">Fuera de podio, pero con buenas actuaciones, quedaron <strong><span style=\"color: #0000ff;\">Alexandre Alvarez<\/span> <\/strong>(5\u00ba alev\u00edn) y <span style=\"color: #0000ff;\"><strong>Aar\u00f3n Su\u00e1rez<\/strong> <\/span>(8\u00ba alev\u00edn). <strong><span style=\"color: #0000ff;\">Martina Fern\u00e1ndez<\/span> <\/strong>fue la mejor en la misma cateor\u00eda (7\u00ba puesto), mientras que en benjam\u00edn masculino nuestros mejores peque\u00f1os ocuparon los puestos del 6\u00ba al 9\u00ba: <strong><span style=\"color: #0000ff;\">Javier Malingre<\/span><\/strong>, <strong><span style=\"color: #0000ff;\">H\u00e9ctor Rodr\u00edguez<\/span><\/strong>, <strong><span style=\"color: #0000ff;\">Mateo Cruz<\/span> <\/strong>y <strong><span style=\"color: #0000ff;\">Jacobo Gonz\u00e1lez<\/span><\/strong>.<\/p>\n<p style=\"text-align: justify;\">Por lo que se refiere al <span style=\"color: #000000;\"><strong><span style=\"text-decoration: underline;\">Campeonato Provincial Absoluto<\/span><\/strong><\/span>, el equipo femenino (aparte de acumular 4 podios m\u00e1s) logr\u00f3 el tercer puesto por equipos, a solo 5 puntos del ADAS, segundo clasificado. Nuestras atletas fueron <strong><span style=\"color: #0000ff;\">Silvia Teijeiro<\/span><\/strong>, 9\u00aa en meta y 2\u00aa clasificada en Veteranas A; <strong><span style=\"color: #0000ff;\">Filomena Cid<\/span><\/strong>, 10\u00aa clasificada y 3\u00aa en la misma categor\u00eda; <strong><span style=\"color: #0000ff;\">Cristina Garc\u00eda<\/span><\/strong>, 22\u00aa clasificada y 3\u00aa clasificada en Veteranas B; y <strong><span style=\"color: #0000ff;\">Alba Mar\u00eda Ramos<\/span><\/strong>, en el puesto 26\u00ba, segunda Promesa y <span style=\"text-decoration: underline;\">Campeona Provincial<\/span> de la categor\u00eda. En cuanto a los hombres, el equipo tan solo pudo ser quinto clasificado, con 88 puntos. Los componentes del equipo fueron el ex marchador <strong><span style=\"color: #0000ff;\">Jorge Silva<\/span> <\/strong>(puesto 27\u00ba y 8\u00ba Senior); el debutante <strong><span style=\"color: #0000ff;\">Javier de Dios<\/span><\/strong> (puesto 29\u00ba y 9\u00ba Senior); <strong><span style=\"color: #0000ff;\">Alberto Rodr\u00edguez<\/span> <\/strong>(puesto 31\u00ba y 12\u00ba Veterano A); y <strong><span style=\"color: #0000ff;\">Juli\u00e1n Romero<\/span> <\/strong>(puesto 33\u00ba y 10\u00ba Senior).<\/p>\n<div id=\"attachment_2054\" style=\"width: 560px\" class=\"wp-caption aligncenter\"><img loading=\"lazy\" decoding=\"async\" aria-describedby=\"caption-attachment-2054\" class=\"size-full wp-image-2054 \" alt=\"\" src=\"http:\/\/clubourenseatletismo.es\/blog\/wp-content\/uploads\/2014\/01\/IMG_5696.jpg\" width=\"550\" height=\"366\" srcset=\"https:\/\/clubourenseatletismo.es\/blog\/wp-content\/uploads\/2014\/01\/IMG_5696.jpg 550w, https:\/\/clubourenseatletismo.es\/blog\/wp-content\/uploads\/2014\/01\/IMG_5696-300x199.jpg 300w\" sizes=\"auto, (max-width: 550px) 100vw, 550px\" \/><p id=\"caption-attachment-2054\" class=\"wp-caption-text\"><span style=\"color: #0000ff;\">Cristina Garc\u00eda, Alba M\u00aa Ramos, Silvia Teijeiro y Filo Cid, terceras absolutas por equipos.<\/span><\/p><\/div>\n<p style=\"text-align: justify;\">[<a href=\"http:\/\/www.atletismogalego.com\/Resultados201314\/Ourense\/ro120114.pdf\" target=\"_blank\"><span style=\"color: #800000;\">Resultados<\/span><\/a>]\u00a0 [<a href=\"https:\/\/plus.google.com\/u\/0\/photos\/105867142004461372316\/albums\/5968057736660996881\" target=\"_blank\"><span style=\"color: #800000;\"><strong>FOTOS<\/strong><\/span><\/a>]<\/p>\n<p style=\"text-align: justify;\">Tambi\u00e9n tuvimos doble representaci\u00f3n en el <span style=\"text-decoration: underline; color: #000000;\"><strong>Campeonato Zona Norte de Portugal en Pista Cubierta<\/strong><\/span>, que se disput\u00f3 en Braga en jornada doble de s\u00e1bado y domingo. En la jornada del s\u00e1bado, en la prueba de 1500 metros, <span style=\"color: #0000ff;\"><strong>Gerardo Mart\u00ednez<\/strong> <\/span>lograba marcar 4:40.91, por los 4:45.97 de su compa\u00f1ero <strong><span style=\"color: #0000ff;\">Alejandro D\u00edaz<\/span><\/strong>. Ya esta misma ma\u00f1ana, y en los 3000 metros lisos, Gerardo lograba un crono de 9:47.75 por los 9:56.14 de Alejandro.<\/p>\n<p style=\"text-align: justify;\">[<a href=\"http:\/\/www.aabraga.pt\/competicao\/resultados\/com0809.pdf\" target=\"_blank\"><span style=\"color: #800000;\">Resultados<\/span><\/a>]<\/p>\n","protected":false},"excerpt":{"rendered":"<p>El circuito de \u00abA Veronza\u00bb, de Ribadavia, acogi\u00f3 esta ma\u00f1ana el Cross de Ribadavia 2014 &#8211; Campeonato Provincial Absoluto de Cross. Fue una ma\u00f1ana muy lluviosa, que dej\u00f3 calados sobre todo a los m\u00e1s peque\u00f1os, y que dio una peque\u00f1a tregua a los corredores absolutos&#8230;.<\/p>\n","protected":false},"author":1,"featured_media":0,"comment_status":"closed","ping_status":"closed","sticky":false,"template":"","format":"standard","meta":{"footnotes":""},"categories":[5,6,9],"tags":[],"class_list":["post-2053","post","type-post","status-publish","format-standard","hentry","category-club","category-escuela","category-resultados"],"aioseo_notices":[],"_links":{"self":[{"href":"https:\/\/clubourenseatletismo.es\/blog\/wp-json\/wp\/v2\/posts\/2053","targetHints":{"allow":["GET"]}}],"collection":[{"href":"https:\/\/clubourenseatletismo.es\/blog\/wp-json\/wp\/v2\/posts"}],"about":[{"href":"https:\/\/clubourenseatletismo.es\/blog\/wp-json\/wp\/v2\/types\/post"}],"author":[{"embeddable":true,"href":"https:\/\/clubourenseatletismo.es\/blog\/wp-json\/wp\/v2\/users\/1"}],"replies":[{"embeddable":true,"href":"https:\/\/clubourenseatletismo.es\/blog\/wp-json\/wp\/v2\/comments?post=2053"}],"version-history":[{"count":0,"href":"https:\/\/clubourenseatletismo.es\/blog\/wp-json\/wp\/v2\/posts\/2053\/revisions"}],"wp:attachment":[{"href":"https:\/\/clubourenseatletismo.es\/blog\/wp-json\/wp\/v2\/media?parent=2053"}],"wp:term":[{"taxonomy":"category","embeddable":true,"href":"https:\/\/clubourenseatletismo.es\/blog\/wp-json\/wp\/v2\/categories?post=2053"},{"taxonomy":"post_tag","embeddable":true,"href":"https:\/\/clubourenseatletismo.es\/blog\/wp-json\/wp\/v2\/tags?post=2053"}],"curies":[{"name":"wp","href":"https:\/\/api.w.org\/{rel}","templated":true}]}}