{"id":199,"date":"2012-11-17T14:54:33","date_gmt":"2012-11-17T13:54:33","guid":{"rendered":"http:\/\/clubourenseatletismo.es\/blog\/?p=199"},"modified":"2012-11-17T14:54:33","modified_gmt":"2012-11-17T13:54:33","slug":"nuestros-ninos-protagonistas-de-la-previa","status":"publish","type":"post","link":"https:\/\/clubourenseatletismo.es\/blog\/2012\/11\/17\/nuestros-ninos-protagonistas-de-la-previa\/","title":{"rendered":"Nuestros ni\u00f1os, protagonistas de la previa"},"content":{"rendered":"<p style=\"text-align: justify;\">Un grupo de nuestros atletas m\u00e1s j\u00f3venes de la Escuela tomaron el protagonismo en la ma\u00f1ana de hoy en la cancha central del Pabell\u00f3n de Os Remedios.<\/p>\n<p style=\"text-align: center;\"><img loading=\"lazy\" decoding=\"async\" class=\"size-full wp-image-200 aligncenter\" title=\"El grupo de los peques de la Escuela\" src=\"http:\/\/clubourenseatletismo.es\/blog\/wp-content\/uploads\/2012\/11\/P1000316.jpg\" alt=\"\" width=\"350\" height=\"192\" srcset=\"https:\/\/clubourenseatletismo.es\/blog\/wp-content\/uploads\/2012\/11\/P1000316.jpg 350w, https:\/\/clubourenseatletismo.es\/blog\/wp-content\/uploads\/2012\/11\/P1000316-300x164.jpg 300w\" sizes=\"auto, (max-width: 350px) 100vw, 350px\" \/><\/p>\n<p style=\"text-align: justify;\">Aprovechando la celebraci\u00f3n de la <span style=\"text-decoration: underline;\"><strong>I Feira do Corredor<\/strong><\/span> realizaron una demostraci\u00f3n de una sesi\u00f3n de entrenamiento, ante la atenta mirada de sus padres y de todos los que se acercaron a esa hora al Pabell\u00f3n para recoger su dorsal para la carrera de ma\u00f1ana. El grupo estuvo supervisado por tres de los monitores de la Escuela: <strong>Alfredo Gonz\u00e1lez<\/strong>, <strong>Santiago Saco<\/strong> y <strong>Julia Gasca<\/strong>.<\/p>\n<p style=\"text-align: justify;\"><img loading=\"lazy\" decoding=\"async\" class=\"alignleft size-full wp-image-206\" title=\"Jorge Silva, durante su disertaci\u00f3n\" src=\"http:\/\/clubourenseatletismo.es\/blog\/wp-content\/uploads\/2012\/11\/P10003241.jpg\" alt=\"\" width=\"106\" height=\"169\" \/>Una vez rematada la sesi\u00f3n de los peque\u00f1os, fue el turno de nuestro Secretario, <strong>Jorge Silva<\/strong>, invitado por la organizaci\u00f3n para dar a los asistentes interesados una charla acerca de la preparaci\u00f3n de las pruebas de fondo, incluyendo aspectos no solo de entrenamiento, sino nutricionales, motivaciones y psicol\u00f3gicos sobre c\u00f3mo afrontar una competici\u00f3n.<\/p>\n<p style=\"text-align: justify;\">Ma\u00f1ana ser\u00e1 el d\u00eda grande, cuando se den cita por las calles de Ourense los aficionados al atletismo, a partir de las 11:00 de la ma\u00f1ana (carrera absoluta), y a partir de las 12:30 (carrera escolar). Ourense volver\u00e1 a vivir un a\u00f1o m\u00e1s la gran fiesta del atletismo.<\/p>\n","protected":false},"excerpt":{"rendered":"<p>Un grupo de nuestros atletas m\u00e1s j\u00f3venes de la Escuela tomaron el protagonismo en la ma\u00f1ana de hoy en la cancha central del Pabell\u00f3n de Os Remedios. Aprovechando la celebraci\u00f3n de la I Feira do Corredor realizaron una demostraci\u00f3n de una sesi\u00f3n de entrenamiento, ante&#8230;<\/p>\n","protected":false},"author":1,"featured_media":0,"comment_status":"closed","ping_status":"closed","sticky":false,"template":"","format":"standard","meta":{"footnotes":""},"categories":[5,6,7],"tags":[],"class_list":["post-199","post","type-post","status-publish","format-standard","hentry","category-club","category-escuela","category-noticias"],"aioseo_notices":[],"_links":{"self":[{"href":"https:\/\/clubourenseatletismo.es\/blog\/wp-json\/wp\/v2\/posts\/199","targetHints":{"allow":["GET"]}}],"collection":[{"href":"https:\/\/clubourenseatletismo.es\/blog\/wp-json\/wp\/v2\/posts"}],"about":[{"href":"https:\/\/clubourenseatletismo.es\/blog\/wp-json\/wp\/v2\/types\/post"}],"author":[{"embeddable":true,"href":"https:\/\/clubourenseatletismo.es\/blog\/wp-json\/wp\/v2\/users\/1"}],"replies":[{"embeddable":true,"href":"https:\/\/clubourenseatletismo.es\/blog\/wp-json\/wp\/v2\/comments?post=199"}],"version-history":[{"count":0,"href":"https:\/\/clubourenseatletismo.es\/blog\/wp-json\/wp\/v2\/posts\/199\/revisions"}],"wp:attachment":[{"href":"https:\/\/clubourenseatletismo.es\/blog\/wp-json\/wp\/v2\/media?parent=199"}],"wp:term":[{"taxonomy":"category","embeddable":true,"href":"https:\/\/clubourenseatletismo.es\/blog\/wp-json\/wp\/v2\/categories?post=199"},{"taxonomy":"post_tag","embeddable":true,"href":"https:\/\/clubourenseatletismo.es\/blog\/wp-json\/wp\/v2\/tags?post=199"}],"curies":[{"name":"wp","href":"https:\/\/api.w.org\/{rel}","templated":true}]}}