{"id":18206,"date":"2026-03-17T10:20:35","date_gmt":"2026-03-17T09:20:35","guid":{"rendered":"https:\/\/clubourenseatletismo.es\/blog\/?p=18206"},"modified":"2026-03-17T10:20:35","modified_gmt":"2026-03-17T09:20:35","slug":"unha-medalla-no-galego-sub14","status":"publish","type":"post","link":"https:\/\/clubourenseatletismo.es\/blog\/2026\/03\/17\/unha-medalla-no-galego-sub14\/","title":{"rendered":"UNHA MEDALLA NO GALEGO SUB14"},"content":{"rendered":"<p>O \u00faltimo campionato galego da pista curta celebrouse cun resultado para o\u00a0<strong>Sanysec &#8211; Ourense Atletismo<\/strong> mellor do que vendo o medalleiro poder\u00eda parecer. A \u00fanica medalla chegou por parte de <strong>Nicol\u00e1s Valencia<\/strong> grazas ao seu bronce en p\u00e9rtega con 2.10 de marca.<\/p>\n<p>Participaron tam\u00e9n, en homes, <strong>Miguel Mart\u00ednez<\/strong> nos 60 lisos, <strong>D\u00e1viz Lobelle\u00a0<\/strong>nos 500 e na altura, onde tam\u00e9n participou\u00a0<strong>Nicol\u00e1s Valencia<\/strong>. En mulleres participaron\u00a0<strong>Marta Dom\u00ednguez<\/strong> nos 60 lisos, xunto con\u00a0<strong>Victoria Parra<\/strong> e\u00a0<strong>Emma Fern\u00e1ndez<\/strong>,\u00a0<strong>Noa<\/strong> <strong>Salgado<\/strong>, <strong>Eva L\u00f3pez <\/strong>e <strong>Auria G\u00f3mez <\/strong>no 500, no 1.000 estivo <strong>Emma Fern\u00e1ndez<\/strong>, nos 60 valos\u00a0<strong>Xiana Bermejo\u00a0<\/strong>e no peso\u00a0<strong>Victoria Parra<\/strong>.<\/p>\n<p>Podes consultar os resultados ao completo na seguinte ligaz\u00f3n:<\/p>\n<p><a href=\"https:\/\/atletismo.gal\/wp-content\/uploads\/2025\/10\/RO150326_SUB14.pdf\" target=\"_blank\" rel=\"noopener\">Campionato Xunta de Galicia sub-14 PC<\/a><\/p>\n<p><a href=\"http:\/\/clubourenseatletismo.es\/blog\/wp-content\/uploads\/2026\/03\/xiana-victoria-noa-miguel-nicolas.jpg\"><img loading=\"lazy\" decoding=\"async\" class=\"size-large wp-image-18208 aligncenter\" src=\"http:\/\/clubourenseatletismo.es\/blog\/wp-content\/uploads\/2026\/03\/xiana-victoria-noa-miguel-nicolas-768x1024.jpg\" alt=\"\" width=\"768\" height=\"1024\" srcset=\"https:\/\/clubourenseatletismo.es\/blog\/wp-content\/uploads\/2026\/03\/xiana-victoria-noa-miguel-nicolas-768x1024.jpg 768w, https:\/\/clubourenseatletismo.es\/blog\/wp-content\/uploads\/2026\/03\/xiana-victoria-noa-miguel-nicolas-225x300.jpg 225w, https:\/\/clubourenseatletismo.es\/blog\/wp-content\/uploads\/2026\/03\/xiana-victoria-noa-miguel-nicolas-1152x1536.jpg 1152w, https:\/\/clubourenseatletismo.es\/blog\/wp-content\/uploads\/2026\/03\/xiana-victoria-noa-miguel-nicolas-600x800.jpg 600w, https:\/\/clubourenseatletismo.es\/blog\/wp-content\/uploads\/2026\/03\/xiana-victoria-noa-miguel-nicolas-700x933.jpg 700w, https:\/\/clubourenseatletismo.es\/blog\/wp-content\/uploads\/2026\/03\/xiana-victoria-noa-miguel-nicolas.jpg 1200w\" sizes=\"auto, (max-width: 768px) 100vw, 768px\" \/><\/a><\/p>\n","protected":false},"excerpt":{"rendered":"<p>O \u00faltimo campionato galego da pista curta celebrouse cun resultado para o\u00a0Sanysec &#8211; Ourense Atletismo mellor do que vendo o medalleiro poder\u00eda parecer. A \u00fanica medalla chegou por parte de Nicol\u00e1s Valencia grazas ao seu bronce en p\u00e9rtega con 2.10 de marca. Participaron tam\u00e9n, en&#8230;<\/p>\n","protected":false},"author":1,"featured_media":18208,"comment_status":"closed","ping_status":"closed","sticky":false,"template":"","format":"standard","meta":{"footnotes":""},"categories":[1],"tags":[],"class_list":["post-18206","post","type-post","status-publish","format-standard","has-post-thumbnail","hentry","category-sin-categoria"],"aioseo_notices":[],"aioseo_head":"\n\t\t<!-- All in One SEO 5.0.1.1 - aioseo.com -->\n\t<meta name=\"description\" content=\"O \u00faltimo campionato galego da pista curta celebrouse cun resultado para o Sanysec - Ourense Atletismo mellor do que vendo o medalleiro poder\u00eda parecer. A \u00fanica medalla chegou por parte de Nicol\u00e1s Valencia grazas ao seu bronce en p\u00e9rtega con 2.10 de marca. Participaron tam\u00e9n, en homes, Miguel Mart\u00ednez nos 60 lisos, D\u00e1viz Lobelle nos 500 e\" \/>\n\t<meta name=\"robots\" content=\"max-image-preview:large\" \/>\n\t<meta name=\"author\" content=\"clubourense\"\/>\n\t<link rel=\"canonical\" href=\"https:\/\/clubourenseatletismo.es\/blog\/2026\/03\/17\/unha-medalla-no-galego-sub14\/\" \/>\n\t<meta name=\"generator\" content=\"All in One SEO (AIOSEO) 5.0.1.1\" \/>\n\t\t<meta property=\"og:locale\" content=\"es_ES\" \/>\n\t\t<meta property=\"og:site_name\" content=\"Club Ourense Atletismo | Escuela Ourense Atletismo\" \/>\n\t\t<meta property=\"og:type\" content=\"article\" \/>\n\t\t<meta property=\"og:title\" content=\"UNHA MEDALLA NO GALEGO SUB14 | Club Ourense Atletismo\" \/>\n\t\t<meta property=\"og:description\" content=\"O \u00faltimo campionato galego da pista curta celebrouse cun resultado para o Sanysec - Ourense Atletismo mellor do que vendo o medalleiro poder\u00eda parecer. A \u00fanica medalla chegou por parte de Nicol\u00e1s Valencia grazas ao seu bronce en p\u00e9rtega con 2.10 de marca. Participaron tam\u00e9n, en homes, Miguel Mart\u00ednez nos 60 lisos, D\u00e1viz Lobelle nos 500 e\" \/>\n\t\t<meta property=\"og:url\" content=\"https:\/\/clubourenseatletismo.es\/blog\/2026\/03\/17\/unha-medalla-no-galego-sub14\/\" \/>\n\t\t<meta property=\"article:published_time\" content=\"2026-03-17T09:20:35+00:00\" \/>\n\t\t<meta property=\"article:modified_time\" content=\"2026-03-17T09:20:35+00:00\" \/>\n\t\t<meta property=\"article:publisher\" content=\"https:\/\/www.facebook.com\/profile.php?id=100063516489280\" \/>\n\t\t<meta name=\"twitter:card\" content=\"summary\" \/>\n\t\t<meta name=\"twitter:title\" content=\"UNHA MEDALLA NO GALEGO SUB14 | Club Ourense Atletismo\" \/>\n\t\t<meta name=\"twitter:description\" content=\"O \u00faltimo campionato galego da pista curta celebrouse cun resultado para o Sanysec - Ourense Atletismo mellor do que vendo o medalleiro poder\u00eda parecer. A \u00fanica medalla chegou por parte de Nicol\u00e1s Valencia grazas ao seu bronce en p\u00e9rtega con 2.10 de marca. Participaron tam\u00e9n, en homes, Miguel Mart\u00ednez nos 60 lisos, D\u00e1viz Lobelle nos 500 e\" \/>\n\t\t<script type=\"application\/ld+json\" class=\"aioseo-schema\">\n\t\t\t{\"@context\":\"https:\\\/\\\/schema.org\",\"@graph\":[{\"@type\":\"Article\",\"@id\":\"https:\\\/\\\/clubourenseatletismo.es\\\/blog\\\/2026\\\/03\\\/17\\\/unha-medalla-no-galego-sub14\\\/#article\",\"name\":\"UNHA MEDALLA NO GALEGO SUB14 | Club Ourense Atletismo\",\"headline\":\"UNHA MEDALLA NO GALEGO SUB14\",\"author\":{\"@id\":\"https:\\\/\\\/clubourenseatletismo.es\\\/blog\\\/author\\\/clubourense\\\/#author\"},\"publisher\":{\"@id\":\"https:\\\/\\\/clubourenseatletismo.es\\\/blog\\\/#organization\"},\"image\":{\"@type\":\"ImageObject\",\"url\":\"https:\\\/\\\/clubourenseatletismo.es\\\/blog\\\/wp-content\\\/uploads\\\/2026\\\/03\\\/xiana-victoria-noa-miguel-nicolas.jpg\",\"width\":1200,\"height\":1600},\"datePublished\":\"2026-03-17T10:20:35+01:00\",\"dateModified\":\"2026-03-17T10:20:35+01:00\",\"inLanguage\":\"es-ES\",\"mainEntityOfPage\":{\"@id\":\"https:\\\/\\\/clubourenseatletismo.es\\\/blog\\\/2026\\\/03\\\/17\\\/unha-medalla-no-galego-sub14\\\/#webpage\"},\"isPartOf\":{\"@id\":\"https:\\\/\\\/clubourenseatletismo.es\\\/blog\\\/2026\\\/03\\\/17\\\/unha-medalla-no-galego-sub14\\\/#webpage\"},\"articleSection\":\"Sin categor\\u00eda\"},{\"@type\":\"BreadcrumbList\",\"@id\":\"https:\\\/\\\/clubourenseatletismo.es\\\/blog\\\/2026\\\/03\\\/17\\\/unha-medalla-no-galego-sub14\\\/#breadcrumblist\",\"itemListElement\":[{\"@type\":\"ListItem\",\"@id\":\"https:\\\/\\\/clubourenseatletismo.es\\\/blog#listItem\",\"position\":1,\"name\":\"Inicio\",\"item\":\"https:\\\/\\\/clubourenseatletismo.es\\\/blog\",\"nextItem\":{\"@type\":\"ListItem\",\"@id\":\"https:\\\/\\\/clubourenseatletismo.es\\\/blog\\\/category\\\/sin-categoria\\\/#listItem\",\"name\":\"Sin categor\\u00eda\"}},{\"@type\":\"ListItem\",\"@id\":\"https:\\\/\\\/clubourenseatletismo.es\\\/blog\\\/category\\\/sin-categoria\\\/#listItem\",\"position\":2,\"name\":\"Sin categor\\u00eda\",\"item\":\"https:\\\/\\\/clubourenseatletismo.es\\\/blog\\\/category\\\/sin-categoria\\\/\",\"nextItem\":{\"@type\":\"ListItem\",\"@id\":\"https:\\\/\\\/clubourenseatletismo.es\\\/blog\\\/2026\\\/03\\\/17\\\/unha-medalla-no-galego-sub14\\\/#listItem\",\"name\":\"UNHA MEDALLA NO GALEGO SUB14\"},\"previousItem\":{\"@type\":\"ListItem\",\"@id\":\"https:\\\/\\\/clubourenseatletismo.es\\\/blog#listItem\",\"name\":\"Inicio\"}},{\"@type\":\"ListItem\",\"@id\":\"https:\\\/\\\/clubourenseatletismo.es\\\/blog\\\/2026\\\/03\\\/17\\\/unha-medalla-no-galego-sub14\\\/#listItem\",\"position\":3,\"name\":\"UNHA MEDALLA NO GALEGO SUB14\",\"previousItem\":{\"@type\":\"ListItem\",\"@id\":\"https:\\\/\\\/clubourenseatletismo.es\\\/blog\\\/category\\\/sin-categoria\\\/#listItem\",\"name\":\"Sin categor\\u00eda\"}}]},{\"@type\":\"Organization\",\"@id\":\"https:\\\/\\\/clubourenseatletismo.es\\\/blog\\\/#organization\",\"name\":\"Club Ourense Atletismo\",\"description\":\"Escuela Ourense Atletismo\",\"url\":\"https:\\\/\\\/clubourenseatletismo.es\\\/blog\\\/\",\"telephone\":\"+34637157458\",\"logo\":{\"@type\":\"ImageObject\",\"url\":\"https:\\\/\\\/clubourenseatletismo.es\\\/blog\\\/wp-content\\\/uploads\\\/2019\\\/09\\\/cropped-LOGO-1.jpeg\",\"@id\":\"https:\\\/\\\/clubourenseatletismo.es\\\/blog\\\/2026\\\/03\\\/17\\\/unha-medalla-no-galego-sub14\\\/#organizationLogo\",\"width\":512,\"height\":512},\"image\":{\"@id\":\"https:\\\/\\\/clubourenseatletismo.es\\\/blog\\\/2026\\\/03\\\/17\\\/unha-medalla-no-galego-sub14\\\/#organizationLogo\"},\"sameAs\":[\"https:\\\/\\\/www.facebook.com\\\/profile.php?id=100063516489280\",\"https:\\\/\\\/www.instagram.com\\\/clubourenseatletismo\\\/\"]},{\"@type\":\"Person\",\"@id\":\"https:\\\/\\\/clubourenseatletismo.es\\\/blog\\\/author\\\/clubourense\\\/#author\",\"url\":\"https:\\\/\\\/clubourenseatletismo.es\\\/blog\\\/author\\\/clubourense\\\/\",\"name\":\"clubourense\",\"image\":{\"@type\":\"ImageObject\",\"@id\":\"https:\\\/\\\/clubourenseatletismo.es\\\/blog\\\/2026\\\/03\\\/17\\\/unha-medalla-no-galego-sub14\\\/#authorImage\",\"url\":\"https:\\\/\\\/secure.gravatar.com\\\/avatar\\\/054ff0256550e5d1d577fa683a74658acb2f33f773051c5f2e6e8de910594748?s=96&d=mm&r=g\",\"width\":96,\"height\":96,\"caption\":\"clubourense\"}},{\"@type\":\"WebPage\",\"@id\":\"https:\\\/\\\/clubourenseatletismo.es\\\/blog\\\/2026\\\/03\\\/17\\\/unha-medalla-no-galego-sub14\\\/#webpage\",\"url\":\"https:\\\/\\\/clubourenseatletismo.es\\\/blog\\\/2026\\\/03\\\/17\\\/unha-medalla-no-galego-sub14\\\/\",\"name\":\"UNHA MEDALLA NO GALEGO SUB14 | Club Ourense Atletismo\",\"description\":\"O \\u00faltimo campionato galego da pista curta celebrouse cun resultado para o Sanysec - Ourense Atletismo mellor do que vendo o medalleiro poder\\u00eda parecer. A \\u00fanica medalla chegou por parte de Nicol\\u00e1s Valencia grazas ao seu bronce en p\\u00e9rtega con 2.10 de marca. Participaron tam\\u00e9n, en homes, Miguel Mart\\u00ednez nos 60 lisos, D\\u00e1viz Lobelle nos 500 e\",\"inLanguage\":\"es-ES\",\"isPartOf\":{\"@id\":\"https:\\\/\\\/clubourenseatletismo.es\\\/blog\\\/#website\"},\"breadcrumb\":{\"@id\":\"https:\\\/\\\/clubourenseatletismo.es\\\/blog\\\/2026\\\/03\\\/17\\\/unha-medalla-no-galego-sub14\\\/#breadcrumblist\"},\"author\":{\"@id\":\"https:\\\/\\\/clubourenseatletismo.es\\\/blog\\\/author\\\/clubourense\\\/#author\"},\"creator\":{\"@id\":\"https:\\\/\\\/clubourenseatletismo.es\\\/blog\\\/author\\\/clubourense\\\/#author\"},\"image\":{\"@type\":\"ImageObject\",\"url\":\"https:\\\/\\\/clubourenseatletismo.es\\\/blog\\\/wp-content\\\/uploads\\\/2026\\\/03\\\/xiana-victoria-noa-miguel-nicolas.jpg\",\"@id\":\"https:\\\/\\\/clubourenseatletismo.es\\\/blog\\\/2026\\\/03\\\/17\\\/unha-medalla-no-galego-sub14\\\/#mainImage\",\"width\":1200,\"height\":1600},\"primaryImageOfPage\":{\"@id\":\"https:\\\/\\\/clubourenseatletismo.es\\\/blog\\\/2026\\\/03\\\/17\\\/unha-medalla-no-galego-sub14\\\/#mainImage\"},\"datePublished\":\"2026-03-17T10:20:35+01:00\",\"dateModified\":\"2026-03-17T10:20:35+01:00\"},{\"@type\":\"WebSite\",\"@id\":\"https:\\\/\\\/clubourenseatletismo.es\\\/blog\\\/#website\",\"url\":\"https:\\\/\\\/clubourenseatletismo.es\\\/blog\\\/\",\"name\":\"Club Ourense Atletismo\",\"description\":\"Escuela Ourense Atletismo\",\"inLanguage\":\"es-ES\",\"publisher\":{\"@id\":\"https:\\\/\\\/clubourenseatletismo.es\\\/blog\\\/#organization\"}}]}\n\t\t<\/script>\n\t\t<!-- All in One SEO -->\n\n","aioseo_head_json":{"title":"UNHA MEDALLA NO GALEGO SUB14 | Club Ourense Atletismo","description":"O \u00faltimo campionato galego da pista curta celebrouse cun resultado para o Sanysec - Ourense Atletismo mellor do que vendo o medalleiro poder\u00eda parecer. A \u00fanica medalla chegou por parte de Nicol\u00e1s Valencia grazas ao seu bronce en p\u00e9rtega con 2.10 de marca. Participaron tam\u00e9n, en homes, Miguel Mart\u00ednez nos 60 lisos, D\u00e1viz Lobelle nos 500 e","canonical_url":"https:\/\/clubourenseatletismo.es\/blog\/2026\/03\/17\/unha-medalla-no-galego-sub14\/","robots":"max-image-preview:large","keywords":"","webmasterTools":{"miscellaneous":""},"schema":{"@context":"https:\/\/schema.org","@graph":[{"@type":"Article","@id":"https:\/\/clubourenseatletismo.es\/blog\/2026\/03\/17\/unha-medalla-no-galego-sub14\/#article","name":"UNHA MEDALLA NO GALEGO SUB14 | Club Ourense Atletismo","headline":"UNHA MEDALLA NO GALEGO SUB14","author":{"@id":"https:\/\/clubourenseatletismo.es\/blog\/author\/clubourense\/#author"},"publisher":{"@id":"https:\/\/clubourenseatletismo.es\/blog\/#organization"},"image":{"@type":"ImageObject","url":"https:\/\/clubourenseatletismo.es\/blog\/wp-content\/uploads\/2026\/03\/xiana-victoria-noa-miguel-nicolas.jpg","width":1200,"height":1600},"datePublished":"2026-03-17T10:20:35+01:00","dateModified":"2026-03-17T10:20:35+01:00","inLanguage":"es-ES","mainEntityOfPage":{"@id":"https:\/\/clubourenseatletismo.es\/blog\/2026\/03\/17\/unha-medalla-no-galego-sub14\/#webpage"},"isPartOf":{"@id":"https:\/\/clubourenseatletismo.es\/blog\/2026\/03\/17\/unha-medalla-no-galego-sub14\/#webpage"},"articleSection":"Sin categor\u00eda"},{"@type":"BreadcrumbList","@id":"https:\/\/clubourenseatletismo.es\/blog\/2026\/03\/17\/unha-medalla-no-galego-sub14\/#breadcrumblist","itemListElement":[{"@type":"ListItem","@id":"https:\/\/clubourenseatletismo.es\/blog#listItem","position":1,"name":"Inicio","item":"https:\/\/clubourenseatletismo.es\/blog","nextItem":{"@type":"ListItem","@id":"https:\/\/clubourenseatletismo.es\/blog\/category\/sin-categoria\/#listItem","name":"Sin categor\u00eda"}},{"@type":"ListItem","@id":"https:\/\/clubourenseatletismo.es\/blog\/category\/sin-categoria\/#listItem","position":2,"name":"Sin categor\u00eda","item":"https:\/\/clubourenseatletismo.es\/blog\/category\/sin-categoria\/","nextItem":{"@type":"ListItem","@id":"https:\/\/clubourenseatletismo.es\/blog\/2026\/03\/17\/unha-medalla-no-galego-sub14\/#listItem","name":"UNHA MEDALLA NO GALEGO SUB14"},"previousItem":{"@type":"ListItem","@id":"https:\/\/clubourenseatletismo.es\/blog#listItem","name":"Inicio"}},{"@type":"ListItem","@id":"https:\/\/clubourenseatletismo.es\/blog\/2026\/03\/17\/unha-medalla-no-galego-sub14\/#listItem","position":3,"name":"UNHA MEDALLA NO GALEGO SUB14","previousItem":{"@type":"ListItem","@id":"https:\/\/clubourenseatletismo.es\/blog\/category\/sin-categoria\/#listItem","name":"Sin categor\u00eda"}}]},{"@type":"Organization","@id":"https:\/\/clubourenseatletismo.es\/blog\/#organization","name":"Club Ourense Atletismo","description":"Escuela Ourense Atletismo","url":"https:\/\/clubourenseatletismo.es\/blog\/","telephone":"+34637157458","logo":{"@type":"ImageObject","url":"https:\/\/clubourenseatletismo.es\/blog\/wp-content\/uploads\/2019\/09\/cropped-LOGO-1.jpeg","@id":"https:\/\/clubourenseatletismo.es\/blog\/2026\/03\/17\/unha-medalla-no-galego-sub14\/#organizationLogo","width":512,"height":512},"image":{"@id":"https:\/\/clubourenseatletismo.es\/blog\/2026\/03\/17\/unha-medalla-no-galego-sub14\/#organizationLogo"},"sameAs":["https:\/\/www.facebook.com\/profile.php?id=100063516489280","https:\/\/www.instagram.com\/clubourenseatletismo\/"]},{"@type":"Person","@id":"https:\/\/clubourenseatletismo.es\/blog\/author\/clubourense\/#author","url":"https:\/\/clubourenseatletismo.es\/blog\/author\/clubourense\/","name":"clubourense","image":{"@type":"ImageObject","@id":"https:\/\/clubourenseatletismo.es\/blog\/2026\/03\/17\/unha-medalla-no-galego-sub14\/#authorImage","url":"https:\/\/secure.gravatar.com\/avatar\/054ff0256550e5d1d577fa683a74658acb2f33f773051c5f2e6e8de910594748?s=96&d=mm&r=g","width":96,"height":96,"caption":"clubourense"}},{"@type":"WebPage","@id":"https:\/\/clubourenseatletismo.es\/blog\/2026\/03\/17\/unha-medalla-no-galego-sub14\/#webpage","url":"https:\/\/clubourenseatletismo.es\/blog\/2026\/03\/17\/unha-medalla-no-galego-sub14\/","name":"UNHA MEDALLA NO GALEGO SUB14 | Club Ourense Atletismo","description":"O \u00faltimo campionato galego da pista curta celebrouse cun resultado para o Sanysec - Ourense Atletismo mellor do que vendo o medalleiro poder\u00eda parecer. A \u00fanica medalla chegou por parte de Nicol\u00e1s Valencia grazas ao seu bronce en p\u00e9rtega con 2.10 de marca. Participaron tam\u00e9n, en homes, Miguel Mart\u00ednez nos 60 lisos, D\u00e1viz Lobelle nos 500 e","inLanguage":"es-ES","isPartOf":{"@id":"https:\/\/clubourenseatletismo.es\/blog\/#website"},"breadcrumb":{"@id":"https:\/\/clubourenseatletismo.es\/blog\/2026\/03\/17\/unha-medalla-no-galego-sub14\/#breadcrumblist"},"author":{"@id":"https:\/\/clubourenseatletismo.es\/blog\/author\/clubourense\/#author"},"creator":{"@id":"https:\/\/clubourenseatletismo.es\/blog\/author\/clubourense\/#author"},"image":{"@type":"ImageObject","url":"https:\/\/clubourenseatletismo.es\/blog\/wp-content\/uploads\/2026\/03\/xiana-victoria-noa-miguel-nicolas.jpg","@id":"https:\/\/clubourenseatletismo.es\/blog\/2026\/03\/17\/unha-medalla-no-galego-sub14\/#mainImage","width":1200,"height":1600},"primaryImageOfPage":{"@id":"https:\/\/clubourenseatletismo.es\/blog\/2026\/03\/17\/unha-medalla-no-galego-sub14\/#mainImage"},"datePublished":"2026-03-17T10:20:35+01:00","dateModified":"2026-03-17T10:20:35+01:00"},{"@type":"WebSite","@id":"https:\/\/clubourenseatletismo.es\/blog\/#website","url":"https:\/\/clubourenseatletismo.es\/blog\/","name":"Club Ourense Atletismo","description":"Escuela Ourense Atletismo","inLanguage":"es-ES","publisher":{"@id":"https:\/\/clubourenseatletismo.es\/blog\/#organization"}}]},"og:locale":"es_ES","og:site_name":"Club Ourense Atletismo | Escuela Ourense Atletismo","og:type":"article","og:title":"UNHA MEDALLA NO GALEGO SUB14 | Club Ourense Atletismo","og:description":"O \u00faltimo campionato galego da pista curta celebrouse cun resultado para o Sanysec - Ourense Atletismo mellor do que vendo o medalleiro poder\u00eda parecer. A \u00fanica medalla chegou por parte de Nicol\u00e1s Valencia grazas ao seu bronce en p\u00e9rtega con 2.10 de marca. Participaron tam\u00e9n, en homes, Miguel Mart\u00ednez nos 60 lisos, D\u00e1viz Lobelle nos 500 e","og:url":"https:\/\/clubourenseatletismo.es\/blog\/2026\/03\/17\/unha-medalla-no-galego-sub14\/","article:published_time":"2026-03-17T09:20:35+00:00","article:modified_time":"2026-03-17T09:20:35+00:00","article:publisher":"https:\/\/www.facebook.com\/profile.php?id=100063516489280","twitter:card":"summary","twitter:title":"UNHA MEDALLA NO GALEGO SUB14 | Club Ourense Atletismo","twitter:description":"O \u00faltimo campionato galego da pista curta celebrouse cun resultado para o Sanysec - Ourense Atletismo mellor do que vendo o medalleiro poder\u00eda parecer. A \u00fanica medalla chegou por parte de Nicol\u00e1s Valencia grazas ao seu bronce en p\u00e9rtega con 2.10 de marca. Participaron tam\u00e9n, en homes, Miguel Mart\u00ednez nos 60 lisos, D\u00e1viz Lobelle nos 500 e"},"aioseo_meta_data":{"post_id":"18206","title":null,"description":null,"keywords":null,"keyphrases":{"focus":{"keyphrase":"UNHA MEDALLA NO GALEGO SUB14","score":52,"analysis":{"keyphraseInTitle":{"score":9,"maxScore":9,"error":0},"keyphraseInDescription":{"score":3,"maxScore":9,"error":1},"keyphraseLength":{"score":6,"maxScore":9,"error":1,"length":5},"keyphraseInURL":{"score":5,"maxScore":5,"error":0},"keyphraseInIntroduction":{"score":3,"maxScore":9,"error":1},"keyphraseInSubHeadings":[],"keyphraseInImageAlt":[],"keywordDensity":{"score":0,"type":"low","maxScore":9,"error":1}}},"additional":[]},"primary_term":null,"canonical_url":null,"og_title":null,"og_description":null,"og_object_type":"default","og_image_type":"default","og_image_url":null,"og_image_width":null,"og_image_height":null,"og_image_custom_url":null,"og_image_custom_fields":null,"og_video":"","og_custom_url":null,"og_article_section":null,"og_article_tags":null,"twitter_use_og":false,"twitter_card":"default","twitter_image_type":"default","twitter_image_url":null,"twitter_image_custom_url":null,"twitter_image_custom_fields":null,"twitter_title":null,"twitter_description":null,"schema":{"blockGraphs":[],"customGraphs":[],"default":{"data":{"Article":[],"Course":[],"Dataset":[],"FAQPage":[],"Movie":[],"Person":[],"Product":[],"ProductReview":[],"Car":[],"Recipe":[],"Service":[],"SoftwareApplication":[],"WebPage":[]},"graphName":"Article","isEnabled":true},"graphs":[]},"schema_type":"default","schema_type_options":null,"pillar_content":false,"robots_default":true,"robots_noindex":false,"robots_noarchive":false,"robots_nosnippet":false,"robots_nofollow":false,"robots_noimageindex":false,"robots_noodp":false,"robots_notranslate":false,"robots_max_snippet":"-1","robots_max_videopreview":"-1","robots_max_imagepreview":"large","priority":null,"frequency":"default","location":null,"local_seo":null,"breadcrumb_settings":null,"limit_modified_date":false,"ai":{"faqs":[],"keyPoints":[],"titles":[],"descriptions":[],"socialPosts":{"email":[],"linkedin":[],"twitter":[],"facebook":[],"instagram":[]}},"created":"2026-03-16 22:16:43","updated":"2026-03-17 09:20:35","seo_analyzer_scan_date":null,"focus_keyword":"UNHA MEDALLA NO GALEGO SUB14","additional_keywords":null,"truseo_locale":null},"aioseo_breadcrumb":"<div class=\"aioseo-breadcrumbs\"><span class=\"aioseo-breadcrumb\">\n\t\t\t<a href=\"https:\/\/clubourenseatletismo.es\/blog\" title=\"Inicio\">Inicio<\/a>\n\t\t<\/span><span class=\"aioseo-breadcrumb-separator\">&raquo;<\/span><span class=\"aioseo-breadcrumb\">\n\t\t\t<a href=\"https:\/\/clubourenseatletismo.es\/blog\/category\/sin-categoria\/\" title=\"Sin categor\u00eda\">Sin categor\u00eda<\/a>\n\t\t<\/span><span class=\"aioseo-breadcrumb-separator\">&raquo;<\/span><span class=\"aioseo-breadcrumb\">\n\t\t\tUNHA MEDALLA NO GALEGO SUB14\n\t\t<\/span><\/div>","aioseo_breadcrumb_json":[{"label":"Inicio","link":"https:\/\/clubourenseatletismo.es\/blog"},{"label":"Sin categor\u00eda","link":"https:\/\/clubourenseatletismo.es\/blog\/category\/sin-categoria\/"},{"label":"UNHA MEDALLA NO GALEGO SUB14","link":"https:\/\/clubourenseatletismo.es\/blog\/2026\/03\/17\/unha-medalla-no-galego-sub14\/"}],"_links":{"self":[{"href":"https:\/\/clubourenseatletismo.es\/blog\/wp-json\/wp\/v2\/posts\/18206","targetHints":{"allow":["GET"]}}],"collection":[{"href":"https:\/\/clubourenseatletismo.es\/blog\/wp-json\/wp\/v2\/posts"}],"about":[{"href":"https:\/\/clubourenseatletismo.es\/blog\/wp-json\/wp\/v2\/types\/post"}],"author":[{"embeddable":true,"href":"https:\/\/clubourenseatletismo.es\/blog\/wp-json\/wp\/v2\/users\/1"}],"replies":[{"embeddable":true,"href":"https:\/\/clubourenseatletismo.es\/blog\/wp-json\/wp\/v2\/comments?post=18206"}],"version-history":[{"count":2,"href":"https:\/\/clubourenseatletismo.es\/blog\/wp-json\/wp\/v2\/posts\/18206\/revisions"}],"predecessor-version":[{"id":18209,"href":"https:\/\/clubourenseatletismo.es\/blog\/wp-json\/wp\/v2\/posts\/18206\/revisions\/18209"}],"wp:featuredmedia":[{"embeddable":true,"href":"https:\/\/clubourenseatletismo.es\/blog\/wp-json\/wp\/v2\/media\/18208"}],"wp:attachment":[{"href":"https:\/\/clubourenseatletismo.es\/blog\/wp-json\/wp\/v2\/media?parent=18206"}],"wp:term":[{"taxonomy":"category","embeddable":true,"href":"https:\/\/clubourenseatletismo.es\/blog\/wp-json\/wp\/v2\/categories?post=18206"},{"taxonomy":"post_tag","embeddable":true,"href":"https:\/\/clubourenseatletismo.es\/blog\/wp-json\/wp\/v2\/tags?post=18206"}],"curies":[{"name":"wp","href":"https:\/\/api.w.org\/{rel}","templated":true}]}}