{"id":17940,"date":"2025-10-20T22:35:06","date_gmt":"2025-10-20T20:35:06","guid":{"rendered":"https:\/\/clubourenseatletismo.es\/blog\/?p=17940"},"modified":"2025-10-20T22:35:06","modified_gmt":"2025-10-20T20:35:06","slug":"bego-dominguez-subcampioa-de-espana-de-5k","status":"publish","type":"post","link":"https:\/\/clubourenseatletismo.es\/blog\/2025\/10\/20\/bego-dominguez-subcampioa-de-espana-de-5k\/","title":{"rendered":"BEGO DOM\u00cdNGUEZ SUBCAMPIOA DE ESPA\u00d1A DE 5K"},"content":{"rendered":"<p>Bertamir\u00e1ns acolleu o\u00a0<strong>Campionato de Espa\u00f1a de 5K m\u00e1ster<\/strong> e foi\u00a0<strong>Bego\u00f1a Dom\u00ednguez<\/strong> a nosa maior alegr\u00eda ao acadar o segundo posto na categor\u00eda F40. Tam\u00e9n participou\u00a0<strong>Saturnino Gonz\u00e1lez<\/strong> que conseguiu un meritorio sexto posto en categor\u00eda M60.<\/p>\n<p>Nunha edici\u00f3n do campionato marcada pola chuvia,\u00a0<strong>Bego\u00f1a<\/strong> realizou unha marca de 18:19, entre a valenci\u00e1\u00a0<strong>Mar\u00eda Isabel Ferrer<\/strong> (17:42) e a atleta do Comesa\u00f1a\u00a0<strong>Sof\u00eda Freaza<\/strong> (18:39).\u00a0<strong>Saturnino<\/strong> obtivo o sexto posto coa s\u00faa marca de 18:10, moi preto dos 18:06 do albacete\u00f1o\u00a0<strong>Abelardo Mart\u00ednez<\/strong> que foi quinto e sac\u00e1ndolle bastante vantaxe aos 19:06 do sevillano\u00a0<strong>Juan Carlos D\u00edaz<\/strong>.<\/p>\n<p>Podes consultar os resultados ao completo na seguinte ligaz\u00f3n:<\/p>\n<p><a href=\"https:\/\/atletismo.gal\/wp-content\/uploads\/2024\/12\/RESULTADOS-CAMPIONATO-DE-ESPANA-DE-5KM-EN-RUTA.pdf\" target=\"_blank\" rel=\"noopener\">Campeonato de Espa\u00f1a 5 km ruta Master<\/a><\/p>\n<p><a href=\"http:\/\/clubourenseatletismo.es\/blog\/wp-content\/uploads\/2025\/10\/Saturnino-Gonzlaez-5K-Espana.jpg\"><img loading=\"lazy\" decoding=\"async\" class=\"alignnone size-large wp-image-17943\" src=\"http:\/\/clubourenseatletismo.es\/blog\/wp-content\/uploads\/2025\/10\/Saturnino-Gonzlaez-5K-Espana-473x1024.jpg\" alt=\"\" width=\"473\" height=\"1024\" srcset=\"https:\/\/clubourenseatletismo.es\/blog\/wp-content\/uploads\/2025\/10\/Saturnino-Gonzlaez-5K-Espana-473x1024.jpg 473w, https:\/\/clubourenseatletismo.es\/blog\/wp-content\/uploads\/2025\/10\/Saturnino-Gonzlaez-5K-Espana-138x300.jpg 138w, https:\/\/clubourenseatletismo.es\/blog\/wp-content\/uploads\/2025\/10\/Saturnino-Gonzlaez-5K-Espana-768x1664.jpg 768w, https:\/\/clubourenseatletismo.es\/blog\/wp-content\/uploads\/2025\/10\/Saturnino-Gonzlaez-5K-Espana-709x1536.jpg 709w, https:\/\/clubourenseatletismo.es\/blog\/wp-content\/uploads\/2025\/10\/Saturnino-Gonzlaez-5K-Espana-700x1517.jpg 700w, https:\/\/clubourenseatletismo.es\/blog\/wp-content\/uploads\/2025\/10\/Saturnino-Gonzlaez-5K-Espana.jpg 945w\" sizes=\"auto, (max-width: 473px) 100vw, 473px\" \/><\/a><\/p>\n","protected":false},"excerpt":{"rendered":"<p>Bertamir\u00e1ns acolleu o\u00a0Campionato de Espa\u00f1a de 5K m\u00e1ster e foi\u00a0Bego\u00f1a Dom\u00ednguez a nosa maior alegr\u00eda ao acadar o segundo posto na categor\u00eda F40. Tam\u00e9n participou\u00a0Saturnino Gonz\u00e1lez que conseguiu un meritorio sexto posto en categor\u00eda M60. Nunha edici\u00f3n do campionato marcada pola chuvia,\u00a0Bego\u00f1a realizou unha marca&#8230;<\/p>\n","protected":false},"author":1,"featured_media":17945,"comment_status":"closed","ping_status":"closed","sticky":false,"template":"","format":"standard","meta":{"footnotes":""},"categories":[11,1],"tags":[],"class_list":["post-17940","post","type-post","status-publish","format-standard","has-post-thumbnail","hentry","category-cpto-nacional","category-sin-categoria"],"aioseo_notices":[],"aioseo_head":"\n\t\t<!-- All in One SEO 5.0.1.1 - aioseo.com -->\n\t<meta name=\"description\" content=\"Bertamir\u00e1ns acolleu o Campionato de Espa\u00f1a de 5K m\u00e1ster e foi Bego\u00f1a Dom\u00ednguez a nosa maior alegr\u00eda ao acadar o segundo posto na categor\u00eda F40. Tam\u00e9n participou Saturnino Gonz\u00e1lez que conseguiu un meritorio sexto posto en categor\u00eda M60. Nunha edici\u00f3n do campionato marcada pola chuvia, Bego\u00f1a realizou unha marca de 18:19, entre a valenci\u00e1 Mar\u00eda Isabel Ferrer (17:42) e a\" \/>\n\t<meta name=\"robots\" content=\"max-image-preview:large\" \/>\n\t<meta name=\"author\" content=\"clubourense\"\/>\n\t<link rel=\"canonical\" href=\"https:\/\/clubourenseatletismo.es\/blog\/2025\/10\/20\/bego-dominguez-subcampioa-de-espana-de-5k\/\" \/>\n\t<meta name=\"generator\" content=\"All in One SEO (AIOSEO) 5.0.1.1\" \/>\n\t\t<meta property=\"og:locale\" content=\"es_ES\" \/>\n\t\t<meta property=\"og:site_name\" content=\"Club Ourense Atletismo | Escuela Ourense Atletismo\" \/>\n\t\t<meta property=\"og:type\" content=\"article\" \/>\n\t\t<meta property=\"og:title\" content=\"BEGO DOM\u00cdNGUEZ SUBCAMPIOA DE ESPA\u00d1A DE 5K | Club Ourense Atletismo\" \/>\n\t\t<meta property=\"og:description\" content=\"Bertamir\u00e1ns acolleu o Campionato de Espa\u00f1a de 5K m\u00e1ster e foi Bego\u00f1a Dom\u00ednguez a nosa maior alegr\u00eda ao acadar o segundo posto na categor\u00eda F40. Tam\u00e9n participou Saturnino Gonz\u00e1lez que conseguiu un meritorio sexto posto en categor\u00eda M60. Nunha edici\u00f3n do campionato marcada pola chuvia, Bego\u00f1a realizou unha marca de 18:19, entre a valenci\u00e1 Mar\u00eda Isabel Ferrer (17:42) e a\" \/>\n\t\t<meta property=\"og:url\" content=\"https:\/\/clubourenseatletismo.es\/blog\/2025\/10\/20\/bego-dominguez-subcampioa-de-espana-de-5k\/\" \/>\n\t\t<meta property=\"article:published_time\" content=\"2025-10-20T20:35:06+00:00\" \/>\n\t\t<meta property=\"article:modified_time\" content=\"2025-10-20T20:35:06+00:00\" \/>\n\t\t<meta property=\"article:publisher\" content=\"https:\/\/www.facebook.com\/profile.php?id=100063516489280\" \/>\n\t\t<meta name=\"twitter:card\" content=\"summary\" \/>\n\t\t<meta name=\"twitter:title\" content=\"BEGO DOM\u00cdNGUEZ SUBCAMPIOA DE ESPA\u00d1A DE 5K | Club Ourense Atletismo\" \/>\n\t\t<meta name=\"twitter:description\" content=\"Bertamir\u00e1ns acolleu o Campionato de Espa\u00f1a de 5K m\u00e1ster e foi Bego\u00f1a Dom\u00ednguez a nosa maior alegr\u00eda ao acadar o segundo posto na categor\u00eda F40. Tam\u00e9n participou Saturnino Gonz\u00e1lez que conseguiu un meritorio sexto posto en categor\u00eda M60. Nunha edici\u00f3n do campionato marcada pola chuvia, Bego\u00f1a realizou unha marca de 18:19, entre a valenci\u00e1 Mar\u00eda Isabel Ferrer (17:42) e a\" \/>\n\t\t<script type=\"application\/ld+json\" class=\"aioseo-schema\">\n\t\t\t{\"@context\":\"https:\\\/\\\/schema.org\",\"@graph\":[{\"@type\":\"Article\",\"@id\":\"https:\\\/\\\/clubourenseatletismo.es\\\/blog\\\/2025\\\/10\\\/20\\\/bego-dominguez-subcampioa-de-espana-de-5k\\\/#article\",\"name\":\"BEGO DOM\\u00cdNGUEZ SUBCAMPIOA DE ESPA\\u00d1A DE 5K | Club Ourense Atletismo\",\"headline\":\"BEGO DOM\\u00cdNGUEZ SUBCAMPIOA DE ESPA\\u00d1A DE 5K\",\"author\":{\"@id\":\"https:\\\/\\\/clubourenseatletismo.es\\\/blog\\\/author\\\/clubourense\\\/#author\"},\"publisher\":{\"@id\":\"https:\\\/\\\/clubourenseatletismo.es\\\/blog\\\/#organization\"},\"image\":{\"@type\":\"ImageObject\",\"url\":\"https:\\\/\\\/clubourenseatletismo.es\\\/blog\\\/wp-content\\\/uploads\\\/2025\\\/10\\\/Begona-Dominguez-5K-Espana.jpg\",\"width\":1182,\"height\":2048},\"datePublished\":\"2025-10-20T22:35:06+02:00\",\"dateModified\":\"2025-10-20T22:35:06+02:00\",\"inLanguage\":\"es-ES\",\"mainEntityOfPage\":{\"@id\":\"https:\\\/\\\/clubourenseatletismo.es\\\/blog\\\/2025\\\/10\\\/20\\\/bego-dominguez-subcampioa-de-espana-de-5k\\\/#webpage\"},\"isPartOf\":{\"@id\":\"https:\\\/\\\/clubourenseatletismo.es\\\/blog\\\/2025\\\/10\\\/20\\\/bego-dominguez-subcampioa-de-espana-de-5k\\\/#webpage\"},\"articleSection\":\"Cpto. Nacional, Sin categor\\u00eda\"},{\"@type\":\"BreadcrumbList\",\"@id\":\"https:\\\/\\\/clubourenseatletismo.es\\\/blog\\\/2025\\\/10\\\/20\\\/bego-dominguez-subcampioa-de-espana-de-5k\\\/#breadcrumblist\",\"itemListElement\":[{\"@type\":\"ListItem\",\"@id\":\"https:\\\/\\\/clubourenseatletismo.es\\\/blog#listItem\",\"position\":1,\"name\":\"Inicio\",\"item\":\"https:\\\/\\\/clubourenseatletismo.es\\\/blog\",\"nextItem\":{\"@type\":\"ListItem\",\"@id\":\"https:\\\/\\\/clubourenseatletismo.es\\\/blog\\\/category\\\/sin-categoria\\\/#listItem\",\"name\":\"Sin categor\\u00eda\"}},{\"@type\":\"ListItem\",\"@id\":\"https:\\\/\\\/clubourenseatletismo.es\\\/blog\\\/category\\\/sin-categoria\\\/#listItem\",\"position\":2,\"name\":\"Sin categor\\u00eda\",\"item\":\"https:\\\/\\\/clubourenseatletismo.es\\\/blog\\\/category\\\/sin-categoria\\\/\",\"nextItem\":{\"@type\":\"ListItem\",\"@id\":\"https:\\\/\\\/clubourenseatletismo.es\\\/blog\\\/2025\\\/10\\\/20\\\/bego-dominguez-subcampioa-de-espana-de-5k\\\/#listItem\",\"name\":\"BEGO DOM\\u00cdNGUEZ SUBCAMPIOA DE ESPA\\u00d1A DE 5K\"},\"previousItem\":{\"@type\":\"ListItem\",\"@id\":\"https:\\\/\\\/clubourenseatletismo.es\\\/blog#listItem\",\"name\":\"Inicio\"}},{\"@type\":\"ListItem\",\"@id\":\"https:\\\/\\\/clubourenseatletismo.es\\\/blog\\\/2025\\\/10\\\/20\\\/bego-dominguez-subcampioa-de-espana-de-5k\\\/#listItem\",\"position\":3,\"name\":\"BEGO DOM\\u00cdNGUEZ SUBCAMPIOA DE ESPA\\u00d1A DE 5K\",\"previousItem\":{\"@type\":\"ListItem\",\"@id\":\"https:\\\/\\\/clubourenseatletismo.es\\\/blog\\\/category\\\/sin-categoria\\\/#listItem\",\"name\":\"Sin categor\\u00eda\"}}]},{\"@type\":\"Organization\",\"@id\":\"https:\\\/\\\/clubourenseatletismo.es\\\/blog\\\/#organization\",\"name\":\"Club Ourense Atletismo\",\"description\":\"Escuela Ourense Atletismo\",\"url\":\"https:\\\/\\\/clubourenseatletismo.es\\\/blog\\\/\",\"telephone\":\"+34637157458\",\"logo\":{\"@type\":\"ImageObject\",\"url\":\"https:\\\/\\\/clubourenseatletismo.es\\\/blog\\\/wp-content\\\/uploads\\\/2019\\\/09\\\/cropped-LOGO-1.jpeg\",\"@id\":\"https:\\\/\\\/clubourenseatletismo.es\\\/blog\\\/2025\\\/10\\\/20\\\/bego-dominguez-subcampioa-de-espana-de-5k\\\/#organizationLogo\",\"width\":512,\"height\":512},\"image\":{\"@id\":\"https:\\\/\\\/clubourenseatletismo.es\\\/blog\\\/2025\\\/10\\\/20\\\/bego-dominguez-subcampioa-de-espana-de-5k\\\/#organizationLogo\"},\"sameAs\":[\"https:\\\/\\\/www.facebook.com\\\/profile.php?id=100063516489280\",\"https:\\\/\\\/www.instagram.com\\\/clubourenseatletismo\\\/\"]},{\"@type\":\"Person\",\"@id\":\"https:\\\/\\\/clubourenseatletismo.es\\\/blog\\\/author\\\/clubourense\\\/#author\",\"url\":\"https:\\\/\\\/clubourenseatletismo.es\\\/blog\\\/author\\\/clubourense\\\/\",\"name\":\"clubourense\",\"image\":{\"@type\":\"ImageObject\",\"@id\":\"https:\\\/\\\/clubourenseatletismo.es\\\/blog\\\/2025\\\/10\\\/20\\\/bego-dominguez-subcampioa-de-espana-de-5k\\\/#authorImage\",\"url\":\"https:\\\/\\\/secure.gravatar.com\\\/avatar\\\/054ff0256550e5d1d577fa683a74658acb2f33f773051c5f2e6e8de910594748?s=96&d=mm&r=g\",\"width\":96,\"height\":96,\"caption\":\"clubourense\"}},{\"@type\":\"WebPage\",\"@id\":\"https:\\\/\\\/clubourenseatletismo.es\\\/blog\\\/2025\\\/10\\\/20\\\/bego-dominguez-subcampioa-de-espana-de-5k\\\/#webpage\",\"url\":\"https:\\\/\\\/clubourenseatletismo.es\\\/blog\\\/2025\\\/10\\\/20\\\/bego-dominguez-subcampioa-de-espana-de-5k\\\/\",\"name\":\"BEGO DOM\\u00cdNGUEZ SUBCAMPIOA DE ESPA\\u00d1A DE 5K | Club Ourense Atletismo\",\"description\":\"Bertamir\\u00e1ns acolleu o Campionato de Espa\\u00f1a de 5K m\\u00e1ster e foi Bego\\u00f1a Dom\\u00ednguez a nosa maior alegr\\u00eda ao acadar o segundo posto na categor\\u00eda F40. Tam\\u00e9n participou Saturnino Gonz\\u00e1lez que conseguiu un meritorio sexto posto en categor\\u00eda M60. Nunha edici\\u00f3n do campionato marcada pola chuvia, Bego\\u00f1a realizou unha marca de 18:19, entre a valenci\\u00e1 Mar\\u00eda Isabel Ferrer (17:42) e a\",\"inLanguage\":\"es-ES\",\"isPartOf\":{\"@id\":\"https:\\\/\\\/clubourenseatletismo.es\\\/blog\\\/#website\"},\"breadcrumb\":{\"@id\":\"https:\\\/\\\/clubourenseatletismo.es\\\/blog\\\/2025\\\/10\\\/20\\\/bego-dominguez-subcampioa-de-espana-de-5k\\\/#breadcrumblist\"},\"author\":{\"@id\":\"https:\\\/\\\/clubourenseatletismo.es\\\/blog\\\/author\\\/clubourense\\\/#author\"},\"creator\":{\"@id\":\"https:\\\/\\\/clubourenseatletismo.es\\\/blog\\\/author\\\/clubourense\\\/#author\"},\"image\":{\"@type\":\"ImageObject\",\"url\":\"https:\\\/\\\/clubourenseatletismo.es\\\/blog\\\/wp-content\\\/uploads\\\/2025\\\/10\\\/Begona-Dominguez-5K-Espana.jpg\",\"@id\":\"https:\\\/\\\/clubourenseatletismo.es\\\/blog\\\/2025\\\/10\\\/20\\\/bego-dominguez-subcampioa-de-espana-de-5k\\\/#mainImage\",\"width\":1182,\"height\":2048},\"primaryImageOfPage\":{\"@id\":\"https:\\\/\\\/clubourenseatletismo.es\\\/blog\\\/2025\\\/10\\\/20\\\/bego-dominguez-subcampioa-de-espana-de-5k\\\/#mainImage\"},\"datePublished\":\"2025-10-20T22:35:06+02:00\",\"dateModified\":\"2025-10-20T22:35:06+02:00\"},{\"@type\":\"WebSite\",\"@id\":\"https:\\\/\\\/clubourenseatletismo.es\\\/blog\\\/#website\",\"url\":\"https:\\\/\\\/clubourenseatletismo.es\\\/blog\\\/\",\"name\":\"Club Ourense Atletismo\",\"description\":\"Escuela Ourense Atletismo\",\"inLanguage\":\"es-ES\",\"publisher\":{\"@id\":\"https:\\\/\\\/clubourenseatletismo.es\\\/blog\\\/#organization\"}}]}\n\t\t<\/script>\n\t\t<!-- All in One SEO -->\n\n","aioseo_head_json":{"title":"BEGO DOM\u00cdNGUEZ SUBCAMPIOA DE ESPA\u00d1A DE 5K | Club Ourense Atletismo","description":"Bertamir\u00e1ns acolleu o Campionato de Espa\u00f1a de 5K m\u00e1ster e foi Bego\u00f1a Dom\u00ednguez a nosa maior alegr\u00eda ao acadar o segundo posto na categor\u00eda F40. Tam\u00e9n participou Saturnino Gonz\u00e1lez que conseguiu un meritorio sexto posto en categor\u00eda M60. Nunha edici\u00f3n do campionato marcada pola chuvia, Bego\u00f1a realizou unha marca de 18:19, entre a valenci\u00e1 Mar\u00eda Isabel Ferrer (17:42) e a","canonical_url":"https:\/\/clubourenseatletismo.es\/blog\/2025\/10\/20\/bego-dominguez-subcampioa-de-espana-de-5k\/","robots":"max-image-preview:large","keywords":"","webmasterTools":{"miscellaneous":""},"schema":{"@context":"https:\/\/schema.org","@graph":[{"@type":"Article","@id":"https:\/\/clubourenseatletismo.es\/blog\/2025\/10\/20\/bego-dominguez-subcampioa-de-espana-de-5k\/#article","name":"BEGO DOM\u00cdNGUEZ SUBCAMPIOA DE ESPA\u00d1A DE 5K | Club Ourense Atletismo","headline":"BEGO DOM\u00cdNGUEZ SUBCAMPIOA DE ESPA\u00d1A DE 5K","author":{"@id":"https:\/\/clubourenseatletismo.es\/blog\/author\/clubourense\/#author"},"publisher":{"@id":"https:\/\/clubourenseatletismo.es\/blog\/#organization"},"image":{"@type":"ImageObject","url":"https:\/\/clubourenseatletismo.es\/blog\/wp-content\/uploads\/2025\/10\/Begona-Dominguez-5K-Espana.jpg","width":1182,"height":2048},"datePublished":"2025-10-20T22:35:06+02:00","dateModified":"2025-10-20T22:35:06+02:00","inLanguage":"es-ES","mainEntityOfPage":{"@id":"https:\/\/clubourenseatletismo.es\/blog\/2025\/10\/20\/bego-dominguez-subcampioa-de-espana-de-5k\/#webpage"},"isPartOf":{"@id":"https:\/\/clubourenseatletismo.es\/blog\/2025\/10\/20\/bego-dominguez-subcampioa-de-espana-de-5k\/#webpage"},"articleSection":"Cpto. Nacional, Sin categor\u00eda"},{"@type":"BreadcrumbList","@id":"https:\/\/clubourenseatletismo.es\/blog\/2025\/10\/20\/bego-dominguez-subcampioa-de-espana-de-5k\/#breadcrumblist","itemListElement":[{"@type":"ListItem","@id":"https:\/\/clubourenseatletismo.es\/blog#listItem","position":1,"name":"Inicio","item":"https:\/\/clubourenseatletismo.es\/blog","nextItem":{"@type":"ListItem","@id":"https:\/\/clubourenseatletismo.es\/blog\/category\/sin-categoria\/#listItem","name":"Sin categor\u00eda"}},{"@type":"ListItem","@id":"https:\/\/clubourenseatletismo.es\/blog\/category\/sin-categoria\/#listItem","position":2,"name":"Sin categor\u00eda","item":"https:\/\/clubourenseatletismo.es\/blog\/category\/sin-categoria\/","nextItem":{"@type":"ListItem","@id":"https:\/\/clubourenseatletismo.es\/blog\/2025\/10\/20\/bego-dominguez-subcampioa-de-espana-de-5k\/#listItem","name":"BEGO DOM\u00cdNGUEZ SUBCAMPIOA DE ESPA\u00d1A DE 5K"},"previousItem":{"@type":"ListItem","@id":"https:\/\/clubourenseatletismo.es\/blog#listItem","name":"Inicio"}},{"@type":"ListItem","@id":"https:\/\/clubourenseatletismo.es\/blog\/2025\/10\/20\/bego-dominguez-subcampioa-de-espana-de-5k\/#listItem","position":3,"name":"BEGO DOM\u00cdNGUEZ SUBCAMPIOA DE ESPA\u00d1A DE 5K","previousItem":{"@type":"ListItem","@id":"https:\/\/clubourenseatletismo.es\/blog\/category\/sin-categoria\/#listItem","name":"Sin categor\u00eda"}}]},{"@type":"Organization","@id":"https:\/\/clubourenseatletismo.es\/blog\/#organization","name":"Club Ourense Atletismo","description":"Escuela Ourense Atletismo","url":"https:\/\/clubourenseatletismo.es\/blog\/","telephone":"+34637157458","logo":{"@type":"ImageObject","url":"https:\/\/clubourenseatletismo.es\/blog\/wp-content\/uploads\/2019\/09\/cropped-LOGO-1.jpeg","@id":"https:\/\/clubourenseatletismo.es\/blog\/2025\/10\/20\/bego-dominguez-subcampioa-de-espana-de-5k\/#organizationLogo","width":512,"height":512},"image":{"@id":"https:\/\/clubourenseatletismo.es\/blog\/2025\/10\/20\/bego-dominguez-subcampioa-de-espana-de-5k\/#organizationLogo"},"sameAs":["https:\/\/www.facebook.com\/profile.php?id=100063516489280","https:\/\/www.instagram.com\/clubourenseatletismo\/"]},{"@type":"Person","@id":"https:\/\/clubourenseatletismo.es\/blog\/author\/clubourense\/#author","url":"https:\/\/clubourenseatletismo.es\/blog\/author\/clubourense\/","name":"clubourense","image":{"@type":"ImageObject","@id":"https:\/\/clubourenseatletismo.es\/blog\/2025\/10\/20\/bego-dominguez-subcampioa-de-espana-de-5k\/#authorImage","url":"https:\/\/secure.gravatar.com\/avatar\/054ff0256550e5d1d577fa683a74658acb2f33f773051c5f2e6e8de910594748?s=96&d=mm&r=g","width":96,"height":96,"caption":"clubourense"}},{"@type":"WebPage","@id":"https:\/\/clubourenseatletismo.es\/blog\/2025\/10\/20\/bego-dominguez-subcampioa-de-espana-de-5k\/#webpage","url":"https:\/\/clubourenseatletismo.es\/blog\/2025\/10\/20\/bego-dominguez-subcampioa-de-espana-de-5k\/","name":"BEGO DOM\u00cdNGUEZ SUBCAMPIOA DE ESPA\u00d1A DE 5K | Club Ourense Atletismo","description":"Bertamir\u00e1ns acolleu o Campionato de Espa\u00f1a de 5K m\u00e1ster e foi Bego\u00f1a Dom\u00ednguez a nosa maior alegr\u00eda ao acadar o segundo posto na categor\u00eda F40. Tam\u00e9n participou Saturnino Gonz\u00e1lez que conseguiu un meritorio sexto posto en categor\u00eda M60. Nunha edici\u00f3n do campionato marcada pola chuvia, Bego\u00f1a realizou unha marca de 18:19, entre a valenci\u00e1 Mar\u00eda Isabel Ferrer (17:42) e a","inLanguage":"es-ES","isPartOf":{"@id":"https:\/\/clubourenseatletismo.es\/blog\/#website"},"breadcrumb":{"@id":"https:\/\/clubourenseatletismo.es\/blog\/2025\/10\/20\/bego-dominguez-subcampioa-de-espana-de-5k\/#breadcrumblist"},"author":{"@id":"https:\/\/clubourenseatletismo.es\/blog\/author\/clubourense\/#author"},"creator":{"@id":"https:\/\/clubourenseatletismo.es\/blog\/author\/clubourense\/#author"},"image":{"@type":"ImageObject","url":"https:\/\/clubourenseatletismo.es\/blog\/wp-content\/uploads\/2025\/10\/Begona-Dominguez-5K-Espana.jpg","@id":"https:\/\/clubourenseatletismo.es\/blog\/2025\/10\/20\/bego-dominguez-subcampioa-de-espana-de-5k\/#mainImage","width":1182,"height":2048},"primaryImageOfPage":{"@id":"https:\/\/clubourenseatletismo.es\/blog\/2025\/10\/20\/bego-dominguez-subcampioa-de-espana-de-5k\/#mainImage"},"datePublished":"2025-10-20T22:35:06+02:00","dateModified":"2025-10-20T22:35:06+02:00"},{"@type":"WebSite","@id":"https:\/\/clubourenseatletismo.es\/blog\/#website","url":"https:\/\/clubourenseatletismo.es\/blog\/","name":"Club Ourense Atletismo","description":"Escuela Ourense Atletismo","inLanguage":"es-ES","publisher":{"@id":"https:\/\/clubourenseatletismo.es\/blog\/#organization"}}]},"og:locale":"es_ES","og:site_name":"Club Ourense Atletismo | Escuela Ourense Atletismo","og:type":"article","og:title":"BEGO DOM\u00cdNGUEZ SUBCAMPIOA DE ESPA\u00d1A DE 5K | Club Ourense Atletismo","og:description":"Bertamir\u00e1ns acolleu o Campionato de Espa\u00f1a de 5K m\u00e1ster e foi Bego\u00f1a Dom\u00ednguez a nosa maior alegr\u00eda ao acadar o segundo posto na categor\u00eda F40. Tam\u00e9n participou Saturnino Gonz\u00e1lez que conseguiu un meritorio sexto posto en categor\u00eda M60. Nunha edici\u00f3n do campionato marcada pola chuvia, Bego\u00f1a realizou unha marca de 18:19, entre a valenci\u00e1 Mar\u00eda Isabel Ferrer (17:42) e a","og:url":"https:\/\/clubourenseatletismo.es\/blog\/2025\/10\/20\/bego-dominguez-subcampioa-de-espana-de-5k\/","article:published_time":"2025-10-20T20:35:06+00:00","article:modified_time":"2025-10-20T20:35:06+00:00","article:publisher":"https:\/\/www.facebook.com\/profile.php?id=100063516489280","twitter:card":"summary","twitter:title":"BEGO DOM\u00cdNGUEZ SUBCAMPIOA DE ESPA\u00d1A DE 5K | Club Ourense Atletismo","twitter:description":"Bertamir\u00e1ns acolleu o Campionato de Espa\u00f1a de 5K m\u00e1ster e foi Bego\u00f1a Dom\u00ednguez a nosa maior alegr\u00eda ao acadar o segundo posto na categor\u00eda F40. Tam\u00e9n participou Saturnino Gonz\u00e1lez que conseguiu un meritorio sexto posto en categor\u00eda M60. Nunha edici\u00f3n do campionato marcada pola chuvia, Bego\u00f1a realizou unha marca de 18:19, entre a valenci\u00e1 Mar\u00eda Isabel Ferrer (17:42) e a"},"aioseo_meta_data":{"post_id":"17940","title":null,"description":null,"keywords":null,"keyphrases":{"focus":{"keyphrase":"5k","score":90,"analysis":{"keyphraseInTitle":{"score":9,"maxScore":9,"error":0},"keyphraseInDescription":{"score":9,"maxScore":9,"error":0},"keyphraseLength":{"score":9,"maxScore":9,"error":0,"length":1},"keyphraseInURL":{"score":5,"maxScore":5,"error":0},"keyphraseInIntroduction":{"score":9,"maxScore":9,"error":0},"keyphraseInSubHeadings":[],"keyphraseInImageAlt":{"score":3,"maxScore":9,"error":1},"keywordDensity":{"type":"best","score":9,"maxScore":9,"error":0}}},"additional":[]},"primary_term":null,"canonical_url":null,"og_title":null,"og_description":null,"og_object_type":"default","og_image_type":"default","og_image_url":null,"og_image_width":null,"og_image_height":null,"og_image_custom_url":null,"og_image_custom_fields":null,"og_video":"","og_custom_url":null,"og_article_section":null,"og_article_tags":null,"twitter_use_og":false,"twitter_card":"default","twitter_image_type":"default","twitter_image_url":null,"twitter_image_custom_url":null,"twitter_image_custom_fields":null,"twitter_title":null,"twitter_description":null,"schema":{"blockGraphs":[],"customGraphs":[],"default":{"data":{"Article":[],"Course":[],"Dataset":[],"FAQPage":[],"Movie":[],"Person":[],"Product":[],"ProductReview":[],"Car":[],"Recipe":[],"Service":[],"SoftwareApplication":[],"WebPage":[]},"graphName":"Article","isEnabled":true},"graphs":[]},"schema_type":"default","schema_type_options":null,"pillar_content":false,"robots_default":true,"robots_noindex":false,"robots_noarchive":false,"robots_nosnippet":false,"robots_nofollow":false,"robots_noimageindex":false,"robots_noodp":false,"robots_notranslate":false,"robots_max_snippet":"-1","robots_max_videopreview":"-1","robots_max_imagepreview":"large","priority":null,"frequency":"default","location":null,"local_seo":null,"breadcrumb_settings":null,"limit_modified_date":false,"ai":{"faqs":[],"keyPoints":[],"titles":[],"descriptions":[],"socialPosts":{"email":[],"linkedin":[],"twitter":[],"facebook":[],"instagram":[]}},"created":"2025-10-20 16:55:05","updated":"2025-10-20 20:35:06","seo_analyzer_scan_date":null,"focus_keyword":"5k","additional_keywords":null,"truseo_locale":null},"aioseo_breadcrumb":"<div class=\"aioseo-breadcrumbs\"><span class=\"aioseo-breadcrumb\">\n\t\t\t<a href=\"https:\/\/clubourenseatletismo.es\/blog\" title=\"Inicio\">Inicio<\/a>\n\t\t<\/span><span class=\"aioseo-breadcrumb-separator\">&raquo;<\/span><span class=\"aioseo-breadcrumb\">\n\t\t\t<a href=\"https:\/\/clubourenseatletismo.es\/blog\/category\/sin-categoria\/\" title=\"Sin categor\u00eda\">Sin categor\u00eda<\/a>\n\t\t<\/span><span class=\"aioseo-breadcrumb-separator\">&raquo;<\/span><span class=\"aioseo-breadcrumb\">\n\t\t\tBEGO DOM\u00cdNGUEZ SUBCAMPIOA DE ESPA\u00d1A DE 5K\n\t\t<\/span><\/div>","aioseo_breadcrumb_json":[{"label":"Inicio","link":"https:\/\/clubourenseatletismo.es\/blog"},{"label":"Sin categor\u00eda","link":"https:\/\/clubourenseatletismo.es\/blog\/category\/sin-categoria\/"},{"label":"BEGO DOM\u00cdNGUEZ SUBCAMPIOA DE ESPA\u00d1A DE 5K","link":"https:\/\/clubourenseatletismo.es\/blog\/2025\/10\/20\/bego-dominguez-subcampioa-de-espana-de-5k\/"}],"_links":{"self":[{"href":"https:\/\/clubourenseatletismo.es\/blog\/wp-json\/wp\/v2\/posts\/17940","targetHints":{"allow":["GET"]}}],"collection":[{"href":"https:\/\/clubourenseatletismo.es\/blog\/wp-json\/wp\/v2\/posts"}],"about":[{"href":"https:\/\/clubourenseatletismo.es\/blog\/wp-json\/wp\/v2\/types\/post"}],"author":[{"embeddable":true,"href":"https:\/\/clubourenseatletismo.es\/blog\/wp-json\/wp\/v2\/users\/1"}],"replies":[{"embeddable":true,"href":"https:\/\/clubourenseatletismo.es\/blog\/wp-json\/wp\/v2\/comments?post=17940"}],"version-history":[{"count":2,"href":"https:\/\/clubourenseatletismo.es\/blog\/wp-json\/wp\/v2\/posts\/17940\/revisions"}],"predecessor-version":[{"id":17944,"href":"https:\/\/clubourenseatletismo.es\/blog\/wp-json\/wp\/v2\/posts\/17940\/revisions\/17944"}],"wp:featuredmedia":[{"embeddable":true,"href":"https:\/\/clubourenseatletismo.es\/blog\/wp-json\/wp\/v2\/media\/17945"}],"wp:attachment":[{"href":"https:\/\/clubourenseatletismo.es\/blog\/wp-json\/wp\/v2\/media?parent=17940"}],"wp:term":[{"taxonomy":"category","embeddable":true,"href":"https:\/\/clubourenseatletismo.es\/blog\/wp-json\/wp\/v2\/categories?post=17940"},{"taxonomy":"post_tag","embeddable":true,"href":"https:\/\/clubourenseatletismo.es\/blog\/wp-json\/wp\/v2\/tags?post=17940"}],"curies":[{"name":"wp","href":"https:\/\/api.w.org\/{rel}","templated":true}]}}