{"id":17664,"date":"2025-03-03T13:39:19","date_gmt":"2025-03-03T12:39:19","guid":{"rendered":"https:\/\/clubourenseatletismo.es\/blog\/?p=17664"},"modified":"2025-03-03T13:39:19","modified_gmt":"2025-03-03T12:39:19","slug":"hugo-casanas-record-campionato-espana-lanzamentos-longos","status":"publish","type":"post","link":"https:\/\/clubourenseatletismo.es\/blog\/2025\/03\/03\/hugo-casanas-record-campionato-espana-lanzamentos-longos\/","title":{"rendered":"HUGO CASA\u00d1AS R\u00c9CORD DO CAMPIONATO DE ESPA\u00d1A DE LANZAMENTOS LONGOS"},"content":{"rendered":"<p><strong>Hugo Casa\u00f1as<\/strong> e <strong>Yiset Magali<\/strong> lograron dous ouros no\u00a0<strong>Campionato de Espa\u00f1a de Lanzamentos longos de inverno<\/strong>.<\/p>\n<p><strong>Hugo Casa\u00f1as<\/strong> realizou adem\u00e1is o <strong>r\u00e9cord do campionato\u00a0<\/strong>no lanzamento de disco sub18 cun mellor lanzamento de 64.51, sacando case dez metros aos 55.45 do segundo clasificado.<\/p>\n<p><strong>Hugo Novoa\u00a0<\/strong>foi finalista na mesma proba ao levar o artefacto ata os 43.76, facendo a s\u00faa marca persoal.<\/p>\n<p><strong>Mario Casal<\/strong> no lanzamento de martelo sub16 fixo unha marca de 35.56, o que lle valeu para conseguir a 12\u00aa praza.<\/p>\n<p>No martelo sub18, <strong>Javier Cid<\/strong> lanzou o artefacto ao 49.52, quedando en novena posici\u00f3n, moi preto do pase \u00e1 mellora, que se logrou con 50.78.<\/p>\n<p><strong>Hugo Fern\u00e1ndez<\/strong> no lanzamento de martelo sub23 qeudou tam\u00e9n en novena posici\u00f3n despois de facer un s\u00f3 intento v\u00e1lido de 43.34. Falt\u00e1ronlle 20 cent\u00edmetros para poder pasar \u00e1 mellora.<\/p>\n<p><strong>Aitana Cape\u00e1ns\u00a0<\/strong>non tivo o seu d\u00eda e realizou tres intentos nulos no lanzamento de disco sub18.<\/p>\n<p>Na xavelina absoluta, <strong>Yiset Magali<\/strong> venceu cun mellor lanzamento de\u00a058.71. Ao non ter todav\u00eda a nacionalidade non ti\u00f1a opci\u00f3n de participar na mellora nin obter medalla.<\/p>\n<p>Podes consultar os resultados ao completo na seguinte ligaz\u00f3n:<\/p>\n<p><a href=\"https:\/\/www.rfeacontent.es\/resultados\/2025\/airelibre\/al_CtoESP_LL_invierno_castellon.pdf\" target=\"_blank\" rel=\"noopener\">Campeonato de Espa\u00f1a de Lanzamientos Largos de Invierno<\/a><\/p>\n<p><a href=\"http:\/\/clubourenseatletismo.es\/blog\/wp-content\/uploads\/2025\/03\/Hugo-Novoa.jpg\"><img loading=\"lazy\" decoding=\"async\" class=\"size-large wp-image-17665 aligncenter\" src=\"http:\/\/clubourenseatletismo.es\/blog\/wp-content\/uploads\/2025\/03\/Hugo-Novoa-1024x989.jpg\" alt=\"\" width=\"1024\" height=\"989\" srcset=\"https:\/\/clubourenseatletismo.es\/blog\/wp-content\/uploads\/2025\/03\/Hugo-Novoa-1024x989.jpg 1024w, https:\/\/clubourenseatletismo.es\/blog\/wp-content\/uploads\/2025\/03\/Hugo-Novoa-300x290.jpg 300w, https:\/\/clubourenseatletismo.es\/blog\/wp-content\/uploads\/2025\/03\/Hugo-Novoa-768x741.jpg 768w, https:\/\/clubourenseatletismo.es\/blog\/wp-content\/uploads\/2025\/03\/Hugo-Novoa-700x676.jpg 700w, https:\/\/clubourenseatletismo.es\/blog\/wp-content\/uploads\/2025\/03\/Hugo-Novoa.jpg 1535w\" sizes=\"auto, (max-width: 1024px) 100vw, 1024px\" \/><\/a><\/p>\n","protected":false},"excerpt":{"rendered":"<p>Hugo Casa\u00f1as e Yiset Magali lograron dous ouros no\u00a0Campionato de Espa\u00f1a de Lanzamentos longos de inverno. Hugo Casa\u00f1as realizou adem\u00e1is o r\u00e9cord do campionato\u00a0no lanzamento de disco sub18 cun mellor lanzamento de 64.51, sacando case dez metros aos 55.45 do segundo clasificado. Hugo Novoa\u00a0foi finalista&#8230;<\/p>\n","protected":false},"author":1,"featured_media":17666,"comment_status":"closed","ping_status":"closed","sticky":false,"template":"","format":"standard","meta":{"footnotes":""},"categories":[11],"tags":[],"class_list":["post-17664","post","type-post","status-publish","format-standard","has-post-thumbnail","hentry","category-cpto-nacional"],"aioseo_notices":[],"_links":{"self":[{"href":"https:\/\/clubourenseatletismo.es\/blog\/wp-json\/wp\/v2\/posts\/17664","targetHints":{"allow":["GET"]}}],"collection":[{"href":"https:\/\/clubourenseatletismo.es\/blog\/wp-json\/wp\/v2\/posts"}],"about":[{"href":"https:\/\/clubourenseatletismo.es\/blog\/wp-json\/wp\/v2\/types\/post"}],"author":[{"embeddable":true,"href":"https:\/\/clubourenseatletismo.es\/blog\/wp-json\/wp\/v2\/users\/1"}],"replies":[{"embeddable":true,"href":"https:\/\/clubourenseatletismo.es\/blog\/wp-json\/wp\/v2\/comments?post=17664"}],"version-history":[{"count":1,"href":"https:\/\/clubourenseatletismo.es\/blog\/wp-json\/wp\/v2\/posts\/17664\/revisions"}],"predecessor-version":[{"id":17667,"href":"https:\/\/clubourenseatletismo.es\/blog\/wp-json\/wp\/v2\/posts\/17664\/revisions\/17667"}],"wp:featuredmedia":[{"embeddable":true,"href":"https:\/\/clubourenseatletismo.es\/blog\/wp-json\/wp\/v2\/media\/17666"}],"wp:attachment":[{"href":"https:\/\/clubourenseatletismo.es\/blog\/wp-json\/wp\/v2\/media?parent=17664"}],"wp:term":[{"taxonomy":"category","embeddable":true,"href":"https:\/\/clubourenseatletismo.es\/blog\/wp-json\/wp\/v2\/categories?post=17664"},{"taxonomy":"post_tag","embeddable":true,"href":"https:\/\/clubourenseatletismo.es\/blog\/wp-json\/wp\/v2\/tags?post=17664"}],"curies":[{"name":"wp","href":"https:\/\/api.w.org\/{rel}","templated":true}]}}