{"id":17613,"date":"2025-02-02T18:22:58","date_gmt":"2025-02-02T17:22:58","guid":{"rendered":"https:\/\/clubourenseatletismo.es\/blog\/?p=17613"},"modified":"2025-02-02T18:22:58","modified_gmt":"2025-02-02T17:22:58","slug":"dia-de-medallas-para-os-master","status":"publish","type":"post","link":"https:\/\/clubourenseatletismo.es\/blog\/2025\/02\/02\/dia-de-medallas-para-os-master\/","title":{"rendered":"D\u00cdA DE MEDALLAS PARA OS M\u00c1STER"},"content":{"rendered":"<p>O primeiro d\u00eda de febreiro foi o <strong>Campionato Galego M\u00e1ster de Pista Curta<\/strong>, onde os atletas do <strong>Club Ourense Atletismo<\/strong> fix\u00e9ronse notar cun elevado n\u00famero de medallas.<\/p>\n<p>No que se refire aos homes,\u00a0 <strong>Sergio Herrer\u00eda <\/strong>logrou a medalla de bronce nos 60 metros M45 tras parar o crono en 8.49 s. e a prata en triplo con 11.45 m. Tam\u00e9n lograr\u00eda a prata en lonxitude cun mellor salto de 4.99 m. Nesa mesma proba, <strong>Antonio Touza<\/strong> conseguiu o bronce cun mellor intento de 4.48 m. <strong>Saturnino Gonzalez<\/strong> venceu nos 3.000 metros M60 con 10:08.71. A mala sorte caeulle a <strong>Ezequiel Ucha<\/strong>, quen rematar\u00eda cuarto nas s\u00faas d\u00faas participaci\u00f3ns en 200 (28.74) e 60 (8.74) M35.<\/p>\n<p>No respectivo \u00e1s mulleres, <strong>Soledad Pousa<\/strong> foi bronce nos 800 F50 cun rexistro de 3:17.39. Nos 3.000 F45 <strong>Ana Isabel Soutullo<\/strong> venceu con 11:35.83. <strong>Mar\u00eda Grande<\/strong> conseguiu o ouro en 3.000 marcha F50 parando o crono en 17:55.68 e, sen sa\u00edr da marcha, <strong>Dolores Delgado<\/strong> foi prata nos 3.000 F45 con 19:29.82.<\/p>\n<p>Podes consultar os resultados ao completo na seguinte ligaz\u00f3n:<\/p>\n<p><a href=\"https:\/\/atletismo.gal\/wp-content\/uploads\/2024\/11\/2025-02-01-our-master-pc-resultados-2.pdf\" target=\"_blank\" rel=\"noopener\">XX CTO. XUNTA DE GALICIA MASTER PISTA CURTA<\/a><\/p>\n<p><a href=\"http:\/\/clubourenseatletismo.es\/blog\/wp-content\/uploads\/2025\/02\/Maria-Grande-podio.jpg\"><img loading=\"lazy\" decoding=\"async\" class=\"alignnone size-large wp-image-17614\" src=\"http:\/\/clubourenseatletismo.es\/blog\/wp-content\/uploads\/2025\/02\/Maria-Grande-podio-1024x461.jpg\" alt=\"\" width=\"1024\" height=\"461\" srcset=\"https:\/\/clubourenseatletismo.es\/blog\/wp-content\/uploads\/2025\/02\/Maria-Grande-podio-1024x461.jpg 1024w, https:\/\/clubourenseatletismo.es\/blog\/wp-content\/uploads\/2025\/02\/Maria-Grande-podio-300x135.jpg 300w, https:\/\/clubourenseatletismo.es\/blog\/wp-content\/uploads\/2025\/02\/Maria-Grande-podio-768x346.jpg 768w, https:\/\/clubourenseatletismo.es\/blog\/wp-content\/uploads\/2025\/02\/Maria-Grande-podio-700x315.jpg 700w, https:\/\/clubourenseatletismo.es\/blog\/wp-content\/uploads\/2025\/02\/Maria-Grande-podio.jpg 1440w\" sizes=\"auto, (max-width: 1024px) 100vw, 1024px\" \/><\/a><\/p>\n","protected":false},"excerpt":{"rendered":"<p>O primeiro d\u00eda de febreiro foi o Campionato Galego M\u00e1ster de Pista Curta, onde os atletas do Club Ourense Atletismo fix\u00e9ronse notar cun elevado n\u00famero de medallas. No que se refire aos homes,\u00a0 Sergio Herrer\u00eda logrou a medalla de bronce nos 60 metros M45 tras&#8230;<\/p>\n","protected":false},"author":1,"featured_media":17615,"comment_status":"closed","ping_status":"closed","sticky":false,"template":"","format":"standard","meta":{"footnotes":""},"categories":[32],"tags":[],"class_list":["post-17613","post","type-post","status-publish","format-standard","has-post-thumbnail","hentry","category-competiciones"],"aioseo_notices":[],"_links":{"self":[{"href":"https:\/\/clubourenseatletismo.es\/blog\/wp-json\/wp\/v2\/posts\/17613","targetHints":{"allow":["GET"]}}],"collection":[{"href":"https:\/\/clubourenseatletismo.es\/blog\/wp-json\/wp\/v2\/posts"}],"about":[{"href":"https:\/\/clubourenseatletismo.es\/blog\/wp-json\/wp\/v2\/types\/post"}],"author":[{"embeddable":true,"href":"https:\/\/clubourenseatletismo.es\/blog\/wp-json\/wp\/v2\/users\/1"}],"replies":[{"embeddable":true,"href":"https:\/\/clubourenseatletismo.es\/blog\/wp-json\/wp\/v2\/comments?post=17613"}],"version-history":[{"count":1,"href":"https:\/\/clubourenseatletismo.es\/blog\/wp-json\/wp\/v2\/posts\/17613\/revisions"}],"predecessor-version":[{"id":17616,"href":"https:\/\/clubourenseatletismo.es\/blog\/wp-json\/wp\/v2\/posts\/17613\/revisions\/17616"}],"wp:featuredmedia":[{"embeddable":true,"href":"https:\/\/clubourenseatletismo.es\/blog\/wp-json\/wp\/v2\/media\/17615"}],"wp:attachment":[{"href":"https:\/\/clubourenseatletismo.es\/blog\/wp-json\/wp\/v2\/media?parent=17613"}],"wp:term":[{"taxonomy":"category","embeddable":true,"href":"https:\/\/clubourenseatletismo.es\/blog\/wp-json\/wp\/v2\/categories?post=17613"},{"taxonomy":"post_tag","embeddable":true,"href":"https:\/\/clubourenseatletismo.es\/blog\/wp-json\/wp\/v2\/tags?post=17613"}],"curies":[{"name":"wp","href":"https:\/\/api.w.org\/{rel}","templated":true}]}}